{"id":372220,"date":"2025-09-07T04:48:11","date_gmt":"2025-09-07T04:48:11","guid":{"rendered":"https:\/\/www.europesays.com\/fr\/372220\/"},"modified":"2025-09-07T04:48:11","modified_gmt":"2025-09-07T04:48:11","slug":"video-viens-sentir-la-chaleur-sous-lazur-ce-libanais-installe-sur-la-cote-dazur-chante-son-amour-pour-nice","status":"publish","type":"post","link":"https:\/\/www.europesays.com\/fr\/372220\/","title":{"rendered":"VID\u00c9O. \u00ab\u00a0Viens sentir la chaleur sous l&rsquo;azur\u00a0\u00bb, ce Libanais install\u00e9 sur la C\u00f4te d&rsquo;Azur chante son amour pour Nice"},"content":{"rendered":"<p class=\"article__intro\">On connaissait l&rsquo;\u0153uvre \u00ab\u00a0I Love Nice\u00a0\u00bb, lieu incontournable au bout de la promenade des Anglais, voici la chanson du m\u00eame nom\u202f! Elle est sign\u00e9e d&rsquo;un artiste libanais install\u00e9 sur la C\u00f4te d&rsquo;Azur.<\/p>\n<p>\n      L\u2019actu des r\u00e9gions\n    <\/p>\n<p>\n      Chaque jour, un tour d\u2019horizon des principales infos de toutes les r\u00e9gions.\n    <\/p>\n<p>    France T\u00e9l\u00e9visions utilise votre adresse e-mail afin de vous envoyer la newsletter \u00ab\u00a0L\u2019actu des r\u00e9gions\u00a0\u00bb. Vous pouvez vous d\u00e9sinscrire \u00e0 tout moment via le lien en bas de cette newsletter. <a target=\"_blank\" href=\"https:\/\/www.francetelevisions.fr\/groupe\/confidentialite\/politique-de-confidentialite\/politique-de-confidentialite-de-france-televisions-6503\" rel=\"nofollow noopener\">Notre politique de confidentialit\u00e9<\/a><\/p>\n<p>\u00ab\u00a0I love Nice&#8230; Viens sentir la chaleur sous l&rsquo;azur. Oublie toutes tes peurs. Viens marcher sur la promenade&#8230;\u00a0\u00bb<\/p>\n<p>Un refrain ent\u00eatant, un hymne \u00e0 la ville de Nice que l&rsquo;on doit \u00e0 un Libanais d&rsquo;origine, Ni\u00e7ois de c\u0153ur depuis peu.<br \/>EDwin est install\u00e9 sur la C\u00f4te d\u2019Azur depuis 3 ans.<\/p>\n<p>\u00ab\u00a0J&rsquo;ai fait une carri\u00e8re dans mon pays natal o\u00f9 j&rsquo;ai sorti trois albums et l\u00e0 c&rsquo;est mon retour plut\u00f4t dans la sc\u00e8ne internationale avec un premier single \u00ab\u00a0I love Nice\u00a0\u00bb raconte le chanteur.<\/p>\n<p>La m\u00e9t\u00e9o, les paysages, c&rsquo;est simple. Chez Edwin, tout est parfait. M\u00eame les Ni\u00e7ois sont sympas. Avouons-le, c&rsquo;est assez rare pour \u00eatre soulign\u00e9 !<\/p>\n<blockquote class=\"ftvi_content_quote\">\n<p class=\"ftvi_citation_quote\">Tout ce que j&rsquo;ai dit dans la chanson est tr\u00e8s vrai et c&rsquo;est ce que j&rsquo;ai ressenti. Les gens ressemblent \u00e0 leur terre, o\u00f9 l\u00e0 o\u00f9 ils existent et quand on a du soleil, il y a de la chaleur et les gens sont chaleureux. \u00c7a change de Paris&#8230; Pardon !<\/p>\n<\/blockquote>\n<p>Trois albums au Liban et une certaine notori\u00e9t\u00e9. Mais apr\u00e8s l&rsquo;<a href=\"https:\/\/www.franceinfo.fr\/monde\/proche-orient\/liban\/liban-beyrouth-cinq-ans-apres-l-explosion-du-port_7418893.html\" target=\"_blank\" rel=\"noopener nofollow\">explosion du port de Beyrouth<\/a> en 2020, tout change.<br \/>EDwin : \u00ab\u00a0c&rsquo;\u00e9tait un drame surtout au niveau de la famille parce qu&rsquo;on avait notre entreprise situ\u00e9e juste \u00e0 c\u00f4t\u00e9 du port et on a perdu TOUT. Je me suis dit, ce n&rsquo;est pas possible que je reste dans un cadre o\u00f9 je serai dans une instabilit\u00e9 et que je perde en un instant tout ce que je vais construire toute la vie.\u00a0\u00bb<\/p>\n<p>Le reste de l&rsquo;album est d\u00e9j\u00e0 pr\u00eat et n&rsquo;attend plus qu&rsquo;un pour le produire.<\/p>\n<p>En attendant, EDwin continue sur sa lanc\u00e9e. Le prochain single, la Dolce Vita sortira d&rsquo;ici de semaines.<\/p>\n","protected":false},"excerpt":{"rendered":"On connaissait l&rsquo;\u0153uvre \u00ab\u00a0I Love Nice\u00a0\u00bb, lieu incontournable au bout de la promenade des Anglais, voici la chanson&hellip;\n","protected":false},"author":2,"featured_media":372221,"comment_status":"","ping_status":"","sticky":false,"template":"","format":"standard","meta":{"footnotes":""},"categories":[2819],"tags":[1111,11,1777,674,1011,27,12,2401,882,25],"class_list":{"0":"post-372220","1":"post","2":"type-post","3":"status-publish","4":"format-standard","5":"has-post-thumbnail","7":"category-nice","8":"tag-actu","9":"tag-actualites","10":"tag-eu","11":"tag-europe","12":"tag-fr","13":"tag-france","14":"tag-news","15":"tag-nice","16":"tag-provence-alpes-cote-dazur","17":"tag-republique-francaise"},"share_on_mastodon":{"url":"https:\/\/pubeurope.com\/@fr\/115161209525339759","error":""},"_links":{"self":[{"href":"https:\/\/www.europesays.com\/fr\/wp-json\/wp\/v2\/posts\/372220","targetHints":{"allow":["GET"]}}],"collection":[{"href":"https:\/\/www.europesays.com\/fr\/wp-json\/wp\/v2\/posts"}],"about":[{"href":"https:\/\/www.europesays.com\/fr\/wp-json\/wp\/v2\/types\/post"}],"author":[{"embeddable":true,"href":"https:\/\/www.europesays.com\/fr\/wp-json\/wp\/v2\/users\/2"}],"replies":[{"embeddable":true,"href":"https:\/\/www.europesays.com\/fr\/wp-json\/wp\/v2\/comments?post=372220"}],"version-history":[{"count":0,"href":"https:\/\/www.europesays.com\/fr\/wp-json\/wp\/v2\/posts\/372220\/revisions"}],"wp:featuredmedia":[{"embeddable":true,"href":"https:\/\/www.europesays.com\/fr\/wp-json\/wp\/v2\/media\/372221"}],"wp:attachment":[{"href":"https:\/\/www.europesays.com\/fr\/wp-json\/wp\/v2\/media?parent=372220"}],"wp:term":[{"taxonomy":"category","embeddable":true,"href":"https:\/\/www.europesays.com\/fr\/wp-json\/wp\/v2\/categories?post=372220"},{"taxonomy":"post_tag","embeddable":true,"href":"https:\/\/www.europesays.com\/fr\/wp-json\/wp\/v2\/tags?post=372220"}],"curies":[{"name":"wp","href":"https:\/\/api.w.org\/{rel}","templated":true}]}}