{"id":372222,"date":"2025-09-07T04:49:21","date_gmt":"2025-09-07T04:49:21","guid":{"rendered":"https:\/\/www.europesays.com\/fr\/372222\/"},"modified":"2025-09-07T04:49:21","modified_gmt":"2025-09-07T04:49:21","slug":"cinq-ans-apres-lincendie-la-reouverture-de-la-cathedrale-en-exposition-a-nantes","status":"publish","type":"post","link":"https:\/\/www.europesays.com\/fr\/372222\/","title":{"rendered":"Cinq ans apr\u00e8s l\u2019incendie, la r\u00e9ouverture de la cath\u00e9drale en exposition \u00e0 Nantes"},"content":{"rendered":"<p>Le 18\u00a0juillet 2020, 104\u00a0sapeurs\u00a0pompiers sauvent la cath\u00e9drale de Nantes. Cinq ans apr\u00e8s, elle rouvre au public. Olivier Ch\u00e2teau, adjoint au maire, se r\u00e9jouit \u00a0de b\u00e9n\u00e9ficier \u00e0 nouveau de ce patrimoine remarquable\u00a0, m\u00eame si \u00a0\u00e7a ne marque pas la fin des travaux\u00a0.<\/p>\n<p>Le drame a encore permis d\u2019am\u00e9liorer le syst\u00e8me d\u2019intervention<\/p>\n<p>En pr\u00e9sence de diff\u00e9rents repr\u00e9sentants du D\u00e9partement, de la pr\u00e9fecture et de l\u2019\u00e9v\u00eaque Mgr Laurent Percerou, qui souligne\u00a0sa grande joie\u00a0, l\u2019ouverture de cette exposition veut d\u00e9montrer l\u2019importance de la collaboration entre les services.<\/p>\n<p>Le vernissage est une d\u00e9ambulation puisque les photos sont plac\u00e9es dans quatre lieux. Devant la pr\u00e9fecture, les clich\u00e9s du chantier, principalement de David Gallard, rendent compte de la multiplicit\u00e9 des services impliqu\u00e9s\u00a0: secours, police scientifique, artisans, arch\u00e9ologues, mus\u00e9es. Ces derniers ont fourni des repr\u00e9sentations du monument \u00e0 travers les si\u00e8cles qui sont reproduites en grand format pr\u00e8s de l\u2019h\u00f4tel de ville, rue de la commune, de Turner \u00e0 Docteur Paper, toutes les \u00e9poques sont convoqu\u00e9es. Dans l\u2019\u00e9glise Sainte-Croix, on s\u2019attarde sur les objets d\u2019art sacr\u00e9 gr\u00e2ce aux images de Virginie Albisser.<\/p>\n<p>A LIRE AUSSI : <a href=\"https:\/\/nantes.maville.com\/actu\/actudet_-en-images.-la-cathedrale-de-nantes-a-la-moitie-du-chemin-vers-sa-restauration-_8-6807661_actu.Htm\" rel=\"nofollow noopener\" target=\"_blank\">EN IMAGES. La cath\u00e9drale de Nantes \u00ab \u00e0 la moiti\u00e9 du chemin \u00bb vers sa restauration<\/a><\/p>\n<p><strong>L\u2019incendie pourvoyeur de le\u00e7ons<\/strong><\/p>\n<p>Enfin, le parcours s\u2019ach\u00e8ve devant la cath\u00e9drale, les visiteurs peuvent y d\u00e9couvrir une s\u00e9rie de panneaux qui retrace le travail des pompiers \u00e0 partir de quarante\u00a0appels qui donnent l\u2019alerte un matin de juillet. On d\u00e9couvre aussi les m\u00e9tiers sp\u00e9cifiques utilis\u00e9s lors de l\u2019intervention comme le \u00ab\u00a0croqueur de feu\u00a0\u00bb, un pompier dessinateur charg\u00e9 des repr\u00e9sentations de l\u2019intervention pour faciliter la strat\u00e9gie.<\/p>\n<p>Le drame, limit\u00e9 par les le\u00e7ons tir\u00e9es de l\u2019incendie de 1972, a encore permis d\u2019am\u00e9liorer le syst\u00e8me d\u2019intervention en cas de nouvelle catastrophe. Ainsi les clefs et les verrous ont \u00e9t\u00e9 rationalis\u00e9s car cela a ralenti \u00e9norm\u00e9ment les pompiers en 2020.<\/p>\n<p>L\u2019exposition est visible jusqu\u2019\u00e0 fin novembre et s\u2019int\u00e8gre dans une s\u00e9rie d\u2019\u00e9v\u00e9nements qui entoure la r\u00e9ouverture officielle, le 27\u00a0septembre 2025.<\/p>\n<p>\u00a0<\/p>\n","protected":false},"excerpt":{"rendered":"Le 18\u00a0juillet 2020, 104\u00a0sapeurs\u00a0pompiers sauvent la cath\u00e9drale de Nantes. Cinq ans apr\u00e8s, elle rouvre au public. Olivier Ch\u00e2teau,&hellip;\n","protected":false},"author":2,"featured_media":372223,"comment_status":"","ping_status":"","sticky":false,"template":"","format":"standard","meta":{"footnotes":""},"categories":[2818],"tags":[1111,11,1764,13601,1777,674,3293,1011,27,1310,766,12,2636,13979,25],"class_list":{"0":"post-372222","1":"post","2":"type-post","3":"status-publish","4":"format-standard","5":"has-post-thumbnail","7":"category-nantes","8":"tag-actu","9":"tag-actualites","10":"tag-ans","11":"tag-cathedrale","12":"tag-eu","13":"tag-europe","14":"tag-exposition","15":"tag-fr","16":"tag-france","17":"tag-incendie","18":"tag-nantes","19":"tag-news","20":"tag-pays-de-la-loire","21":"tag-reouverture","22":"tag-republique-francaise"},"share_on_mastodon":{"url":"https:\/\/pubeurope.com\/@fr\/115161213479740365","error":""},"_links":{"self":[{"href":"https:\/\/www.europesays.com\/fr\/wp-json\/wp\/v2\/posts\/372222","targetHints":{"allow":["GET"]}}],"collection":[{"href":"https:\/\/www.europesays.com\/fr\/wp-json\/wp\/v2\/posts"}],"about":[{"href":"https:\/\/www.europesays.com\/fr\/wp-json\/wp\/v2\/types\/post"}],"author":[{"embeddable":true,"href":"https:\/\/www.europesays.com\/fr\/wp-json\/wp\/v2\/users\/2"}],"replies":[{"embeddable":true,"href":"https:\/\/www.europesays.com\/fr\/wp-json\/wp\/v2\/comments?post=372222"}],"version-history":[{"count":0,"href":"https:\/\/www.europesays.com\/fr\/wp-json\/wp\/v2\/posts\/372222\/revisions"}],"wp:featuredmedia":[{"embeddable":true,"href":"https:\/\/www.europesays.com\/fr\/wp-json\/wp\/v2\/media\/372223"}],"wp:attachment":[{"href":"https:\/\/www.europesays.com\/fr\/wp-json\/wp\/v2\/media?parent=372222"}],"wp:term":[{"taxonomy":"category","embeddable":true,"href":"https:\/\/www.europesays.com\/fr\/wp-json\/wp\/v2\/categories?post=372222"},{"taxonomy":"post_tag","embeddable":true,"href":"https:\/\/www.europesays.com\/fr\/wp-json\/wp\/v2\/tags?post=372222"}],"curies":[{"name":"wp","href":"https:\/\/api.w.org\/{rel}","templated":true}]}}