{"id":372224,"date":"2025-09-07T04:50:52","date_gmt":"2025-09-07T04:50:52","guid":{"rendered":"https:\/\/www.europesays.com\/fr\/372224\/"},"modified":"2025-09-07T04:50:52","modified_gmt":"2025-09-07T04:50:52","slug":"municipales-a-nantes-la-deputee-lfi-segolene-amiot-sincruste-dans-la-campagne","status":"publish","type":"post","link":"https:\/\/www.europesays.com\/fr\/372224\/","title":{"rendered":"Municipales \u00e0 Nantes. La d\u00e9put\u00e9e LFI S\u00e9gol\u00e8ne Amiot s\u2019incruste dans la campagne"},"content":{"rendered":"<p>Pour l\u2019instant, \u00e0 La France insoumise, le d\u00e9marrage de la campagne de l\u2019\u00e9lection municipale \u00e0 Nantes ressemble \u00e0 un saut en chute libre\u00a0: la descente file \u00e0 une vitesse vertigineuse sans que l\u2019on sache si un parachute s\u2019ouvrira un jour. En cause, <a href=\"https:\/\/nantes.maville.com\/actu\/actudet_-la-cheffe-de-file-nantaise-des-insoumis-a-ete-suspendue-_52716-6921808_actu.Htm\" target=\"_self\" rel=\"nofollow noopener\">la suspension, le 1er\u00a0ao\u00fbt dernier, de Marina Ferreruela<\/a>, puis <a href=\"https:\/\/nantes.maville.com\/actu\/actudet_-municipales-2026-a-nantes.-william-aucant-debarque-les-insoumis-se-retrouvent-sans-tete-de-liste-_8-6960893_actu.Htm\" target=\"_self\" rel=\"nofollow noopener\">l\u2019\u00e9viction, d\u00e9but septembre, de William Aucant<\/a>.<\/p>\n<p>S\u00e9gol\u00e8ne Amiot en recours\u00a0?<\/p>\n<p>Parmi les \u00e9ventuels recours, circule un nom\u00a0: celui de S\u00e9gol\u00e8ne Amiot. Cette Cou\u00ebronnaise, r\u00e9\u00e9lue en juillet dernier d\u00e9put\u00e9e LFI-NFP de la troisi\u00e8me circonscription de Loire-Atlantique (Nantes\u00a0&#8211; Saint-Herblain) ne d\u00e9ment pas cette hypoth\u00e8se. M\u00eame si elle doit passer par un certain nombre d\u2019\u00e9tapes obligatoires.<\/p>\n<p>\u00c0 l\u2019origine du grand m\u00e9nage<\/p>\n<p>En r\u00e9alit\u00e9, la d\u00e9put\u00e9e semble \u00eatre en partie, avec son coll\u00e8gue d\u00e9put\u00e9 de la premi\u00e8re circonscription, \u00e0 l\u2019origine du grand m\u00e9nage en cours. <strong>\u00ab\u00a0Avec Andy Kerbrat, j\u2019ai fait appel, avec l\u2019accord de William Aucant, \u00e0 l\u2019instance interne, le comit\u00e9 \u00e9lectoral, pour nous aider \u00e0 nous remettre sur les rails apr\u00e8s la suspension de Marina Ferreruela et les remous internes. Pour \u00eatre certaines et certains que, quels que soient nos candidats, ils soient l\u00e9gitimes et soutenus par nos militants.\u00a0\u00bb<\/strong><\/p>\n<p>Une forme de reprise en main<\/p>\n<p>Les deux d\u00e9put\u00e9s insoumis nantais ont senti qu\u2019ils devaient remettre la mairie au centre du village. Une reprise en main de la campagne\u00a0? Pr\u00e9cis\u00e9ment. <strong>\u00ab\u00a0Le temps que le processus se mette en place, je serai une interlocutrice des forces politiques locales avec Andy Kerbrat\u00a0\u00bb, <\/strong>annonce S\u00e9gol\u00e8ne Amiot.<\/p>\n<p>\u00ab\u00a0\u00c7a ne veut pas dire que je ne serai pas candidate\u00a0\u00bb<\/p>\n<p>M\u00eame si elle insiste, \u00e0 la veille d\u2019une s\u00e9quence sociale et politique agit\u00e9e, pour placer les municipales au second plan de ses pr\u00e9occupations, la d\u00e9put\u00e9e ne se cache pas. <strong>\u00ab\u00a0\u00c7a ne veut pas dire que je ne serai pas candidate \u00e0 Nantes\u00a0\u00bb, <\/strong>confie celle qui se dit <strong>\u00ab\u00a0pein\u00e9e parce qu\u2019[elle voit] des gens qui souffrent\u00a0\u00bb, <\/strong>sans pour autant s\u2019appesantir.<strong> \u00ab\u00a0On fait le travail.\u00a0\u00bb <\/strong>Qui pourrait lui imposer de devenir chef de file des insoumis \u00e0 Nantes, allez savoir.<\/p>\n<p>\u00a0<\/p>\n","protected":false},"excerpt":{"rendered":"Pour l\u2019instant, \u00e0 La France insoumise, le d\u00e9marrage de la campagne de l\u2019\u00e9lection municipale \u00e0 Nantes ressemble \u00e0&hellip;\n","protected":false},"author":2,"featured_media":372225,"comment_status":"","ping_status":"","sticky":false,"template":"","format":"standard","meta":{"footnotes":""},"categories":[2818],"tags":[1111,11,50615,3226,28172,1777,674,1011,27,50616,780,3554,766,12,2636,25,50614],"class_list":{"0":"post-372224","1":"post","2":"type-post","3":"status-publish","4":"format-standard","5":"has-post-thumbnail","7":"category-nantes","8":"tag-actu","9":"tag-actualites","10":"tag-amiot","11":"tag-campagne","12":"tag-deputee","13":"tag-eu","14":"tag-europe","15":"tag-fr","16":"tag-france","17":"tag-incruste","18":"tag-lfi","19":"tag-municipales","20":"tag-nantes","21":"tag-news","22":"tag-pays-de-la-loire","23":"tag-republique-francaise","24":"tag-segolene"},"share_on_mastodon":{"url":"https:\/\/pubeurope.com\/@fr\/115161221250535980","error":""},"_links":{"self":[{"href":"https:\/\/www.europesays.com\/fr\/wp-json\/wp\/v2\/posts\/372224","targetHints":{"allow":["GET"]}}],"collection":[{"href":"https:\/\/www.europesays.com\/fr\/wp-json\/wp\/v2\/posts"}],"about":[{"href":"https:\/\/www.europesays.com\/fr\/wp-json\/wp\/v2\/types\/post"}],"author":[{"embeddable":true,"href":"https:\/\/www.europesays.com\/fr\/wp-json\/wp\/v2\/users\/2"}],"replies":[{"embeddable":true,"href":"https:\/\/www.europesays.com\/fr\/wp-json\/wp\/v2\/comments?post=372224"}],"version-history":[{"count":0,"href":"https:\/\/www.europesays.com\/fr\/wp-json\/wp\/v2\/posts\/372224\/revisions"}],"wp:featuredmedia":[{"embeddable":true,"href":"https:\/\/www.europesays.com\/fr\/wp-json\/wp\/v2\/media\/372225"}],"wp:attachment":[{"href":"https:\/\/www.europesays.com\/fr\/wp-json\/wp\/v2\/media?parent=372224"}],"wp:term":[{"taxonomy":"category","embeddable":true,"href":"https:\/\/www.europesays.com\/fr\/wp-json\/wp\/v2\/categories?post=372224"},{"taxonomy":"post_tag","embeddable":true,"href":"https:\/\/www.europesays.com\/fr\/wp-json\/wp\/v2\/tags?post=372224"}],"curies":[{"name":"wp","href":"https:\/\/api.w.org\/{rel}","templated":true}]}}