{"id":372228,"date":"2025-09-07T04:52:29","date_gmt":"2025-09-07T04:52:29","guid":{"rendered":"https:\/\/www.europesays.com\/fr\/372228\/"},"modified":"2025-09-07T04:52:29","modified_gmt":"2025-09-07T04:52:29","slug":"le-choc-pour-bordeaux-begles-face-a-la-rochelle","status":"publish","type":"post","link":"https:\/\/www.europesays.com\/fr\/372228\/","title":{"rendered":"le choc pour Bordeaux-B\u00e8gles face \u00e0 La Rochelle"},"content":{"rendered":"<p>L\u2019UBB a pris le meilleur sur le Stade rochelais ce samedi, \u00e0 Bordeaux, lors du choc de la premi\u00e8re journ\u00e9e de Top 14.<\/p>\n<p class=\"fig-paragraph\">Bordeaux-B\u00e8gles, bouscul\u00e9 initialement par une \u00e9quipe de La Rochelle percutante mais manquant de r\u00e9alisme, est parvenu \u00e0 s\u2019imposer pour son premier choc de la saison (<a href=\"https:\/\/www.lefigaro.fr\/sports\/rugby\/live\/top-14\/2026\/947929\/bordeaux-begles-la-rochelle\" data-fig-type=\"Live\" data-gtm-custom-categorie=\"navigation\" data-gtm-custom-action=\"crossclick\" data-gtm-custom-label=\"Contextuel\" data-gtm-event=\"customEventSPE\" data-fig-domain=\"LEFIGARO\" target=\"_blank\" rel=\"noopener\">23-18<\/a>), samedi pour ses d\u00e9buts au stade Chaban-Delmas. Au sortir d\u2019une semaine noire niveau infirmerie, l\u2019UBB ne savait pas trop \u00e0 quoi s\u2019attendre avant de retrouver son rival jaune et noir, qui a lui b\u00e9n\u00e9fici\u00e9 de quatre semaines de pr\u00e9paration de plus que les champions d\u2019Europe.<\/p>\n<p class=\"fig-paragraph\">Niveau ind\u00e9cision, ce derby de l\u2019Atlantique a tenu ses promesses. Face \u00e0 sa b\u00eate noire attitr\u00e9e (2 victoires, 10 d\u00e9faites depuis 2020), elle aussi marqu\u00e9e par une flop\u00e9e d\u2019absents, l\u2019UBB a souffert, prise d\u2019entr\u00e9e par une forte pression maritime mal r\u00e9compens\u00e9e, Dillyn Leyds se voyant notamment refuser un essai pour une obstruction de Jules Favre. Quand les Bordelais ont r\u00e9ussi \u00e0 sortir la t\u00eate de l\u2019eau, ils ont \u00e9t\u00e9 plut\u00f4t cliniques (6-3, deux p\u00e9nalit\u00e9s de Matthieu Jalibert), leur avance \u00e0 la demi-heure ne semblant pas en accord avec le sc\u00e9nario qui semblait se dessiner.<\/p>\n<p>                                    <a class=\"fig-a11y-skip a11y-hidden\" href=\"#fig-a11y-skip-main-inarticle\"><br \/>\n        Passer la publicit\u00e9<br \/>\n    <\/a><\/p>\n<p>Page-Relo soigne ses d\u00e9buts<\/p>\n<p class=\"fig-paragraph\">Apr\u00e8s avoir mieux fini ce premier acte, sans parvenir \u00e0 creuser l\u2019\u00e9cart, l\u2019UBB a trouv\u00e9 l\u2019ouverture six minutes apr\u00e8s le retour des vestiaires sur une passe du pied gauche de Jalibert vers Louis Bielle-Biarrey, sevr\u00e9 de munitions jusque-l\u00e0, qui a conclu le mouvement (13-3). De quoi inspirer Hastoy c\u00f4t\u00e9 rochelais quatre minutes plus tard avec cette fois Favre \u00e0 la r\u00e9ception (13-8).<\/p>\n<p class=\"fig-paragraph\">Tout \u00e9tait presque \u00e0 refaire pour les Girondins, qui prenaient toutefois petit \u00e0 petit l\u2019ascendant, profitant notamment de l\u2019indiscipline visiteuse. Apr\u00e8s une p\u00e9nalit\u00e9 de Jalibert, une touche tr\u00e8s rapidement jou\u00e9e par Damian Penaud pour Martin Page-Relo, suppl\u00e9ant de l\u2019ic\u00f4ne locale Maxime Lucu, lui permettait de d\u00e9poser Favre pour filer derri\u00e8re la ligne (23-8). Les joueurs de Ronan O\u2019Gara sont parvenus \u00e0 r\u00e9cup\u00e9rer un bonus d\u00e9fensif in extremis gr\u00e2ce \u00e0 un essai de Thomas Berjon (79) et une ultime p\u00e9nalit\u00e9 de Hastoy (80+2) face \u00e0 des Bordelais alors r\u00e9duits \u00e0 13 suite \u00e0 deux cartons jaunes.<\/p>\n","protected":false},"excerpt":{"rendered":"L\u2019UBB a pris le meilleur sur le Stade rochelais ce samedi, \u00e0 Bordeaux, lors du choc de la&hellip;\n","protected":false},"author":2,"featured_media":372229,"comment_status":"","ping_status":"","sticky":false,"template":"","format":"standard","meta":{"footnotes":""},"categories":[2817],"tags":[1111,11,1997,1777,674,1011,27,12,2219,25,6365,7974],"class_list":{"0":"post-372228","1":"post","2":"type-post","3":"status-publish","4":"format-standard","5":"has-post-thumbnail","7":"category-bordeaux","8":"tag-actu","9":"tag-actualites","10":"tag-bordeaux","11":"tag-eu","12":"tag-europe","13":"tag-fr","14":"tag-france","15":"tag-news","16":"tag-nouvelle-aquitaine","17":"tag-republique-francaise","18":"tag-stade-rochelais","19":"tag-union-bordeaux-begles"},"share_on_mastodon":{"url":"https:\/\/pubeurope.com\/@fr\/115161225216021648","error":""},"_links":{"self":[{"href":"https:\/\/www.europesays.com\/fr\/wp-json\/wp\/v2\/posts\/372228","targetHints":{"allow":["GET"]}}],"collection":[{"href":"https:\/\/www.europesays.com\/fr\/wp-json\/wp\/v2\/posts"}],"about":[{"href":"https:\/\/www.europesays.com\/fr\/wp-json\/wp\/v2\/types\/post"}],"author":[{"embeddable":true,"href":"https:\/\/www.europesays.com\/fr\/wp-json\/wp\/v2\/users\/2"}],"replies":[{"embeddable":true,"href":"https:\/\/www.europesays.com\/fr\/wp-json\/wp\/v2\/comments?post=372228"}],"version-history":[{"count":0,"href":"https:\/\/www.europesays.com\/fr\/wp-json\/wp\/v2\/posts\/372228\/revisions"}],"wp:featuredmedia":[{"embeddable":true,"href":"https:\/\/www.europesays.com\/fr\/wp-json\/wp\/v2\/media\/372229"}],"wp:attachment":[{"href":"https:\/\/www.europesays.com\/fr\/wp-json\/wp\/v2\/media?parent=372228"}],"wp:term":[{"taxonomy":"category","embeddable":true,"href":"https:\/\/www.europesays.com\/fr\/wp-json\/wp\/v2\/categories?post=372228"},{"taxonomy":"post_tag","embeddable":true,"href":"https:\/\/www.europesays.com\/fr\/wp-json\/wp\/v2\/tags?post=372228"}],"curies":[{"name":"wp","href":"https:\/\/api.w.org\/{rel}","templated":true}]}}