{"id":372230,"date":"2025-09-07T04:53:15","date_gmt":"2025-09-07T04:53:15","guid":{"rendered":"https:\/\/www.europesays.com\/fr\/372230\/"},"modified":"2025-09-07T04:53:15","modified_gmt":"2025-09-07T04:53:15","slug":"nouvelle-saison-a-la-cave-poesie-spectacles-lectures-conferences-voici-les-temps-forts-a-ne-pas-manquer","status":"publish","type":"post","link":"https:\/\/www.europesays.com\/fr\/372230\/","title":{"rendered":"Nouvelle saison \u00e0 la Cave Po\u00e9sie\u00a0: spectacles, lectures, conf\u00e9rences\u2026 Voici les temps forts \u00e0 ne pas manquer"},"content":{"rendered":"<p>\n                                                                    l&rsquo;essentiel<br \/>\n                                                                Apr\u00e8s un \u00e9t\u00e9 inactif in\u00e9dit, la Cave Po\u00e9sie \u2013 Ren\u00e9 Gouzenne d\u00e9bute une nouvelle saison ce week-end avec force rendez-vous festifs et des propositions s\u00e9duisantes\u2026\n                            <\/p>\n<p>Ouf les revoil\u00e0\u00a0! <a href=\"https:\/\/www.\" target=\"_blank\" rel=\"nofollow\">La Cave Po\u00e9sie \u2013 Ren\u00e9 Gouzenne<\/a> et son \u00e9quipe, mis en sommeil estival pour cause d\u2019incertitudes budg\u00e9taires, entame une nouvelle saison d\u00e8s ce week-end. \u00ab\u00a0Elle est plac\u00e9e sous le signe du compagnonnage au long cours, comme depuis quelques ann\u00e9es\u00a0\u00bb, pr\u00e9cise son directeur Yann Valade. Gaspard Chauvelot et ses \u00ab\u00a0Tentatives d\u2019\u00e9puisement\u00a0\u00bb affichent d\u00e9j\u00e0 complet du 24 au 27\u00a0septembre. Avec \u00ab\u00a0Couronner les vainqueurs\u00a0\u00bb, Clarisse Boyriven\u00a0proposera une conf\u00e9rence qui donne \u00e0 penser autour du sport, de l\u2019\u00e9galit\u00e9, des questions de genre, chaque lundi de novembre et d\u00e9cembre.<\/p>\n<p>Louis Ponsolle, \u00ab\u00a0coup de c\u0153ur d\u00e9couvert \u00e0 Cahors\u00a0\u00bb, s\u2019\u00e9vertue \u00e0 proposer \u00ab\u00a0une d\u00e9marche volontairement indisciplinaire\u00a0\u00bb, multipliant les collaborations artistiques (th\u00e9\u00e2tre, danse contemporaine et performance comme accessoiriste, costumier et sc\u00e9nographe). La Cave Po\u00e9sie, avec le soutien de la Drac, accueille l\u2019artiste pour pr\u00e9parer \u00ab\u00a0Muraille\u00a0\u00bb, sa prochaine cr\u00e9ation qui porte sur l\u2019enfermement psychiatrique des adolescents, et pour d\u00e9couvrir son univers lors de plusieurs soir\u00e9es (6 au 8\u00a0novembre).<\/p>\n<p>Dernier compagnonnage, celui impuls\u00e9 avec la Compagnie La Port\u00e9e, originaire d\u2019Albi. \u00ab\u00a0Nous leur donnons carte blanche pour un cycle de lectures d\u00e9clin\u00e9 sur toute l\u2019ann\u00e9e, poursuit Yann Valade. Une fois par mois le mardi, la com\u00e9dienne lira des textes \u00e9crits par une autrice \u00e0 la premi\u00e8re personne. Le but de ces rencontres est de cr\u00e9er un instant de convivialit\u00e9, puisque ce sont en fait des lectures d\u00e9gustations.\u00a0\u00bb Une chance, donn\u00e9e par la Cave Po\u00e9sie \u00e0 ces artistes et compagnies install\u00e9s en r\u00e9gion, de pouvoir acc\u00e9der au public toulousain\u2026<\/p>\n<p>    Un week-end festif<\/p>\n<p>\u00ab\u00a0Qu\u2019un lieu de culture comme le th\u00e9\u00e2tre du Grand Rond ou que la biblioth\u00e8que de Bagatelle ferme, ce n\u2019est pas possible\u00a0!\u00a0\u00bb Yann Valade n\u2019en d\u00e9mord pas ainsi que d\u2019autres acteurs et lieux culturels de la ville. Aussi, samedi 6\u00a0septembre, la Cave Po\u00e9sie accueillera le public pour la Nuit des ap\u00e9ro-spectacles initi\u00e9e en soutien au th\u00e9\u00e2tre du Grand Rond menac\u00e9 de fermeture \u00e0 la fin de la saison. Grand raout de 7\u00a0heures de musique avec les artistes que ledit th\u00e9\u00e2tre accompagne depuis des lustres\u00a0: L\u2019Oiseau Ravage, Mymytchell, projet Serpico\u00a0&amp; Chouf, La Reine des Aveugles, Hein Quoi\u00a0?, Compagnie DNB. Et dimanche, Son de Madera pulsera l\u2019air des rythmes du son jarocho, la musique traditionnelle du golfe du Mexique (et pas d\u2019Am\u00e9rique\u00a0!).<\/p>\n<p>Samedi\u00a06 \u00e0 partir de 19h et dimanche 7\u00a0septembre \u00e0 18h.<\/p>\n<p>71 rue du Taur, \u00e0 Toulouse, T\u00e9l. 05\u00a061\u00a023\u00a062\u00a000, www.cave-poesie.com<\/p>\n","protected":false},"excerpt":{"rendered":"l&rsquo;essentiel Apr\u00e8s un \u00e9t\u00e9 inactif in\u00e9dit, la Cave Po\u00e9sie \u2013 Ren\u00e9 Gouzenne d\u00e9bute une nouvelle saison ce week-end&hellip;\n","protected":false},"author":2,"featured_media":372231,"comment_status":"","ping_status":"","sticky":false,"template":"","format":"standard","meta":{"footnotes":""},"categories":[2816],"tags":[1111,11,1777,674,1011,27,12,2680,25,2312],"class_list":{"0":"post-372230","1":"post","2":"type-post","3":"status-publish","4":"format-standard","5":"has-post-thumbnail","7":"category-toulouse","8":"tag-actu","9":"tag-actualites","10":"tag-eu","11":"tag-europe","12":"tag-fr","13":"tag-france","14":"tag-news","15":"tag-occitanie","16":"tag-republique-francaise","17":"tag-toulouse"},"share_on_mastodon":{"url":"https:\/\/pubeurope.com\/@fr\/115161229143585695","error":""},"_links":{"self":[{"href":"https:\/\/www.europesays.com\/fr\/wp-json\/wp\/v2\/posts\/372230","targetHints":{"allow":["GET"]}}],"collection":[{"href":"https:\/\/www.europesays.com\/fr\/wp-json\/wp\/v2\/posts"}],"about":[{"href":"https:\/\/www.europesays.com\/fr\/wp-json\/wp\/v2\/types\/post"}],"author":[{"embeddable":true,"href":"https:\/\/www.europesays.com\/fr\/wp-json\/wp\/v2\/users\/2"}],"replies":[{"embeddable":true,"href":"https:\/\/www.europesays.com\/fr\/wp-json\/wp\/v2\/comments?post=372230"}],"version-history":[{"count":0,"href":"https:\/\/www.europesays.com\/fr\/wp-json\/wp\/v2\/posts\/372230\/revisions"}],"wp:featuredmedia":[{"embeddable":true,"href":"https:\/\/www.europesays.com\/fr\/wp-json\/wp\/v2\/media\/372231"}],"wp:attachment":[{"href":"https:\/\/www.europesays.com\/fr\/wp-json\/wp\/v2\/media?parent=372230"}],"wp:term":[{"taxonomy":"category","embeddable":true,"href":"https:\/\/www.europesays.com\/fr\/wp-json\/wp\/v2\/categories?post=372230"},{"taxonomy":"post_tag","embeddable":true,"href":"https:\/\/www.europesays.com\/fr\/wp-json\/wp\/v2\/tags?post=372230"}],"curies":[{"name":"wp","href":"https:\/\/api.w.org\/{rel}","templated":true}]}}