{"id":372234,"date":"2025-09-07T04:56:14","date_gmt":"2025-09-07T04:56:14","guid":{"rendered":"https:\/\/www.europesays.com\/fr\/372234\/"},"modified":"2025-09-07T04:56:14","modified_gmt":"2025-09-07T04:56:14","slug":"lunettes-moumoute-posters-bougies-pour-la-braderie-de-lille-ces-familles-creent-des-objets-insolites","status":"publish","type":"post","link":"https:\/\/www.europesays.com\/fr\/372234\/","title":{"rendered":"Lunettes moumoute, posters, bougies\u2026 Pour la Braderie de Lille, ces familles cr\u00e9ent des objets insolites"},"content":{"rendered":"<p>            Par<br \/>\n        <strong><br \/>\n            <a href=\"https:\/\/actu.fr\/auteur\/amandine-vachez\" title=\"Consulter tous les articles de Amandine Vachez\" target=\"_blank\" rel=\"noopener\">Amandine Vachez<\/a><br \/>\n        <\/strong><\/p>\n<p>        Publi\u00e9 le<\/p>\n<p>            7 sept. 2025 \u00e0 6h22        <\/p>\n<p>Dans une ambiance festive ce<b> samedi 6\u00a0septembre 2025<\/b>, plusieurs familles lilloises ont vendu des p\u00e9pites qu\u2019elles ont elles-m\u00eames confectionn\u00e9es, \u00e0 la <a href=\"https:\/\/actu.fr\/tag\/braderie-de-lille\" target=\"_blank\" rel=\"noopener\">Braderie de Lille<\/a> (Nord). Depuis plusieurs ann\u00e9es, elles s\u2019amusent \u00e0 cr\u00e9er des<b> objets insolites pour l\u2019\u00e9v\u00e9nement. <\/b>Le jour J, c\u2019est avec beaucoup d\u2019\u00e9nergie que la joyeuse \u00e9quipe a vendu ses lunettes moumoute, posters et autres curiosit\u00e9s.<\/p>\n<p>\u00ab\u2009Pour 5 balles, t\u2019es la reine du bal\u2009!\u2009\u00bb<\/p>\n<p class=\" wall-content\">\u00ab\u2009Les belles lunettes moumoute\u2009: pour 5 balles, t\u2019es la reine du bal\u2009!\u2009\u00bb Alexandre donne tout ce samedi midi pour attirer les curieux sur le stand qu\u2019il a constitu\u00e9 avec ses voisins. Grand miroir \u00e0 la main, il interpelle, propose, fait essayer les divers coloris. Habill\u00e9 en rose\u2009? Il aura la paire assortie \u00e0 votre tenue. Vous pr\u00e9f\u00e9rez le marron\u2009? Pas de probl\u00e8me.<\/p>\n<p>    <img   decoding=\"async\" loading=\"lazy\" class=\"size-large\" src=\"https:\/\/www.europesays.com\/fr\/wp-content\/uploads\/2025\/09\/3faf81cc1cb8633bf81cc1cb807bf8v-960x640.jpg\" alt=\"Un stand pop attire l'\u0153il rue des Bouchers \u00e0 Lille (Nord) : c'est l'oeuvre de familles lilloises.\" width=\"960\" height=\"640\"\/><br \/>\n    Un stand pop attire l\u2019\u0153il rue des Bouchers \u00e0 Lille (Nord)\u2009: c\u2019est l\u2019\u0153uvre de familles lilloises. \u00a9Amandine Vachez<\/p>\n<p class=\" wall-content\"><a href=\"https:\/\/www.instagram.com\/p\/DORDmXUiHut\/embed\" title=\"Ouvrir le lien sur Instagram\" target=\"_blank\" rel=\"noopener\">Visualiser le contenu sur Instagram<\/a><\/p>\n<p class=\" wall-content\">\u00c0 c\u00f4t\u00e9 des lunettes moumoute qui ont le vent en poupe, on trouve des \u00ab\u2009ch\u2019tites briques\u2009\u00bb, d\u00e9clin\u00e9es en bougies et autres objets, mais aussi des affiches hommage \u00e0 la pop culture. \u00ab\u2009Tout est fait maison, de l\u2019autre c\u00f4t\u00e9 de la rue\u2009\u00bb, nous indique Aymeric, qui m\u00e8ne la barre derri\u00e8re le stand. \u00ab\u2009On est 4\u00a0familles, voisines. On est l\u00e0 chaque ann\u00e9e, on a pass\u00e9 les 6 derniers mois \u00e0 pr\u00e9parer cette Braderie\u2009\u00bb. Enfants et parents \u2013 17\u00a0personnes au total \u2013 ont \u00e9t\u00e9 mis \u00e0 contribution pour l\u2019\u00e9v\u00e9nement. Ce samedi, pour une paire de lunettes moumoute achet\u00e9e 5\u00a0euros, vous aviez droit \u00e0 une belle collection d\u2019autocollants, donn\u00e9s par le jeune vendeur Chris.<\/p>\n<p>    <img   decoding=\"async\" loading=\"lazy\" class=\"size-large\" src=\"https:\/\/www.europesays.com\/fr\/wp-content\/uploads\/2025\/09\/b841faea1cb86ec41faea1cb8e051fv-960x640.jpeg\" alt=\"Alexandre donne tout pour attirer les foules au stand !\" width=\"960\" height=\"640\"\/><br \/>\n    Alexandre donne tout pour attirer les foules au stand\u2009! \u00a9Amandine Vachez<\/p>\n<p class=\" wall-content\">Pour le plaisir de d\u00e9couvrir le stand, vous offrir un objet hautement sympathique, ou simplement rencontrer cette \u00e9quipe de joyeux lurons, rendez-vous rue des Bouchers. Vous ne pourrez pas les louper\u2009!<\/p>\n<p class=\" wall-content\">Personnalisez votre actualit\u00e9 en ajoutant vos villes et m\u00e9dias en favori avec <a href=\"https:\/\/moncompte.actu.fr\" title=\"D\u00e9couvez Mon Actu\" rel=\"nofollow noopener\" data-trk=\"{&quot;cta&quot;:{&quot;action&quot;:&quot;https:\\\/\\\/moncompte.actu.fr&quot;,&quot;category&quot;:&quot;mon compte&quot;,&quot;from&quot;:&quot;article footer&quot;,&quot;name&quot;:&quot;Mon actu&quot;,&quot;type&quot;:&quot;cta&quot;}}\" target=\"_blank\">Mon Actu<\/a>.<\/p>\n<p>                    <script async src=\"\/\/www.instagram.com\/embed.js\"><\/script><\/p>\n","protected":false},"excerpt":{"rendered":"Par Amandine Vachez Publi\u00e9 le 7 sept. 2025 \u00e0 6h22 Dans une ambiance festive ce samedi 6\u00a0septembre 2025,&hellip;\n","protected":false},"author":2,"featured_media":372235,"comment_status":"","ping_status":"","sticky":false,"template":"","format":"standard","meta":{"footnotes":""},"categories":[2815],"tags":[1111,11,18703,1777,674,1011,27,811,1757,1307,12,25,104],"class_list":{"0":"post-372234","1":"post","2":"type-post","3":"status-publish","4":"format-standard","5":"has-post-thumbnail","7":"category-lille","8":"tag-actu","9":"tag-actualites","10":"tag-braderie-de-lille","11":"tag-eu","12":"tag-europe","13":"tag-fr","14":"tag-france","15":"tag-hauts-de-france","16":"tag-insolite","17":"tag-lille","18":"tag-news","19":"tag-republique-francaise","20":"tag-societe"},"share_on_mastodon":{"url":"https:\/\/pubeurope.com\/@fr\/115161240972336518","error":""},"_links":{"self":[{"href":"https:\/\/www.europesays.com\/fr\/wp-json\/wp\/v2\/posts\/372234","targetHints":{"allow":["GET"]}}],"collection":[{"href":"https:\/\/www.europesays.com\/fr\/wp-json\/wp\/v2\/posts"}],"about":[{"href":"https:\/\/www.europesays.com\/fr\/wp-json\/wp\/v2\/types\/post"}],"author":[{"embeddable":true,"href":"https:\/\/www.europesays.com\/fr\/wp-json\/wp\/v2\/users\/2"}],"replies":[{"embeddable":true,"href":"https:\/\/www.europesays.com\/fr\/wp-json\/wp\/v2\/comments?post=372234"}],"version-history":[{"count":0,"href":"https:\/\/www.europesays.com\/fr\/wp-json\/wp\/v2\/posts\/372234\/revisions"}],"wp:featuredmedia":[{"embeddable":true,"href":"https:\/\/www.europesays.com\/fr\/wp-json\/wp\/v2\/media\/372235"}],"wp:attachment":[{"href":"https:\/\/www.europesays.com\/fr\/wp-json\/wp\/v2\/media?parent=372234"}],"wp:term":[{"taxonomy":"category","embeddable":true,"href":"https:\/\/www.europesays.com\/fr\/wp-json\/wp\/v2\/categories?post=372234"},{"taxonomy":"post_tag","embeddable":true,"href":"https:\/\/www.europesays.com\/fr\/wp-json\/wp\/v2\/tags?post=372234"}],"curies":[{"name":"wp","href":"https:\/\/api.w.org\/{rel}","templated":true}]}}