{"id":372236,"date":"2025-09-07T04:57:20","date_gmt":"2025-09-07T04:57:20","guid":{"rendered":"https:\/\/www.europesays.com\/fr\/372236\/"},"modified":"2025-09-07T04:57:20","modified_gmt":"2025-09-07T04:57:20","slug":"lola-menahem-directrice-de-cabinet","status":"publish","type":"post","link":"https:\/\/www.europesays.com\/fr\/372236\/","title":{"rendered":"Lola Menahem directrice de cabinet"},"content":{"rendered":"<p> Lola Menahem a officiellement pris ses fonctions le 1er septembre 2025 comme sous-pr\u00e9f\u00e8te, directrice de cabinet de la pr\u00e9f\u00e8te de police d\u00e9l\u00e9gu\u00e9e Corinne Simon, aupr\u00e8s du pr\u00e9fet des Bouches-du-Rh\u00f4ne. Sa nomination avait \u00e9t\u00e9 fix\u00e9e par un d\u00e9cret du 31 juillet 2025, publi\u00e9 au Journal officiel de L\u00e9gifrance le 1er ao\u00fbt, pour une dur\u00e9e initiale de\u2026This content is restricted for our subscribers!<\/p>\n<p class=\"subtitle\">Subscribe from 24.99\u20ac by month<\/p>\n<p>Unlimited access to Gomet&rsquo; content<\/p>\n<p>Participate in all the debates of our territory<\/p>\n<p>Enjoy exclusive benefits and services<\/p>\n<p class=\"login\">You already have an account? <a href=\"https:\/\/gomet.net\/login\/?redirect_to=https%3A%2F%2Fgomet.net%2Flola-menahem-sous-prefete-des-bouches-du-rhone%2F\" title=\"Login\" rel=\"nofollow noopener\" target=\"_blank\">Sign in<\/a>.<\/p>\n","protected":false},"excerpt":{"rendered":"Lola Menahem a officiellement pris ses fonctions le 1er septembre 2025 comme sous-pr\u00e9f\u00e8te, directrice de cabinet de la&hellip;\n","protected":false},"author":2,"featured_media":372237,"comment_status":"","ping_status":"","sticky":false,"template":"","format":"standard","meta":{"footnotes":""},"categories":[2814],"tags":[1111,11,1777,674,1011,27,884,12,882,25],"class_list":{"0":"post-372236","1":"post","2":"type-post","3":"status-publish","4":"format-standard","5":"has-post-thumbnail","7":"category-marseille","8":"tag-actu","9":"tag-actualites","10":"tag-eu","11":"tag-europe","12":"tag-fr","13":"tag-france","14":"tag-marseille","15":"tag-news","16":"tag-provence-alpes-cote-dazur","17":"tag-republique-francaise"},"share_on_mastodon":{"url":"https:\/\/pubeurope.com\/@fr\/115161244945007401","error":""},"_links":{"self":[{"href":"https:\/\/www.europesays.com\/fr\/wp-json\/wp\/v2\/posts\/372236","targetHints":{"allow":["GET"]}}],"collection":[{"href":"https:\/\/www.europesays.com\/fr\/wp-json\/wp\/v2\/posts"}],"about":[{"href":"https:\/\/www.europesays.com\/fr\/wp-json\/wp\/v2\/types\/post"}],"author":[{"embeddable":true,"href":"https:\/\/www.europesays.com\/fr\/wp-json\/wp\/v2\/users\/2"}],"replies":[{"embeddable":true,"href":"https:\/\/www.europesays.com\/fr\/wp-json\/wp\/v2\/comments?post=372236"}],"version-history":[{"count":0,"href":"https:\/\/www.europesays.com\/fr\/wp-json\/wp\/v2\/posts\/372236\/revisions"}],"wp:featuredmedia":[{"embeddable":true,"href":"https:\/\/www.europesays.com\/fr\/wp-json\/wp\/v2\/media\/372237"}],"wp:attachment":[{"href":"https:\/\/www.europesays.com\/fr\/wp-json\/wp\/v2\/media?parent=372236"}],"wp:term":[{"taxonomy":"category","embeddable":true,"href":"https:\/\/www.europesays.com\/fr\/wp-json\/wp\/v2\/categories?post=372236"},{"taxonomy":"post_tag","embeddable":true,"href":"https:\/\/www.europesays.com\/fr\/wp-json\/wp\/v2\/tags?post=372236"}],"curies":[{"name":"wp","href":"https:\/\/api.w.org\/{rel}","templated":true}]}}