{"id":372238,"date":"2025-09-07T04:58:16","date_gmt":"2025-09-07T04:58:16","guid":{"rendered":"https:\/\/www.europesays.com\/fr\/372238\/"},"modified":"2025-09-07T04:58:16","modified_gmt":"2025-09-07T04:58:16","slug":"a-marseille-fos-ou-aix-ce-que-lon-sait-et-ce-que-lon-ne-sait-pas-sur-les-actions-et-blocages-prevus","status":"publish","type":"post","link":"https:\/\/www.europesays.com\/fr\/372238\/","title":{"rendered":"\u00e0 Marseille, Fos ou Aix&#8230; ce que l&rsquo;on sait et ce que l&rsquo;on ne sait pas sur les actions et blocages pr\u00e9vus"},"content":{"rendered":"<p class=\"article__intro\">\u00ab\u00a0Bloquons tout\u00a0\u00bb, \u00ab\u00a0Indignons-nous\u00a0\u00bb&#8230; les mobilisations se pr\u00e9cisent, entre appel \u00e0 la gr\u00e8ve, au blocage ou manifestations. France 3 Provence-Alpes a cherch\u00e9 \u00e0 savoir comment se d\u00e9roulera ce 10 septembre dans les Bouches-du-Rh\u00f4ne, mouvement citoyen aux contours flous, qui rappellent \u00e0 certains les Gilets Jaunes de 2019.<\/p>\n<p>\n      La Quotidienne Soci\u00e9t\u00e9\n    <\/p>\n<p>\n      De la vie quotidienne aux grands enjeux, recevez tous les jours les sujets qui font la soci\u00e9t\u00e9 locale, comme la justice, l\u2019\u00e9ducation, la sant\u00e9 et la famille.\n    <\/p>\n<p>    France T\u00e9l\u00e9visions utilise votre adresse e-mail afin de vous envoyer la newsletter \u00ab\u00a0La Quotidienne Soci\u00e9t\u00e9\u00a0\u00bb. Vous pouvez vous d\u00e9sinscrire \u00e0 tout moment via le lien en bas de cette newsletter. <a target=\"_blank\" href=\"https:\/\/www.francetelevisions.fr\/groupe\/confidentialite\/politique-de-confidentialite\/politique-de-confidentialite-de-france-televisions-6503\" rel=\"nofollow noopener\">Notre politique de confidentialit\u00e9<\/a><\/p>\n<p>Depuis plusieurs semaines, des appels \u00e0 la mobilisation et \u00e0 la gr\u00e8ve le 10 septembre circulent en France pour protester contre la politique sociale d&rsquo;Emmanuel Macron et du gouvernement de Fran\u00e7ois Bayrou. Dans les Bouches-du-Rh\u00f4ne, plusieurs actions syndicales et citoyennes sont pr\u00e9vues, et des blocages et d&rsquo;autres coups d&rsquo;\u00e9clat pourraient avoir lieu.<\/p>\n<p>Des manifestations pr\u00e9vues<\/p>\n<p>\u00c0 Marseille, une manifestation a \u00e9t\u00e9 annonc\u00e9e, avec un d\u00e9part \u00e0 10H depuis les R\u00e9form\u00e9s, dans le centre-ville. La mobilisation rassemblera plusieurs syndicats et corps de m\u00e9tiers, comme Solidaire Finances Publiques, le SNES FSU \u00e9ducation, ou des repr\u00e9sentantes des infirmiers lib\u00e9raux en col\u00e8re.<\/p>\n<p>Avant ce rassemblement commun, des actions syndicales sont pr\u00e9vues dans la matin\u00e9e, par exemple devant le centre des Finances Publiques, avenue du Prado, dans le 8e arrondissement de Marseille.<\/p>\n<p>Un appel \u00e0 manifester circule aussi \u00e0 Aix-en-Provence, avec un d\u00e9part \u00e0 12H \u00e0 la Rotonde. Sur T\u00e9l\u00e9gram, plusieurs cartes recensant les diff\u00e9rents rassemblements circulent, comme ce plan participatif ci-dessous cr\u00e9\u00e9 et mis \u00e0 jour par des membres du mouvement.<\/p>\n<\/p>\n<p>Un blocage de l&rsquo;a\u00e9roport possible, entre autres<\/p>\n<p>En parall\u00e8le des manifestations, plusieurs secteurs pourraient \u00eatre paralys\u00e9s par les gr\u00e8ves. Dans les transports, la CGT RTM a lanc\u00e9 un appel \u00e0 la gr\u00e8ve le 10 septembre, tout comme la CGT Cheminots ou SUD Rail, \u00e0 la SNCF. Leurs camarades de SUD a\u00e9rien appellent aussi \u00e0 la mobilisation, et \u00e0 un blocage des a\u00e9roports. L&rsquo;intersyndicale de l&rsquo;\u00e9ducation dans les Bouches-du-Rh\u00f4ne appelle aussi \u00e0 la gr\u00e8ve.<\/p>\n<p>Depuis le 2 septembre, la f\u00e9d\u00e9ration nationale des mines et de l&rsquo;\u00e9nergie de la CGT s&rsquo;est mobilis\u00e9e dans une gr\u00e8ve reconductible, et a d\u00e9pos\u00e9 un pr\u00e9avis de gr\u00e8ve dans 157 entreprises \u00e0 travers le pays. Dans les Bouches-du-Rh\u00f4nes plusieurs piquets de gr\u00e8ves ont \u00e9t\u00e9 recens\u00e9s, \u00e0 Aix-en-Provence, \u00e0 Marseille ou devant le terminal m\u00e9thanier Cavaou \u00e0 Fos-sur-Mer, et les mobilisations pourraient se poursuivre le 10 septembre.<\/p>\n<p>Si des op\u00e9rations coups de poing peuvent \u00eatre organis\u00e9es (op\u00e9ration chariot gratuit, blocages d&rsquo;autoroutes, etc.) et que certains participants appellent \u00e0 ces actions en ligne, les communications publiques sur ce type d&rsquo;actions sont tr\u00e8s rares. Une confidentialit\u00e9 n\u00e9cessaire \u00e0 la r\u00e9ussite de ces coups d&rsquo;\u00e9clat , alors que le ministre de l&rsquo;int\u00e9rieur<a href=\"https:\/\/www.franceinfo.fr\/societe\/bloquons-tout-mouvement-du-10-septembre\/mobilisation-du-10-septembre-bruno-retailleau-demande-aux-prefets-d-entraver-toute-tentative-de-blocage-des-infrastructures-essentielles_7473328.html\" rel=\"noopener noreferrer nofollow\" data-tooltip-url=\"https:\/\/www.franceinfo.fr\/societe\/bloquons-tout-mouvement-du-10-septembre\/mobilisation-du-10-septembre-bruno-retailleau-demande-aux-prefets-d-entraver-toute-tentative-de-blocage-des-infrastructures-essentielles_7473328.html\" target=\"_blank\"> Bruno Retailleau appelle \u00e0 emp\u00eacher le blocage \u00ab\u00a0d&rsquo;infrastructures essentielles<\/a>\u00ab\u00a0.<\/p>\n<p> AG  et \u00ab\u00a0pots de d\u00e9parts de Bayrou\u00a0\u00bb d\u00e8s le 8 septembre<\/p>\n<p>Le 10 septembre a aussi la particularit\u00e9 de continuer \u00e0 \u00e9voluer, quelques jours avant la date fix\u00e9e. Si le mouvement a \u00e9merg\u00e9 en ligne en proposant d&rsquo;en faire un jour mort, o\u00f9 les participants devaient rester chez eux, sans consommer, les actions ont ensuite mu\u00e9 vers des mobilisations dans la rue, rejointes par les syndicats et avec le soutien de partis de gauche.<\/p>\n<p>Des rassemblements sont d\u00e9j\u00e0 pr\u00e9vus, avant mercredi, pour d\u00e9cider des actions \u00e0 venir, sous la forme d&rsquo;assembl\u00e9e g\u00e9n\u00e9rale traditionnelle. C&rsquo;est le cas \u00e0 Aix-en-Provence devant l&rsquo;office de tourisme \u00e0 19H30, mardi 9 septembre, ou le 8 septembre, \u00e0 17H, devant la caf\u00e9t\u00e9ria campus Schuman pour les \u00e9tudiants de l&rsquo;universit\u00e9.<\/p>\n<p>Une s\u00e9rie de \u00ab\u00a0pots de d\u00e9parts de Bayrou\u00a0\u00bb auront aussi lieu le 8 septembre, le jour du vote de confiance \u00e0 l&rsquo;Assembl\u00e9e Nationale, o\u00f9 l&rsquo;avenir du gouvernement sera d\u00e9cid\u00e9. Organis\u00e9es devant la mairie, \u00e0 Aix, \u00e0 19H, ou \u00e0 Marseille \u00e0 20H, et dans plusieurs autres villes de France, ces f\u00eates serviront aussi de premier acte, pour pr\u00e9parer les actions du 10 septembre, sans passer par les r\u00e9seaux sociaux. D&rsquo;autres \u00e9v\u00e8nements pourraient donc \u00eatre mis en place dans les jours \u00e0 venir.<\/p>\n","protected":false},"excerpt":{"rendered":"\u00ab\u00a0Bloquons tout\u00a0\u00bb, \u00ab\u00a0Indignons-nous\u00a0\u00bb&#8230; les mobilisations se pr\u00e9cisent, entre appel \u00e0 la gr\u00e8ve, au blocage ou manifestations. France 3&hellip;\n","protected":false},"author":2,"featured_media":372239,"comment_status":"","ping_status":"","sticky":false,"template":"","format":"standard","meta":{"footnotes":""},"categories":[2814],"tags":[1111,11,1777,674,1011,27,884,12,882,25],"class_list":{"0":"post-372238","1":"post","2":"type-post","3":"status-publish","4":"format-standard","5":"has-post-thumbnail","7":"category-marseille","8":"tag-actu","9":"tag-actualites","10":"tag-eu","11":"tag-europe","12":"tag-fr","13":"tag-france","14":"tag-marseille","15":"tag-news","16":"tag-provence-alpes-cote-dazur","17":"tag-republique-francaise"},"share_on_mastodon":{"url":"https:\/\/pubeurope.com\/@fr\/115161248883575268","error":""},"_links":{"self":[{"href":"https:\/\/www.europesays.com\/fr\/wp-json\/wp\/v2\/posts\/372238","targetHints":{"allow":["GET"]}}],"collection":[{"href":"https:\/\/www.europesays.com\/fr\/wp-json\/wp\/v2\/posts"}],"about":[{"href":"https:\/\/www.europesays.com\/fr\/wp-json\/wp\/v2\/types\/post"}],"author":[{"embeddable":true,"href":"https:\/\/www.europesays.com\/fr\/wp-json\/wp\/v2\/users\/2"}],"replies":[{"embeddable":true,"href":"https:\/\/www.europesays.com\/fr\/wp-json\/wp\/v2\/comments?post=372238"}],"version-history":[{"count":0,"href":"https:\/\/www.europesays.com\/fr\/wp-json\/wp\/v2\/posts\/372238\/revisions"}],"wp:featuredmedia":[{"embeddable":true,"href":"https:\/\/www.europesays.com\/fr\/wp-json\/wp\/v2\/media\/372239"}],"wp:attachment":[{"href":"https:\/\/www.europesays.com\/fr\/wp-json\/wp\/v2\/media?parent=372238"}],"wp:term":[{"taxonomy":"category","embeddable":true,"href":"https:\/\/www.europesays.com\/fr\/wp-json\/wp\/v2\/categories?post=372238"},{"taxonomy":"post_tag","embeddable":true,"href":"https:\/\/www.europesays.com\/fr\/wp-json\/wp\/v2\/tags?post=372238"}],"curies":[{"name":"wp","href":"https:\/\/api.w.org\/{rel}","templated":true}]}}