{"id":372242,"date":"2025-09-07T05:00:19","date_gmt":"2025-09-07T05:00:19","guid":{"rendered":"https:\/\/www.europesays.com\/fr\/372242\/"},"modified":"2025-09-07T05:00:19","modified_gmt":"2025-09-07T05:00:19","slug":"lyon-hilton-parie-sur-ce-quartier-un-second-hotel-ouvre-en-peu-de-temps","status":"publish","type":"post","link":"https:\/\/www.europesays.com\/fr\/372242\/","title":{"rendered":"Lyon. Hilton parie sur ce quartier, un second h\u00f4tel ouvre en peu de temps"},"content":{"rendered":"<p>            Par<br \/>\n        <strong><br \/>\n            <a href=\"https:\/\/actu.fr\/auteur\/julien-damboise\" title=\"Consulter tous les articles de Julien Damboise\" target=\"_blank\" rel=\"noopener\">Julien Damboise<\/a><br \/>\n        <\/strong><\/p>\n<p>        Publi\u00e9 le<\/p>\n<p>            7 sept. 2025 \u00e0 6h48        <\/p>\n<p>Un <strong>nouvel h\u00f4tel<\/strong> Park by Hilton a ouvert le 1er septembre 2025, dans le 9e arrondissement de <a href=\"https:\/\/actu.fr\/auvergne-rhone-alpes\/lyon_69123\" target=\"_blank\" rel=\"noopener\">Lyon<\/a>. Un \u00e9tablissement 3 \u00e9toiles situ\u00e9 au 50 quai Paul-S\u00e9dallian, sur les <strong>berges de la Sa\u00f4ne<\/strong>, qui a \u00e9t\u00e9 pens\u00e9 pour les s\u00e9minaires et autres \u00e9v\u00e9nements professionnels.<br \/>Voici tout ce qu\u2019il faut savoir sur ce nouveau lieu d\u2019h\u00e9bergement.<\/p>\n<p>    <a href=\"https:\/\/www.google.com\/maps\/embed?pb=!1m18!1m12!1m3!1d2964.723158662214!2d4.81314452873795!3d45.79190199156751!2m3!1f0!2f0!3f0!3m2!1i1024!2i768!4f13.1!3m3!1m2!1s0x47f4eb3ed69f5acf%3A0x1488caf98ddd48cc!2sSpark%20by%20Hilton%20Lyon%20Ouest!5e1!3m2!1sfr!2sfr!4v1757063342818!5m2!1sfr!2sfr\" title=\"Ouvrie le lien\" target=\"_blank\" rel=\"noopener\">Cliquez ici pour visualiser le contenu<\/a><\/p>\n<p>Un nouvel Hitlon \u00e0 Lyon<\/p>\n<p class=\" wall-content\">Nich\u00e9 dans le quartier d\u2019affaires de Vaise, l\u2019\u00e9tablissement ouvre ses portes un mois apr\u00e8s une autre ouverture du groupe, le Spark by Hilton Lyon Park Saone, situ\u00e9 \u00e0 moins d\u2019un kilom\u00e8tre.<\/p>\n<p class=\" wall-content\">Cette fois encore, le <strong>Spark by Hilton Lyon Ouest<\/strong> est une version \u00e9conomique de l\u2019enseigne, offrant un acc\u00e8s rapide au centre-ville, notamment avec les <a href=\"https:\/\/actu.fr\/tag\/transports-en-commun-lyonnais-tcl\" target=\"_blank\" rel=\"noopener\">TCL<\/a> entre l\u2019arr\u00eat du Navigone tout proche et le m\u00e9tro D.<\/p>\n<p>Des tarifs abordables<\/p>\n<p class=\" wall-content\">Les tarifs des chambres, par nuit, commencent \u00e0 partir de <strong>101 euros pour deux personnes<\/strong>, petit-d\u00e9jeuner inclus, \u00ab\u00a0avec des options de r\u00e9servation enti\u00e8rement flexibles et des modifications ou annulations gratuites jusqu\u2019\u00e0 24 heures avant l\u2019arriv\u00e9e\u00a0\u00bb, note Hilton.<\/p>\n<p>    <img   decoding=\"async\" loading=\"lazy\" src=\"https:\/\/www.europesays.com\/fr\/wp-content\/uploads\/2025\/09\/spark-by-hilton-lyon-ouest-chambre-960x640.png\" alt=\"Les chambres du Spark by Hilton de Lyon Ouest.\" width=\"960\" height=\"640\"\/><br \/>\n    Les chambres du Spark by Hilton de Lyon Ouest. (\u00a9Spark by Hilton)<\/p>\n<p class=\" wall-content\">On retrouve aussi une salle de fitness avec <a href=\"https:\/\/actu.fr\/auvergne-rhone-alpes\/saint-cyr-au-mont-d-or_69191\/lyon-une-vue-a-couper-le-souffle-ce-bar-restaurant-offre-une-experience-unique_61448109.html\" target=\"_blank\" rel=\"noopener\">vue panoramique<\/a>, une boutique ouverte\u00a0 24h\/24 et 7j\/7, proposant une s\u00e9lection de nourriture, de boissons et de produits de premi\u00e8re n\u00e9cessit\u00e9.<\/p>\n<p>Votre r\u00e9gion, votre actu !<\/p>\n<p>Recevez chaque jour les infos qui comptent pour vous.<\/p>\n<p>\t<a href=\"https:\/\/actu.fr\/newsletter\" class=\"ac-btn ac-btn--corner ac-btn--medium ac-btn--blue800\" target=\"_blank\" rel=\"noopener\">S&rsquo;incrire<\/a><\/p>\n<p class=\" wall-content\">Un parking souterrain s\u00e9curis\u00e9 est \u00e9galement \u00e0 la disposition des clients, mais il faudra payer pour stationner, comptez <strong>11 euros par jour<\/strong>.<\/p>\n<p>Pens\u00e9 pour les professionnels<\/p>\n<p class=\" wall-content\">L\u2019h\u00f4tel est sp\u00e9cialement \u00e0 disposition des professionnels, avec <strong>110 m\u00b2 d\u2019espaces modulables<\/strong> et \u00ab\u00a0baign\u00e9s de lumi\u00e8re naturelle\u00a0\u00bb, con\u00e7us pour accueillir s\u00e9minaires et \u00e9v\u00e9nements professionnels.<\/p>\n<p>    <img   decoding=\"async\" loading=\"lazy\" src=\"https:\/\/www.europesays.com\/fr\/wp-content\/uploads\/2025\/09\/spark-by-hilton-lyon-ouest-terrasse-960x640.png\" alt=\"Les terrasses ext\u00e9rieures du nouveau Spark by Hilton de Lyon.\" width=\"960\" height=\"640\"\/><br \/>\n    Les terrasses ext\u00e9rieures du nouveau Spark by Hilton de Lyon. (\u00a9Spark by Hilton)<\/p>\n<p class=\" wall-content\">Pour plus de praticit\u00e9, le <strong>restaurant italien<\/strong> Quai 50 offre une terrasse aux beaux jours, c\u00f4t\u00e9 Sa\u00f4ne, du lundi au vendredi pour le d\u00e9jeuner.<\/p>\n<p class=\" wall-content\">Personnalisez votre actualit\u00e9 en ajoutant vos villes et m\u00e9dias en favori avec <a href=\"https:\/\/moncompte.actu.fr\" title=\"D\u00e9couvez Mon Actu\" rel=\"nofollow noopener\" data-trk=\"{&quot;cta&quot;:{&quot;action&quot;:&quot;https:\\\/\\\/moncompte.actu.fr&quot;,&quot;category&quot;:&quot;mon compte&quot;,&quot;from&quot;:&quot;article footer&quot;,&quot;name&quot;:&quot;Mon actu&quot;,&quot;type&quot;:&quot;cta&quot;}}\" target=\"_blank\">Mon Actu<\/a>.<\/p>\n","protected":false},"excerpt":{"rendered":"Par Julien Damboise Publi\u00e9 le 7 sept. 2025 \u00e0 6h48 Un nouvel h\u00f4tel Park by Hilton a ouvert&hellip;\n","protected":false},"author":2,"featured_media":372243,"comment_status":"","ping_status":"","sticky":false,"template":"","format":"standard","meta":{"footnotes":""},"categories":[1889],"tags":[1111,11,2430,130,1777,674,1011,27,2428,12,25,104,602],"class_list":{"0":"post-372242","1":"post","2":"type-post","3":"status-publish","4":"format-standard","5":"has-post-thumbnail","7":"category-lyon","8":"tag-actu","9":"tag-actualites","10":"tag-auvergne-rhone-alpes","11":"tag-consommation","12":"tag-eu","13":"tag-europe","14":"tag-fr","15":"tag-france","16":"tag-lyon","17":"tag-news","18":"tag-republique-francaise","19":"tag-societe","20":"tag-tourisme"},"share_on_mastodon":{"url":"https:\/\/pubeurope.com\/@fr\/115161256687720222","error":""},"_links":{"self":[{"href":"https:\/\/www.europesays.com\/fr\/wp-json\/wp\/v2\/posts\/372242","targetHints":{"allow":["GET"]}}],"collection":[{"href":"https:\/\/www.europesays.com\/fr\/wp-json\/wp\/v2\/posts"}],"about":[{"href":"https:\/\/www.europesays.com\/fr\/wp-json\/wp\/v2\/types\/post"}],"author":[{"embeddable":true,"href":"https:\/\/www.europesays.com\/fr\/wp-json\/wp\/v2\/users\/2"}],"replies":[{"embeddable":true,"href":"https:\/\/www.europesays.com\/fr\/wp-json\/wp\/v2\/comments?post=372242"}],"version-history":[{"count":0,"href":"https:\/\/www.europesays.com\/fr\/wp-json\/wp\/v2\/posts\/372242\/revisions"}],"wp:featuredmedia":[{"embeddable":true,"href":"https:\/\/www.europesays.com\/fr\/wp-json\/wp\/v2\/media\/372243"}],"wp:attachment":[{"href":"https:\/\/www.europesays.com\/fr\/wp-json\/wp\/v2\/media?parent=372242"}],"wp:term":[{"taxonomy":"category","embeddable":true,"href":"https:\/\/www.europesays.com\/fr\/wp-json\/wp\/v2\/categories?post=372242"},{"taxonomy":"post_tag","embeddable":true,"href":"https:\/\/www.europesays.com\/fr\/wp-json\/wp\/v2\/tags?post=372242"}],"curies":[{"name":"wp","href":"https:\/\/api.w.org\/{rel}","templated":true}]}}