{"id":372250,"date":"2025-09-07T05:05:09","date_gmt":"2025-09-07T05:05:09","guid":{"rendered":"https:\/\/www.europesays.com\/fr\/372250\/"},"modified":"2025-09-07T05:05:09","modified_gmt":"2025-09-07T05:05:09","slug":"avec-cette-innovation-le-bailleur-social-de-paris-la-rivp-veut-faire-baisser-les-charges-de-ses-locataires","status":"publish","type":"post","link":"https:\/\/www.europesays.com\/fr\/372250\/","title":{"rendered":"Avec cette innovation, le bailleur social de Paris, la RIVP, veut faire baisser les charges de ses locataires"},"content":{"rendered":"<p>            Par<br \/>\n        <strong><br \/>\n            <a href=\"https:\/\/actu.fr\/auteur\/redaction-paris\" title=\"Consulter tous les articles de R\u00e9daction Paris\" target=\"_blank\" rel=\"noopener\">R\u00e9daction Paris<\/a><br \/>\n        <\/strong><\/p>\n<p>        Publi\u00e9 le<\/p>\n<p>            7 sept. 2025 \u00e0 6h14        <\/p>\n<p>La start-up bretonne lanc\u00e9e en 2020, <a href=\"https:\/\/actu.fr\/economie\/dans-des-logements-sociaux-en-seine-maritime-cette-innovation-permet-de-grosses-economies_62686512.html\" target=\"_blank\" rel=\"noopener\">Elax Energie<\/a>, a sign\u00e9, courant 2025, la plus importante commande de son histoire avec la <strong>R\u00e9gie immobili\u00e8re de la ville de Paris (RIVP<\/strong>). Jusqu\u2019en 2026, le bailleur social va progressivement d\u00e9ployer le bo\u00eetier Elax sur 22\u2009000 chauffe-eau \u00e9lectriques de son patrimoine, ce qui devrait faire sensiblement baisser la facture des locataires concern\u00e9s.<\/p>\n<p>Un enjeu majeur de la performance \u00e9nerg\u00e9tique dans les logements<\/p>\n<p class=\" wall-content\">\u00ab\u2009Le chauffe-eau reste un angle mort de la performance \u00e9nerg\u00e9tique dans les logements\u2009: il repr\u00e9sente le <strong>deuxi\u00e8me poste de consommation d\u2019\u00e9lectricit\u00e9<\/strong> dans les foyers \u00e9quip\u00e9s, mais son fonctionnement est rarement optimis\u00e9\u2009\u00bb, plante la soci\u00e9t\u00e9 dans un communiqu\u00e9 transmis \u00e0 actu Paris.<\/p>\n<p class=\" wall-content\">Sur les 42\u2009000 chauffe-eau qu\u2019elle pilote d\u00e9j\u00e0, Elax \u00c9nergie aurait en effet observ\u00e9 que <strong>80\u2009% d\u2019entre eux \u00ab\u2009surconsomment<\/strong> faute d\u2019adaptation aux besoins r\u00e9els\u2009\u00bb et que 25\u2009% pr\u00e9sentent un risque sanitaire \u00e0 cause d\u2019une temp\u00e9rature inadapt\u00e9e.<\/p>\n<p>Pr\u00e8s de 100\u00a0euros \u00e9conomis\u00e9s en moyenne par an pour les locataires<\/p>\n<p class=\" wall-content\">C\u2019est pr\u00e9cis\u00e9ment ce que la start-up propose de corriger avec son <strong>bo\u00eetier intelligent<\/strong> qui analyse les usages r\u00e9els dans le logement et ajuste automatiquement la temp\u00e9rature <strong>en fonction des besoins<\/strong>, tout en anticipant les pics de chaleur gr\u00e2ce \u00e0 la m\u00e9t\u00e9o locale.<\/p>\n<p class=\" wall-content\">Une innovation qui permettrait, en moyenne, <strong>26\u2009% d\u2019\u00e9conomies d\u2019\u00e9nergie sur l\u2019eau chaude<\/strong> sanitaire, \u00e0 savoir 105\u00a0euros par an en moyenne par locataire, mais aussi\u00a0quatre ans de dur\u00e9e de vie en plus pour les appareils et une d\u00e9tection pr\u00e9coce des dysfonctionnements.<\/p>\n<p>Une installation en 20\u00a0minutes<\/p>\n<p class=\" wall-content\">L\u2019installation du bo\u00eetier ne dure, elle, que 20\u00a0minutes et ne n\u00e9cessite pas de travaux, ajoute l\u2019entreprise. Celui-ci est, logiquement, enti\u00e8rement pris en charge par la RIVP.<\/p>\n<p class=\" wall-content\">Une fiert\u00e9 pour le bailleur qui se targue d\u2019\u00eatre pionnier dans l\u2019int\u00e9gration de solutions innovantes.<\/p>\n<p class=\" wall-content\">\u00ab\u2009\u00c0 travers cette d\u00e9marche, nous r\u00e9affirmons notre volont\u00e9 d\u2019offrir \u00e0 nos locataires un meilleur contr\u00f4le de leurs charges et un confort renforc\u00e9 au quotidien, conclut \u00c8ve Bourgeois, chef de projets technique de la RIVP. Ce projet traduit notre engagement \u00e0 moderniser notre patrimoine, \u00e0 accompagner la transition \u00e9cologique et \u00e0 am\u00e9liorer durablement la qualit\u00e9 de vie dans le logement social\u2009\u00bb.<\/p>\n<p class=\" wall-content\">Personnalisez votre actualit\u00e9 en ajoutant vos villes et m\u00e9dias en favori avec <a href=\"https:\/\/moncompte.actu.fr\" title=\"D\u00e9couvez Mon Actu\" rel=\"nofollow noopener\" data-trk=\"{&quot;cta&quot;:{&quot;action&quot;:&quot;https:\\\/\\\/moncompte.actu.fr&quot;,&quot;category&quot;:&quot;mon compte&quot;,&quot;from&quot;:&quot;article footer&quot;,&quot;name&quot;:&quot;Mon actu&quot;,&quot;type&quot;:&quot;cta&quot;}}\" target=\"_blank\">Mon Actu<\/a>.<\/p>\n","protected":false},"excerpt":{"rendered":"Par R\u00e9daction Paris Publi\u00e9 le 7 sept. 2025 \u00e0 6h14 La start-up bretonne lanc\u00e9e en 2020, Elax Energie,&hellip;\n","protected":false},"author":2,"featured_media":372251,"comment_status":"","ping_status":"","sticky":false,"template":"","format":"standard","meta":{"footnotes":""},"categories":[1888],"tags":[11,1777,674,1011,27,5701,6459,12,626,25,104],"class_list":{"0":"post-372250","1":"post","2":"type-post","3":"status-publish","4":"format-standard","5":"has-post-thumbnail","7":"category-paris","8":"tag-actualites","9":"tag-eu","10":"tag-europe","11":"tag-fr","12":"tag-france","13":"tag-innovation","14":"tag-logements-sociaux","15":"tag-news","16":"tag-paris","17":"tag-republique-francaise","18":"tag-societe"},"share_on_mastodon":{"url":"https:\/\/pubeurope.com\/@fr\/115161276309647609","error":""},"_links":{"self":[{"href":"https:\/\/www.europesays.com\/fr\/wp-json\/wp\/v2\/posts\/372250","targetHints":{"allow":["GET"]}}],"collection":[{"href":"https:\/\/www.europesays.com\/fr\/wp-json\/wp\/v2\/posts"}],"about":[{"href":"https:\/\/www.europesays.com\/fr\/wp-json\/wp\/v2\/types\/post"}],"author":[{"embeddable":true,"href":"https:\/\/www.europesays.com\/fr\/wp-json\/wp\/v2\/users\/2"}],"replies":[{"embeddable":true,"href":"https:\/\/www.europesays.com\/fr\/wp-json\/wp\/v2\/comments?post=372250"}],"version-history":[{"count":0,"href":"https:\/\/www.europesays.com\/fr\/wp-json\/wp\/v2\/posts\/372250\/revisions"}],"wp:featuredmedia":[{"embeddable":true,"href":"https:\/\/www.europesays.com\/fr\/wp-json\/wp\/v2\/media\/372251"}],"wp:attachment":[{"href":"https:\/\/www.europesays.com\/fr\/wp-json\/wp\/v2\/media?parent=372250"}],"wp:term":[{"taxonomy":"category","embeddable":true,"href":"https:\/\/www.europesays.com\/fr\/wp-json\/wp\/v2\/categories?post=372250"},{"taxonomy":"post_tag","embeddable":true,"href":"https:\/\/www.europesays.com\/fr\/wp-json\/wp\/v2\/tags?post=372250"}],"curies":[{"name":"wp","href":"https:\/\/api.w.org\/{rel}","templated":true}]}}