{"id":372254,"date":"2025-09-07T05:07:14","date_gmt":"2025-09-07T05:07:14","guid":{"rendered":"https:\/\/www.europesays.com\/fr\/372254\/"},"modified":"2025-09-07T05:07:14","modified_gmt":"2025-09-07T05:07:14","slug":"pourquoi-la-france-doit-a-tout-prix-defendre-kiev","status":"publish","type":"post","link":"https:\/\/www.europesays.com\/fr\/372254\/","title":{"rendered":"Pourquoi la France doit \u00e0 tout prix d\u00e9fendre Kiev"},"content":{"rendered":"<p>Certains \u00e9cartent d&rsquo;un revers de la main la notion de menace russe pesant sur\u00a0la s\u00e9curit\u00e9 europ\u00e9enne et en d\u00e9duisent que la d\u00e9faite de l&rsquo;<a class=\"Link\" href=\"https:\/\/www.lepoint.fr\/tags\/ukraine\" data-gtm=\"click:capsule\" data-capsule=\"Lien\" rel=\"nofollow noopener\" target=\"_blank\">Ukraine<\/a> n&rsquo;entra\u00eenerait aucune cons\u00e9quence pour le reste du continent. Ils appellent donc leurs concitoyens \u00e0 ne pas s&rsquo;en inqui\u00e9ter. Avouons que ce message porte\u00a0: Kiev est si loin de Paris. Il y a fort \u00e0 parier que les Fran\u00e7ais regretteraient ce d\u00e9nouement, mais s&rsquo;y r\u00e9signeraient en esp\u00e9rant que la crise s&rsquo;arr\u00eate l\u00e0 et que la paix soit ainsi r\u00e9tablie.<\/p>\n<p>S&rsquo;inscrire en faux face \u00e0 ce raisonnement est d&rsquo;autant moins facile que celui qui propose de ne rien faire a toujours l&rsquo;avantage par rapport \u00e0 Cassandre, porteuse de mauvaises nouvelles qui appellent \u00e0 des efforts et \u00e0 des sacrifices. \u00c7a l&rsquo;est d&rsquo;autant moins que les Europ\u00e9ens ont oubli\u00e9 la logique qui en justifie la n\u00e9cessit\u00e9. En effet, les souvenirs de deux atroces guerres mondiales ont fait de l&rsquo;Europe une zone qui a voulu \u00e0 jamais se d\u00e9barrasser des rivalit\u00e9s g\u00e9opolitiques. La n\u00e9gociation, le compromis et le droit devaient s&rsquo;y substituer afin de faire de la guerre un archa\u00efsme condamn\u00e9 \u00e0 dispara\u00eetre.<\/p>\n<p>L&rsquo;invasion de l&rsquo;Ukraine a clos cette p\u00e9riode qui n&rsquo;\u00e9tait finalement qu&rsquo;une parenth\u00e8se dans l&rsquo;histoire tragique de notre continent. Il nous faut donc faire l&rsquo;effort de revenir \u00e0 des v\u00e9rit\u00e9s qui ont \u00e9t\u00e9 celles de nos anc\u00eatres pendant des si\u00e8cles, puisque l&rsquo;ordre occidental dont nous avons profit\u00e9 n&rsquo;est plus. Le monde est une jungle o\u00f9 seuls les rapports de force comptent. Les \u00c9tats doivent toujours se pr\u00e9parer au pire pour l&rsquo;\u00e9viter. \u00ab\u00a0Si tu veux la paix, pr\u00e9pare la guerre\u00a0\u00bb, dit le proverbe latin. Or c&rsquo;est d\u00e9sormais un fait \u00e9tabli qu&rsquo;une Russie r\u00e9visionniste veut modifier, au besoin par la force, un statu quo territorial europ\u00e9en qui est, du point de vue de la France, sans doute le plus favorable qu&rsquo;elle ait jamais connu en \u00e9loignant de ses fronti\u00e8res toute menace potentielle.<\/p>\n<p>Dans la m\u00eame chronique<\/p>\n<p>Certes, une arm\u00e9e russe saign\u00e9e \u00e0 blanc qui aura \u00e9prouv\u00e9 tant de difficult\u00e9s pour vaincre son ennemi ne lancera pas ses chars sur la Pologne. N\u00e9anmoins, elle aura cr\u00e9\u00e9 une nouvelle r\u00e9alit\u00e9 aux fronti\u00e8res de l&rsquo;Europe en remportant une victoire aux d\u00e9pens d&rsquo;un Occident qui aura prouv\u00e9 son impuissance. Elle aura ainsi impos\u00e9 un nouveau rapport de force \u00e0 son profit et \u00e0 nos d\u00e9pens. De tels bouleversements entra\u00eenent toujours des cons\u00e9quences\u00a0: elle pourra alors peser de tout son poids sur des voisins dont certains seront vuln\u00e9rables \u00e0 ses pressions soit \u00e0 cause de leur taille, comme les pays Baltes, soit \u00e0 cause de leur situation int\u00e9rieure, comme la Moldavie ou la Roumanie.<\/p>\n<p>Elle exercera son prestige aupr\u00e8s d&rsquo;autres comme la Slovaquie, la Hongrie, la Serbie ou la Bulgarie et jouera ailleurs des partis d&rsquo;extr\u00eame droite qui lui sont proches. Elle pourra alors poursuivre son objectif strat\u00e9gique, qui est la dislocation de l&rsquo;Otan et de l&rsquo;UE pour imposer son h\u00e9g\u00e9monie \u00e0 une Europe d\u00e9sormais fragment\u00e9e et abandonn\u00e9e par les \u00c9tats-Unis.<\/p>\n<p>Sc\u00e9nario catastrophe<\/p>\n<p>\u00c0 cet \u00e9gard, le sc\u00e9nario de la prochaine \u00e9tape de ce processus s&rsquo;impose de lui-m\u00eame\u00a0: qu&rsquo;arriverait-il si la Russie prenant l&rsquo;argument du sort de la minorit\u00e9 russe en Estonie, un pays de 1,5\u00a0million d&rsquo;habitants, saisissait un gage territorial aux d\u00e9pens de celle-ci\u00a0? Pense-t-on s\u00e9rieusement que les \u00c9tats membres de l&rsquo;Otan rempliraient alors pleinement leurs engagements, stipul\u00e9s dans l&rsquo;article\u00a05 du trait\u00e9 de l&rsquo;Atlantique Nord, qui, d&rsquo;ailleurs, n&rsquo;impose pas de r\u00e9action proprement militaire\u00a0si un alli\u00e9 est victime d&rsquo;une agression\u00a0? Feraient-ils la guerre pour l&rsquo;Estonie\u00a0? Poser la question, c&rsquo;est, je le crains, y r\u00e9pondre. En tout cas, Donald Trump ne l\u00e8verait pas le petit doigt.<\/p>\n<p>\u00c0 LIRE AUSSI <strong class=\"strong\"><a href=\"https:\/\/www.lepoint.fr\/monde\/quand-meme-les-fideles-de-poutine-deviennent-des-agents-etrangers-05-09-2025-2597842_24.php\" title=\"Quand m\u00eame les fid\u00e8les de Poutine deviennent des \u00ab\u00a0agents \u00e9trangers\u00a0\u00bb\" style=\"text-decoration: none; color: inherit;\" data-gtm=\"click:capsule\" data-capsule=\"\u00c0 lire aussi\" rel=\"nofollow noopener\" target=\"_blank\">Quand m\u00eame les fid\u00e8les de Poutine deviennent des \u00ab\u00a0agents \u00e9trangers\u00a0\u00bb<\/a><\/strong><br \/>\n\u00c0 D\u00e9couvrir<br \/>\n<strong class=\"discover-kangourou__line\"><br \/>\n<img decoding=\"async\" class=\"discover-kangourou__img\" src=\"https:\/\/static.lpnt.fr\/static\/img\/kangourou\/kangourou_filled.svg\"\/><br \/>\n<strong class=\"discover-kangourou__txt\"><br \/>\n<strong>Le Kangourou du jour<\/strong><br \/>\n<a href=\"https:\/\/kangourou.lepoint.fr\" title=\"kangourou\" data-gtm-cta=\"kangourou_article\" class=\"discover-kangourou__lnk\" rel=\"nofollow noopener\" target=\"_blank\"><br \/>\nR\u00e9pondre<br \/>\n<\/a><br \/>\n<\/strong><br \/>\n<\/strong><br \/>\n La Russie aurait alors prouv\u00e9 que la pr\u00e9tendue garantie de s\u00e9curit\u00e9 de l&rsquo;Otan n&rsquo;est plus qu&rsquo;une coquille vide. Ce serait alors en Europe le \u00ab\u00a0chacun pour soi\u00a0\u00bb qui lui permettrait de reconstituer une zone d&rsquo;influence \u00e0 ses fronti\u00e8res. Elle aurait victorieusement repris sa marche s\u00e9culaire vers l&rsquo;ouest, un instant, interrompue par l&rsquo;effondrement de l&rsquo;URSS. Or la technologie contemporaine fait que le temps n&rsquo;est plus de la protection d&rsquo;ailleurs relative qu&rsquo;offrait la distance\u00a0: aujourd&rsquo;hui, l&rsquo;ind\u00e9pendance, la libert\u00e9 et la prosp\u00e9rit\u00e9 de la France sont indissociables de celles de ses partenaires europ\u00e9ens. Seraient-ils subjugu\u00e9s si son tour venait rapidement, pas sous la forme de chars sur les Champs-\u00c9lys\u00e9es, mais de mani\u00e8re plus sournoise, comme une vassalisation de fait.<\/p>\n<p>Nous aurions d\u00fb nous battre en 1936, d\u00e8s la r\u00e9occupation de la Rh\u00e9nanie par l&rsquo;Allemagne, et nous aurions \u00e9vit\u00e9 ainsi le pire. Je suis aujourd&rsquo;hui convaincu que, dans des circonstances certes tr\u00e8s diff\u00e9rentes, nous devrions en faire de m\u00eame pour d\u00e9fendre Kiev. Il ne serait pas n\u00e9cessaire d&rsquo;envoyer nos soldats en Ukraine, mais la d\u00e9fense a\u00e9rienne du pays et la mobilisation r\u00e9elle de notre industrie de d\u00e9fense repr\u00e9senteraient certes un effort substantiel, mais pourraient convaincre la Russie qu&rsquo;elle ne l&#8217;emportera pas et qu&rsquo;elle doit n\u00e9gocier sur des bases r\u00e9alistes. Sinon, apr\u00e8s Kiev viendra Tallinn\u2026. Une crise que nous affronterions dans des circonstances bien pires face \u00e0 un ennemi qui aurait prouv\u00e9 sa d\u00e9termination et sa puissance. Oui, la s\u00e9curit\u00e9 de la France repose sur la pr\u00e9servation de l&rsquo;ind\u00e9pendance de l&rsquo;Ukraine.<\/p>\n<p>Toute l\u2019actualit\u00e9 \u00e0 1\u20ac le premier mois<\/p>\n<p><a href=\"https:\/\/abo.lepoint.fr\/?provenance=21EDI020098\" class=\"btn\" title=\"S&#039;abonner\" data-gtm=\"click:abo|display:abo\" data-campaign=\"paywall_maison\" rel=\"nofollow noopener\" target=\"_blank\">S&rsquo;abonner<\/a><\/p>\n<p>ou<\/p>\n","protected":false},"excerpt":{"rendered":"Certains \u00e9cartent d&rsquo;un revers de la main la notion de menace russe pesant sur\u00a0la s\u00e9curit\u00e9 europ\u00e9enne et en&hellip;\n","protected":false},"author":2,"featured_media":372255,"comment_status":"","ping_status":"","sticky":false,"template":"","format":"standard","meta":{"footnotes":""},"categories":[1591],"tags":[11,1887,49211,12,1885,1886,132,220,135,134],"class_list":{"0":"post-372254","1":"post","2":"type-post","3":"status-publish","4":"format-standard","5":"has-post-thumbnail","7":"category-russie","8":"tag-actualites","9":"tag-federation-de-russie","10":"tag-la-chronique-de-gerard-araud","11":"tag-news","12":"tag-russia","13":"tag-russian-federation","14":"tag-russie","15":"tag-ukraine","16":"tag-vladimir-poutine","17":"tag-volodymyr-zelensky"},"share_on_mastodon":{"url":"https:\/\/pubeurope.com\/@fr\/115161284297339126","error":""},"_links":{"self":[{"href":"https:\/\/www.europesays.com\/fr\/wp-json\/wp\/v2\/posts\/372254","targetHints":{"allow":["GET"]}}],"collection":[{"href":"https:\/\/www.europesays.com\/fr\/wp-json\/wp\/v2\/posts"}],"about":[{"href":"https:\/\/www.europesays.com\/fr\/wp-json\/wp\/v2\/types\/post"}],"author":[{"embeddable":true,"href":"https:\/\/www.europesays.com\/fr\/wp-json\/wp\/v2\/users\/2"}],"replies":[{"embeddable":true,"href":"https:\/\/www.europesays.com\/fr\/wp-json\/wp\/v2\/comments?post=372254"}],"version-history":[{"count":0,"href":"https:\/\/www.europesays.com\/fr\/wp-json\/wp\/v2\/posts\/372254\/revisions"}],"wp:featuredmedia":[{"embeddable":true,"href":"https:\/\/www.europesays.com\/fr\/wp-json\/wp\/v2\/media\/372255"}],"wp:attachment":[{"href":"https:\/\/www.europesays.com\/fr\/wp-json\/wp\/v2\/media?parent=372254"}],"wp:term":[{"taxonomy":"category","embeddable":true,"href":"https:\/\/www.europesays.com\/fr\/wp-json\/wp\/v2\/categories?post=372254"},{"taxonomy":"post_tag","embeddable":true,"href":"https:\/\/www.europesays.com\/fr\/wp-json\/wp\/v2\/tags?post=372254"}],"curies":[{"name":"wp","href":"https:\/\/api.w.org\/{rel}","templated":true}]}}