{"id":372262,"date":"2025-09-07T05:11:09","date_gmt":"2025-09-07T05:11:09","guid":{"rendered":"https:\/\/www.europesays.com\/fr\/372262\/"},"modified":"2025-09-07T05:11:09","modified_gmt":"2025-09-07T05:11:09","slug":"le-chancelant-ami-allemand-le-temps","status":"publish","type":"post","link":"https:\/\/www.europesays.com\/fr\/372262\/","title":{"rendered":"Le chancelant ami allemand &#8211; Le Temps"},"content":{"rendered":"<p>On a beau avoir sa petite fiert\u00e9 nationale, regretter que <a href=\"https:\/\/www.srf.ch\/news\/schweiz\/praesidial-arena-keller-sutter-zu-eu-vertrag-gewisser-souveraenitaetsverlust\" rel=\"nofollow noopener\" target=\"_blank\">\u00abl\u2019accord avec l\u2019UE constitue une certaine perte de souverainet\u00e9\u00bb<\/a>, quand le grand fr\u00e8re allemand vous propose un petit coup de pouce dans le diff\u00e9rend tarifaire avec Donald Trump, on range son souverainisme dans sa poche.<\/p>\n<p>R\u00e9pondant \u00e0 un journaliste mardi, lors de sa visite \u00e0 Berlin aupr\u00e8s du chancelier Friedrich Merz, la pr\u00e9sidente de la Conf\u00e9d\u00e9ration, Karin Keller-Sutter, a admis avoir discut\u00e9 avec son interlocuteur de la question des taxes douani\u00e8res qui frappent la Suisse. \u00abEt si un soutien ext\u00e9rieur pouvait \u00eatre apport\u00e9, on l\u2019accepterait volontiers.\u00bb M\u00eame si la Suisse, dit-elle, esp\u00e8re r\u00e9gler ce probl\u00e8me toute seule. Et Friedrich Merz d\u2019ajouter: \u00abJe suis bien heureux d\u2019associer la Suisse \u00e0 ce processus [de r\u00e9solution du diff\u00e9rend Etats-Unis-UE]\u2026 La Suisse est une partie de l\u2019espace \u00e9conomique europ\u00e9en.\u00bb Les eurosceptiques appr\u00e9cieront.<\/p>\n","protected":false},"excerpt":{"rendered":"On a beau avoir sa petite fiert\u00e9 nationale, regretter que \u00abl\u2019accord avec l\u2019UE constitue une certaine perte de&hellip;\n","protected":false},"author":2,"featured_media":372263,"comment_status":"","ping_status":"","sticky":false,"template":"","format":"standard","meta":{"footnotes":""},"categories":[1587],"tags":[11,672,1804,1805,1803,73,1777,674,1801,14344,12,301,1802,2582],"class_list":{"0":"post-372262","1":"post","2":"type-post","3":"status-publish","4":"format-standard","5":"has-post-thumbnail","7":"category-allemagne","8":"tag-actualites","9":"tag-allemagne","10":"tag-bundesrepublik-deutschland","11":"tag-de","12":"tag-deutschland","13":"tag-etats-unis","14":"tag-eu","15":"tag-europe","16":"tag-germany","17":"tag-karin-keller-sutter","18":"tag-news","19":"tag-premium","20":"tag-republique-federale-dallemagne","21":"tag-suisse-ue"},"share_on_mastodon":{"url":"https:\/\/pubeurope.com\/@fr\/115161299888754973","error":""},"_links":{"self":[{"href":"https:\/\/www.europesays.com\/fr\/wp-json\/wp\/v2\/posts\/372262","targetHints":{"allow":["GET"]}}],"collection":[{"href":"https:\/\/www.europesays.com\/fr\/wp-json\/wp\/v2\/posts"}],"about":[{"href":"https:\/\/www.europesays.com\/fr\/wp-json\/wp\/v2\/types\/post"}],"author":[{"embeddable":true,"href":"https:\/\/www.europesays.com\/fr\/wp-json\/wp\/v2\/users\/2"}],"replies":[{"embeddable":true,"href":"https:\/\/www.europesays.com\/fr\/wp-json\/wp\/v2\/comments?post=372262"}],"version-history":[{"count":0,"href":"https:\/\/www.europesays.com\/fr\/wp-json\/wp\/v2\/posts\/372262\/revisions"}],"wp:featuredmedia":[{"embeddable":true,"href":"https:\/\/www.europesays.com\/fr\/wp-json\/wp\/v2\/media\/372263"}],"wp:attachment":[{"href":"https:\/\/www.europesays.com\/fr\/wp-json\/wp\/v2\/media?parent=372262"}],"wp:term":[{"taxonomy":"category","embeddable":true,"href":"https:\/\/www.europesays.com\/fr\/wp-json\/wp\/v2\/categories?post=372262"},{"taxonomy":"post_tag","embeddable":true,"href":"https:\/\/www.europesays.com\/fr\/wp-json\/wp\/v2\/tags?post=372262"}],"curies":[{"name":"wp","href":"https:\/\/api.w.org\/{rel}","templated":true}]}}