{"id":372266,"date":"2025-09-07T05:13:12","date_gmt":"2025-09-07T05:13:12","guid":{"rendered":"https:\/\/www.europesays.com\/fr\/372266\/"},"modified":"2025-09-07T05:13:12","modified_gmt":"2025-09-07T05:13:12","slug":"voici-la-nouvelle-menace-de-donald-trump-apres-la-sanction-de-lue-contre-google","status":"publish","type":"post","link":"https:\/\/www.europesays.com\/fr\/372266\/","title":{"rendered":"Voici la nouvelle menace de Donald Trump apr\u00e8s la sanction de l\u2019UE contre Google"},"content":{"rendered":"<p>Comme nous l\u2019\u00e9voquions dans un pr\u00e9c\u00e9dent article, cette semaine, la Commission europ\u00e9enne a inflig\u00e9 <a href=\"https:\/\/www.presse-citron.net\/europe-amende-google-2-milliards-euros-ad-tech-publicite-concurrence\/\" rel=\"nofollow noopener\" target=\"_blank\">une nouvelle amende de 2,95 milliards d\u2019euros<\/a> (environ 3,5 milliards de dollars) \u00e0 Google, apr\u00e8s une enqu\u00eate sur l\u2019empire publicitaire de la firme.<\/p>\n<p>D\u2019apr\u00e8s Bruxelles, Google a \u201cenfreint les r\u00e8gles europ\u00e9ennes en mati\u00e8re de pratiques anticoncurrentielles en faussant la concurrence dans le secteur des technologies publicitaires (\u00abadtech\u00bb).\u201d En plus de l\u2019amende, Google devra aussi mettre fin aux pratiques \u201cd\u2019autopr\u00e9f\u00e9rence\u201d en cause.<\/p>\n<p> Trump r\u00e9agit et menace l\u2019UE <\/p>\n<p>Apr\u00e8s l\u2019annonce de cette sanction europ\u00e9enne, Donald Trump a r\u00e9agi, par le biais de son r\u00e9seau social Truth. \u201cL\u2019Europe a inflig\u00e9 aujourd\u2019hui \u00e0 une autre grande entreprise am\u00e9ricaine, Google, une amende de 3,5 milliards de dollars, pr\u00e9levant ainsi de l\u2019argent qui aurait pu \u00eatre consacr\u00e9 aux investissements et aux emplois am\u00e9ricains. Cette mesure vient s\u2019ajouter aux nombreuses autres amendes et taxes impos\u00e9es \u00e0 Google et \u00e0 d\u2019autres entreprises technologiques am\u00e9ricaines, en particulier\u201d, \u00e9crit le pr\u00e9sident am\u00e9ricain.<\/p>\n<p>\u00c9voquant aussi le cas d\u2019Apple, Trump indique qu\u2019il ne peut pas laisser \u201cune telle chose arriver \u00e0 l\u2019ing\u00e9niosit\u00e9 brillante et sans pr\u00e9c\u00e9dent de l\u2019Am\u00e9rique\u201d. <strong>Celui-ci menace par ailleurs de d\u00e9clencher un m\u00e9canisme de droits de douane punitifs (la \u201cSection 301\u201d) pour rendre nul ce qu\u2019il consid\u00e8re comme des sanctions injustes contre des soci\u00e9t\u00e9s am\u00e9ricaines.<\/strong><\/p>\n<p>De son c\u00f4t\u00e9, Google a d\u00e9j\u00e0 exprim\u00e9 son d\u00e9saccord avec la d\u00e9cision de la Commission europ\u00e9enne. Lee-Anne Mulholland, vice-pr\u00e9sidente et responsable des affaires de r\u00e9gulations chez Google, estime que la d\u00e9cision de la Commission europ\u00e9enne concernant ses services de technologies publicitaires \u201cest erron\u00e9e\u201d. Celle-ci a aussi annonc\u00e9 que la firme fera appel de la d\u00e9cision.<\/p>\n<p> Comment cette amende a-t-elle \u00e9t\u00e9 calcul\u00e9e\u00a0? <\/p>\n<p>Dans l\u2019annonce de sa d\u00e9cision, la Commission europ\u00e9enne a expliqu\u00e9 que pour fixer le montant de l\u2019amende, celle-ci a tenu compte de plusieurs \u00e9l\u00e9ments, comme la dur\u00e9e et la gravit\u00e9 de l\u2019infraction, ainsi que le chiffre d\u2019affaires d\u2019AdX dans l\u2019Espace \u00e9conomique europ\u00e9en. De plus, la Commission a tenu compte du fait que, par le pass\u00e9, Google a d\u00e9j\u00e0 \u00e9t\u00e9 sanctionn\u00e9 pour abus de position dominante.<\/p>\n<p>Mais, pour la firme, ce montant est injustifi\u00e9. Celle-ci estime \u00e9galement que les changements demand\u00e9s par l\u2019UE \u201cnuiront \u00e0 des milliers d\u2019entreprises europ\u00e9ennes en rendant plus difficile pour elles de g\u00e9n\u00e9rer des revenus.\u201d<\/p>\n<ul class=\"tldr\">\n<li>L\u2019Union europ\u00e9enne a inflig\u00e9 une amende de 2,95 milliards d\u2019euros \u00e0 Google, \u00e0 la suite d\u2019une enqu\u00eate sur l\u2019empire publicitaire du g\u00e9ant am\u00e9ricain<\/li>\n<li>Donald Trump a r\u00e9agi en mena\u00e7ant d\u2019activer un m\u00e9canisme de droits de douane punitifs<\/li>\n<li>Dans l\u2019annonce de sa d\u00e9cision, la Commission europ\u00e9enne \u00e9voque le calcul du montant de cette amende<\/li>\n<\/ul>\n<blockquote>\n<p class=\"text-base text-neutral-700 dark:text-neutral-300\">\ud83d\udccd Pour ne manquer aucune actualit\u00e9 de Presse-citron, suivez-nous sur <a href=\"https:\/\/news.google.com\/publications\/CAAqBggKMIPiNTC70wU?hl=fr&amp;gl=FR&amp;ceid=FR%3Afr\" target=\"_blank\" rel=\"nofollow noopener\">Google Actualit\u00e9s<\/a> et <a href=\"https:\/\/whatsapp.com\/channel\/0029VaCkGuz4NViitBXbEr0b\" target=\"_blank\" rel=\"nofollow noopener\">WhatsApp<\/a>.<\/p>\n<\/blockquote>\n<p>            <img decoding=\"async\" src=\"https:\/\/www.europesays.com\/fr\/wp-content\/uploads\/2025\/05\/Telecharger-YouTube.jpg\" alt=\"Youtube\" loading=\"lazy\"\/>                            <\/p>\n","protected":false},"excerpt":{"rendered":"Comme nous l\u2019\u00e9voquions dans un pr\u00e9c\u00e9dent article, cette semaine, la Commission europ\u00e9enne a inflig\u00e9 une nouvelle amende de&hellip;\n","protected":false},"author":2,"featured_media":372267,"comment_status":"","ping_status":"","sticky":false,"template":"","format":"standard","meta":{"footnotes":""},"categories":[1586],"tags":[11,75,1777,674,1779,1011,27,323,12,25,1778,364],"class_list":{"0":"post-372266","1":"post","2":"type-post","3":"status-publish","4":"format-standard","5":"has-post-thumbnail","7":"category-europe","8":"tag-actualites","9":"tag-donald-trump","10":"tag-eu","11":"tag-europe","12":"tag-european-union","13":"tag-fr","14":"tag-france","15":"tag-google","16":"tag-news","17":"tag-republique-francaise","18":"tag-ue","19":"tag-union-europeenne"},"share_on_mastodon":{"url":"https:\/\/pubeurope.com\/@fr\/115161307984352494","error":""},"_links":{"self":[{"href":"https:\/\/www.europesays.com\/fr\/wp-json\/wp\/v2\/posts\/372266","targetHints":{"allow":["GET"]}}],"collection":[{"href":"https:\/\/www.europesays.com\/fr\/wp-json\/wp\/v2\/posts"}],"about":[{"href":"https:\/\/www.europesays.com\/fr\/wp-json\/wp\/v2\/types\/post"}],"author":[{"embeddable":true,"href":"https:\/\/www.europesays.com\/fr\/wp-json\/wp\/v2\/users\/2"}],"replies":[{"embeddable":true,"href":"https:\/\/www.europesays.com\/fr\/wp-json\/wp\/v2\/comments?post=372266"}],"version-history":[{"count":0,"href":"https:\/\/www.europesays.com\/fr\/wp-json\/wp\/v2\/posts\/372266\/revisions"}],"wp:featuredmedia":[{"embeddable":true,"href":"https:\/\/www.europesays.com\/fr\/wp-json\/wp\/v2\/media\/372267"}],"wp:attachment":[{"href":"https:\/\/www.europesays.com\/fr\/wp-json\/wp\/v2\/media?parent=372266"}],"wp:term":[{"taxonomy":"category","embeddable":true,"href":"https:\/\/www.europesays.com\/fr\/wp-json\/wp\/v2\/categories?post=372266"},{"taxonomy":"post_tag","embeddable":true,"href":"https:\/\/www.europesays.com\/fr\/wp-json\/wp\/v2\/tags?post=372266"}],"curies":[{"name":"wp","href":"https:\/\/api.w.org\/{rel}","templated":true}]}}