{"id":372268,"date":"2025-09-07T05:14:17","date_gmt":"2025-09-07T05:14:17","guid":{"rendered":"https:\/\/www.europesays.com\/fr\/372268\/"},"modified":"2025-09-07T05:14:17","modified_gmt":"2025-09-07T05:14:17","slug":"deuxieme-en-qualifs-norris-nattend-pas-de-miracle-en-course-a-monza","status":"publish","type":"post","link":"https:\/\/www.europesays.com\/fr\/372268\/","title":{"rendered":"Deuxi\u00e8me en qualifs, Norris &lsquo;n&rsquo;attend pas de miracle&rsquo; en course \u00e0 Monza"},"content":{"rendered":"<p class=\"mt-5\">Lando Norris revient de loin avec sa qualification en deuxi\u00e8me place au Grand Prix d\u2019Italie. Le pilote McLaren F1 a failli \u00eatre \u00e9limin\u00e9 en Q2 et avait rat\u00e9 son premier tour de Q3, pointant septi\u00e8me avant la derni\u00e8re tentative. Mais il a finalement r\u00e9ussi \u00e0 terminer juste derri\u00e8re Max Verstappen.<\/p>\n<p class=\"mt-5\">\u00ab\u00a0Non, Max a \u00e9t\u00e9 tr\u00e8s rapide tout le week-end et ce n\u2019est jamais une surprise avec Max. Ca a \u00e9t\u00e9 une s\u00e9ance compliqu\u00e9e pour moi avec des hauts et des bas et trop d\u2019erreurs, mais je suis content d\u2019avoir r\u00e9ussi mon dernier tour et de finir deuxi\u00e8me\u00a0\u00bb a d\u00e9clar\u00e9 Norris.<\/p>\n<p class=\"mt-5\">\u00ab\u00a0Je ne pense pas avoir fait le meilleur travail possible donc c\u2019est bien d\u2019\u00eatre deuxi\u00e8me, ce n\u2019est pas mauvais. C\u2019est une bonne position pour demain et je suis impatient pour la course\u00a0\u00bb poursuit le Britannique, qui n\u2019est pas s\u00fbr d\u2019avoir les moyens de battre la Red Bull qui s\u2019\u00e9lancera en pole.<\/p>\n<p class=\"mt-5\">\u00ab\u00a0La course le dimanche est normalement notre force. On va essayer de passer Max et ce devrait \u00eatre difficile. Ils avaient un rythme tr\u00e8s fort, en fin de relais ils faisaient les m\u00eames tours que nous, donc je n\u2019attends pas de miracle. Mais c\u2019est une longue course et tout peut arriver.\u00a0\u00bb<\/p>\n<p class=\"mt-5\">Oscar Piastri sera en deuxi\u00e8me ligne gr\u00e2ce \u00e0 une troisi\u00e8me place dont le pilote australien se contente. Il se satisfait de son tour mais s\u2019attendait \u00e0 voir une autre voiture lui passer devant, et il n\u2019est pas trop \u00e9tonn\u00e9 que Verstappen soit en pole.<\/p>\n<p class=\"mt-5\">\u00ab\u00a0Rien de grave, le premier virage \u00e9tait moyen et le reste du tour \u00e9tait bon, c\u2019\u00e9tait une bonne s\u00e9ance. J\u2019ai bien progress\u00e9 d\u00e8s le d\u00e9but pour trouver mon rythme mais c\u2019\u00e9tait tr\u00e8s serr\u00e9. Max et Red Bull \u00e9taient rapides ce week-end, ce n\u2019\u00e9tait pas confortable pour nous donc ce n\u2019est pas une grosse surprise\u00a0\u00bb a d\u00e9clar\u00e9 Piastri.<\/p>\n<p class=\"mt-5\">Il assure ne pas avoir pens\u00e9 au championnat ni \u00e0 son avance qui a augment\u00e9 pendant la qualification\u00a0: \u00ab\u00a0Non, quand vous \u00eates dans votre tour vous tentez de r\u00e9ussir la pole. On ne sait pas ce que les autres vont faire, donc sur le moment on va \u00e0 fond, mais la saison est encore longue et j\u2019essaierai de progresser demain car j\u2019aimerais avoir plusieurs victoires suppl\u00e9mentaires si je le peux.\u00a0\u00bb<\/p>\n<p class=\"mt-5\">Interrog\u00e9 sur ses attentes pour la course, il pense que le rythme des EL2 a de quoi lui conf\u00e9rer un peu d\u2019espoir de signer un bon r\u00e9sultat\u00a0: \u00ab\u00a0Ca n\u2019\u00e9tait pas mauvais de l\u00e0 o\u00f9 j\u2019\u00e9tais, c\u2019\u00e9tait juste un peu d\u00e9licat pour nous. J\u2019ai aussi manqu\u00e9 les EL1 donc c\u2019\u00e9tait mes premiers longs relais, mais je suis plut\u00f4t confiant.\u00a0\u00bb<\/p>\n<p class=\"mt-5\">Andrea Stella, directeur de l\u2019\u00e9quipe, reste confiant malgr\u00e9 la pole prise par Max Verstappen.<\/p>\n<p class=\"mt-5\">\u00ab\u00a0La s\u00e9ance a \u00e9t\u00e9 tr\u00e8s serr\u00e9e. Les 20 voitures \u00e9taient toutes proches, ce qui nous a permis de voir de la vari\u00e9t\u00e9 en fonction de la qualit\u00e9 des tours de chacun, notamment gr\u00e2ce \u00e0 quelques aspirations \u200b\u200bqui pouvaient avoir un impact important.\u00a0\u00bb<\/p>\n<p class=\"mt-5\">\u00ab\u00a0Par moments, c\u2019\u00e9tait un peu intense pour nous, Lando ayant perdu le premier train de pneus en Q2. Il devait donc s\u2019assurer de r\u00e9aliser un bon tour lors du deuxi\u00e8me run pour acc\u00e9der \u00e0 la Q3. Une s\u00e9ance tr\u00e8s int\u00e9ressante, mais Lando et Oscar ont tous deux fait du bon travail pour gagner du temps en Q3.\u00a0\u00bb<\/p>\n<p class=\"mt-5\">\u00ab\u00a0C\u2019est une s\u00e9ance globalement positive et une bonne position pour la course de demain.\u00a0\u00bb<\/p>\n<p class=\"mt-5\">\u00ab\u00a0Pour \u00eatre honn\u00eate concernant Max, il a montr\u00e9 tout au long des qualifications qu\u2019il avait un dixi\u00e8me de seconde de plus que nous. Il a \u00e9t\u00e9 plus rapide tout au long du week-end, alors bravo \u00e0 Red Bull et \u00e0 Max, mais demain nous sommes bien plac\u00e9s et nous n\u2019oublierons certainement pas la Ferrari juste derri\u00e8re nous, ni Russell.\u00a0\u00bb<\/p>\n<p class=\"mt-5\">\u00ab\u00a0La course s\u2019annonce tr\u00e8s int\u00e9ressante. Le rythme de course sera tr\u00e8s serr\u00e9. La d\u00e9gradation ne devrait pas \u00eatre trop importante, donc cela ne d\u00e9pendra pas uniquement de la d\u00e9gradation et du rythme, mais aussi de certaines autres variables \u00e0 surveiller qui pourront \u00eatre importantes demain.\u00a0\u00bb<\/p>\n","protected":false},"excerpt":{"rendered":"Lando Norris revient de loin avec sa qualification en deuxi\u00e8me place au Grand Prix d\u2019Italie. Le pilote McLaren&hellip;\n","protected":false},"author":2,"featured_media":372269,"comment_status":"","ping_status":"","sticky":false,"template":"","format":"standard","meta":{"footnotes":""},"categories":[2],"tags":[11,1011,27,12,25],"class_list":{"0":"post-372268","1":"post","2":"type-post","3":"status-publish","4":"format-standard","5":"has-post-thumbnail","7":"category-actualites","8":"tag-actualites","9":"tag-fr","10":"tag-france","11":"tag-news","12":"tag-republique-francaise"},"share_on_mastodon":{"url":"https:\/\/pubeurope.com\/@fr\/115161311663482166","error":""},"_links":{"self":[{"href":"https:\/\/www.europesays.com\/fr\/wp-json\/wp\/v2\/posts\/372268","targetHints":{"allow":["GET"]}}],"collection":[{"href":"https:\/\/www.europesays.com\/fr\/wp-json\/wp\/v2\/posts"}],"about":[{"href":"https:\/\/www.europesays.com\/fr\/wp-json\/wp\/v2\/types\/post"}],"author":[{"embeddable":true,"href":"https:\/\/www.europesays.com\/fr\/wp-json\/wp\/v2\/users\/2"}],"replies":[{"embeddable":true,"href":"https:\/\/www.europesays.com\/fr\/wp-json\/wp\/v2\/comments?post=372268"}],"version-history":[{"count":0,"href":"https:\/\/www.europesays.com\/fr\/wp-json\/wp\/v2\/posts\/372268\/revisions"}],"wp:featuredmedia":[{"embeddable":true,"href":"https:\/\/www.europesays.com\/fr\/wp-json\/wp\/v2\/media\/372269"}],"wp:attachment":[{"href":"https:\/\/www.europesays.com\/fr\/wp-json\/wp\/v2\/media?parent=372268"}],"wp:term":[{"taxonomy":"category","embeddable":true,"href":"https:\/\/www.europesays.com\/fr\/wp-json\/wp\/v2\/categories?post=372268"},{"taxonomy":"post_tag","embeddable":true,"href":"https:\/\/www.europesays.com\/fr\/wp-json\/wp\/v2\/tags?post=372268"}],"curies":[{"name":"wp","href":"https:\/\/api.w.org\/{rel}","templated":true}]}}