{"id":372270,"date":"2025-09-07T05:15:25","date_gmt":"2025-09-07T05:15:25","guid":{"rendered":"https:\/\/www.europesays.com\/fr\/372270\/"},"modified":"2025-09-07T05:15:25","modified_gmt":"2025-09-07T05:15:25","slug":"si-la-gauche-arrive-a-matignon-lr-a-trouve-une-formule-pour-camoufler-ses-divisions-2","status":"publish","type":"post","link":"https:\/\/www.europesays.com\/fr\/372270\/","title":{"rendered":"Si la gauche arrive \u00e0 Matignon, LR a trouv\u00e9 une formule pour camoufler ses divisions"},"content":{"rendered":"<p>        <img decoding=\"async\" loading=\"lazy\" src=\"https:\/\/www.europesays.com\/fr\/wp-content\/uploads\/2025\/09\/bd3000f_upload-1-nf4hxrxkze48-afp-20250906-73ln4bm-v3-highres-francepoliticspartieslr.jpg\"  width=\"728\" height=\"410\" alt=\"Bruno Retailleau photographi\u00e9 \u00e0 Port-Marly ce samedi 6\u00a0septembre pour la rentr\u00e9e des R\u00e9publicains (Photo by STEPHANE DE SAKUTIN \/ AFP)\"\/>  <\/p>\n<p>STEPHANE DE SAKUTIN \/ AFP<\/p>\n<p>Bruno Retailleau photographi\u00e9 \u00e0 Port-Marly ce samedi 6\u00a0septembre pour la rentr\u00e9e des R\u00e9publicains (Photo by STEPHANE DE SAKUTIN \/ AFP)<\/p>\n<p class=\"asset asset-text\">POLITIQUE &#8211; C\u2019est l\u2019hypoth\u00e8se qui a mis le parti de droite sens dessus dessous. Alors que le Parti socialiste <a href=\"https:\/\/www.huffingtonpost.fr\/politique\/article\/comment-olivier-faure-veut-se-frayer-un-chemin-dans-le-marasme-politique-pour-s-imposer-a-matignon_254361.html\" target=\"_blank\" rel=\"noopener\">se place pour Matignon<\/a> en anticipant la chute annonc\u00e9e de <a href=\"https:\/\/www.huffingtonpost.fr\/politique\/article\/dissolution-ou-demission-de-macron-les-francais-ont-une-preference-en-cas-de-chute-de-bayrou-exclusif_254472.html\" target=\"_blank\" rel=\"noopener\">Fran\u00e7ois Bayrou<\/a>, Les R\u00e9publicains ont fait \u00e9talage de leurs divisions sur le sujet. Il y a, d\u2019un c\u00f4t\u00e9, Laurent Wauquiez, qui a laiss\u00e9 entendre que ses troupes \u00e0 l\u2019Assembl\u00e9e ne censureront pas un gouvernement de gauche, pas plus qu\u2019un ex\u00e9cutif RN.<\/p>\n<p class=\"asset asset-text\">Ce qui, de l\u2019autre, a fait bondir le pr\u00e9sident du parti, Bruno Retailleau. \u00ab\u00a0Si un gouvernement socialiste devait mener une politique contraire aux int\u00e9r\u00eats de la France, le devoir de la droite serait de l\u2019emp\u00eacher\u00a0\u00bb, a-t-il r\u00e9pliqu\u00e9, se gardant bien de pr\u00e9ciser s\u2019il r\u00e9serverait le m\u00eame sort \u00e0 l\u2019extr\u00eame droite. R\u00e9unie \u00e0 Port-Marly pour sa rentr\u00e9e politique, la formation de droite a manifestement trouv\u00e9 une formule qui met tout le monde d\u2019accord, et qui permet (surtout) de mettre la cacophonie en sourdine.<\/p>\n<p class=\"asset asset-text\">Du moins pour quelque temps. \u00ab\u00a0Si la gauche est \u00e0 Matignon, la droite sera dans l\u2019opposition\u00a0\u00bb, a pr\u00e9venu ce samedi 6\u00a0septembre le secr\u00e9taire g\u00e9n\u00e9ral de LR Othman Nasrou, affirmant qu\u2019une telle issue n\u2019aurait \u00ab\u00a0pas d\u2019assentiment\u00a0\u00bb de la droite.<\/p>\n<p>    Ligne de cr\u00eate    <\/p>\n<p class=\"asset asset-text\">Subtile (ou non), la pirouette permet de ne pas r\u00e9pondre \u00e0 la seule question qui compte dans cette Assembl\u00e9e divis\u00e9e en trois blocs, et qui pr\u00e9sidera la d\u00e9cision d\u2019Emmanuel Macron en la mati\u00e8re\u00a0: Les R\u00e9publicains censureront-ils automatiquement un gouvernement dirig\u00e9 par un socialiste\u00a0? D\u00e9sireux de se distinguer de ceux qui participent \u00e0 l\u2019instabilit\u00e9, tout en souhaitant se d\u00e9marquer de la Macronie et de son \u00ab\u00a0en m\u00eame temps\u00a0\u00bb, le parti de Bruno Retailleau, tiraill\u00e9 entre la \u00ab\u00a0responsabilit\u00e9\u00a0\u00bb et l\u2019affirmation politique, marche sur une ligne de cr\u00eate.<\/p>\n<p class=\"asset asset-text\">D\u2019o\u00f9 la n\u00e9cessit\u00e9 de trouver une formule qui rassemble, un tant soit peu, tout le monde, alors que les d\u00e9put\u00e9s LR ne vont pas tous voter<a href=\"https:\/\/www.huffingtonpost.fr\/politique\/article\/avec-son-vote-de-confiance-francois-bayrou-a-aussi-seme-le-trouble-chez-les-republicains_254242.html\" target=\"_blank\" rel=\"noopener\"> la confiance \u00e0 Fran\u00e7ois Bayrou lundi prochain<\/a>. C\u2019est aussi la position exprim\u00e9e peu avant par le pr\u00e9sident du S\u00e9nat G\u00e9rard Larcher, qui a affirm\u00e9 que son parti ne pouvait envisager un \u00ab\u00a0accord de gouvernement avec le PS\u00a0\u00bb. Il est plus que probable que ce soit r\u00e9ciproque c\u00f4t\u00e9 socialiste.<\/p>\n","protected":false},"excerpt":{"rendered":"STEPHANE DE SAKUTIN \/ AFP Bruno Retailleau photographi\u00e9 \u00e0 Port-Marly ce samedi 6\u00a0septembre pour la rentr\u00e9e des R\u00e9publicains&hellip;\n","protected":false},"author":2,"featured_media":372271,"comment_status":"","ping_status":"","sticky":false,"template":"","format":"standard","meta":{"footnotes":""},"categories":[2],"tags":[11,1013,1011,27,5639,6319,12,4484,316,25],"class_list":{"0":"post-372270","1":"post","2":"type-post","3":"status-publish","4":"format-standard","5":"has-post-thumbnail","7":"category-actualites","8":"tag-actualites","9":"tag-bruno-retailleau","10":"tag-fr","11":"tag-france","12":"tag-laurent-wauquiez","13":"tag-les-republicains","14":"tag-news","15":"tag-parti-socialiste-ps","16":"tag-politique","17":"tag-republique-francaise"},"share_on_mastodon":{"url":"https:\/\/pubeurope.com\/@fr\/115161315676704691","error":""},"_links":{"self":[{"href":"https:\/\/www.europesays.com\/fr\/wp-json\/wp\/v2\/posts\/372270","targetHints":{"allow":["GET"]}}],"collection":[{"href":"https:\/\/www.europesays.com\/fr\/wp-json\/wp\/v2\/posts"}],"about":[{"href":"https:\/\/www.europesays.com\/fr\/wp-json\/wp\/v2\/types\/post"}],"author":[{"embeddable":true,"href":"https:\/\/www.europesays.com\/fr\/wp-json\/wp\/v2\/users\/2"}],"replies":[{"embeddable":true,"href":"https:\/\/www.europesays.com\/fr\/wp-json\/wp\/v2\/comments?post=372270"}],"version-history":[{"count":0,"href":"https:\/\/www.europesays.com\/fr\/wp-json\/wp\/v2\/posts\/372270\/revisions"}],"wp:featuredmedia":[{"embeddable":true,"href":"https:\/\/www.europesays.com\/fr\/wp-json\/wp\/v2\/media\/372271"}],"wp:attachment":[{"href":"https:\/\/www.europesays.com\/fr\/wp-json\/wp\/v2\/media?parent=372270"}],"wp:term":[{"taxonomy":"category","embeddable":true,"href":"https:\/\/www.europesays.com\/fr\/wp-json\/wp\/v2\/categories?post=372270"},{"taxonomy":"post_tag","embeddable":true,"href":"https:\/\/www.europesays.com\/fr\/wp-json\/wp\/v2\/tags?post=372270"}],"curies":[{"name":"wp","href":"https:\/\/api.w.org\/{rel}","templated":true}]}}