{"id":372278,"date":"2025-09-07T05:22:12","date_gmt":"2025-09-07T05:22:12","guid":{"rendered":"https:\/\/www.europesays.com\/fr\/372278\/"},"modified":"2025-09-07T05:22:12","modified_gmt":"2025-09-07T05:22:12","slug":"morbidelli-et-aldeguer-penalises-apres-leurs-accrochages-en-tissot-sprint","status":"publish","type":"post","link":"https:\/\/www.europesays.com\/fr\/372278\/","title":{"rendered":"Morbidelli et Aldeguer p\u00e9nalis\u00e9s apr\u00e8s leurs accrochages en Tissot Sprint"},"content":{"rendered":"<p>Franco Morbidelli (Pertamina Enduro VR46 Racing Team) et Ferm\u00edn Aldeguer (BK8 Gresini Racing MotoGP\u2122) auront quelques m\u00e8tres suppl\u00e9mentaires \u00e0 parcourir dimanche \u00e0 Barcelone puisque les deux hommes ont chacun \u00e9cop\u00e9 d&rsquo;un Long Lap pour leurs incidents respectifs en Tissot Sprint.<\/p>\n<p>Franco Morbidelli a \u00e9t\u00e9 sanctionn\u00e9 pour son accrochage avec le Champion en titre Jorge Mart\u00edn (Aprilia Racing) tandis que le rookie a harponn\u00e9 Marco Bezzecchi (Aprilia Racing), provoquant un double abandon chez Aprilia.<\/p>\n<p>Joan Mir (Honda HRC Castrol) a quant \u00e0 lui \u00e9cop\u00e9 d&rsquo;une p\u00e9nalit\u00e9 de trois places sur la grille de d\u00e9part du Grand Prix pour avoir ralenti sur la trajectoire et g\u00ean\u00e9 un autre pilote en Q1. Il partira donc depuis la 20e position.<\/p>\n","protected":false},"excerpt":{"rendered":"Franco Morbidelli (Pertamina Enduro VR46 Racing Team) et Ferm\u00edn Aldeguer (BK8 Gresini Racing MotoGP\u2122) auront quelques m\u00e8tres suppl\u00e9mentaires&hellip;\n","protected":false},"author":2,"featured_media":372279,"comment_status":"","ping_status":"","sticky":false,"template":"","format":"standard","meta":{"footnotes":""},"categories":[1413],"tags":[1011,27,1457,1456,60,2032],"class_list":{"0":"post-372278","1":"post","2":"type-post","3":"status-publish","4":"format-standard","5":"has-post-thumbnail","7":"category-moto","8":"tag-fr","9":"tag-france","10":"tag-moto","11":"tag-motocycle","12":"tag-sports","13":"tag-text"},"share_on_mastodon":{"url":"https:\/\/pubeurope.com\/@fr\/115161343210942660","error":""},"_links":{"self":[{"href":"https:\/\/www.europesays.com\/fr\/wp-json\/wp\/v2\/posts\/372278","targetHints":{"allow":["GET"]}}],"collection":[{"href":"https:\/\/www.europesays.com\/fr\/wp-json\/wp\/v2\/posts"}],"about":[{"href":"https:\/\/www.europesays.com\/fr\/wp-json\/wp\/v2\/types\/post"}],"author":[{"embeddable":true,"href":"https:\/\/www.europesays.com\/fr\/wp-json\/wp\/v2\/users\/2"}],"replies":[{"embeddable":true,"href":"https:\/\/www.europesays.com\/fr\/wp-json\/wp\/v2\/comments?post=372278"}],"version-history":[{"count":0,"href":"https:\/\/www.europesays.com\/fr\/wp-json\/wp\/v2\/posts\/372278\/revisions"}],"wp:featuredmedia":[{"embeddable":true,"href":"https:\/\/www.europesays.com\/fr\/wp-json\/wp\/v2\/media\/372279"}],"wp:attachment":[{"href":"https:\/\/www.europesays.com\/fr\/wp-json\/wp\/v2\/media?parent=372278"}],"wp:term":[{"taxonomy":"category","embeddable":true,"href":"https:\/\/www.europesays.com\/fr\/wp-json\/wp\/v2\/categories?post=372278"},{"taxonomy":"post_tag","embeddable":true,"href":"https:\/\/www.europesays.com\/fr\/wp-json\/wp\/v2\/tags?post=372278"}],"curies":[{"name":"wp","href":"https:\/\/api.w.org\/{rel}","templated":true}]}}