{"id":372280,"date":"2025-09-07T05:23:10","date_gmt":"2025-09-07T05:23:10","guid":{"rendered":"https:\/\/www.europesays.com\/fr\/372280\/"},"modified":"2025-09-07T05:23:10","modified_gmt":"2025-09-07T05:23:10","slug":"fausse-polemique-mauvais-coupable-arretons-detre-naifs","status":"publish","type":"post","link":"https:\/\/www.europesays.com\/fr\/372280\/","title":{"rendered":"fausse pol\u00e9mique, mauvais coupable, arr\u00eatons d\u2019\u00eatre na\u00effs"},"content":{"rendered":"<p><strong>HUMEUR &#8211; <\/strong>Apr\u00e8s la blessure et le forfait de l\u2019attaquant des Bleus et du PSG, le d\u00e9bat s\u2019enflamme. Mais le fond du probl\u00e8me est connu de tous.<\/p>\n<p class=\"fig-paragraph\">Depuis vendredi soir et\u00a0<a href=\"http:\/\/www.lefigaro.fr\/sports\/football\/coupe-du-monde\/ukraine-france-attaquant-du-psg-doue-touche-au-mollet-20250905\" data-fig-type=\"NewsFlash\" data-gtm-custom-categorie=\"navigation\" data-gtm-custom-action=\"crossclick\" data-gtm-custom-label=\"Contextuel\" data-gtm-event=\"customEventSPE\" data-fig-domain=\"LEFIGARO\" target=\"_blank\" rel=\"noopener\">la sortie sur blessure d\u2019Ousmane Demb\u00e9l\u00e9<\/a>\u00a0contre\u00a0<a href=\"http:\/\/www.lefigaro.fr\/sports\/football\/coupe-du-monde\/les-notes-des-bleus-olise-chef-d-orchestre-mbappe-tueur-a-gages-maignan-precieux-20250905\" data-fig-type=\"NewsFlash\" data-gtm-custom-categorie=\"navigation\" data-gtm-custom-action=\"crossclick\" data-gtm-custom-label=\"Contextuel\" data-gtm-event=\"customEventSPE\" data-fig-domain=\"LEFIGARO\" target=\"_blank\" rel=\"noopener\">l\u2019Ukraine (victoire 2-0)<\/a>\u00a0en seconde p\u00e9riode, Didier Deschamps passe pour le grand m\u00e9chant loup aupr\u00e8s de certains, notamment du\u00a0<a href=\"http:\/\/www.lefigaro.fr\/sports\/football\/coupe-du-monde\/courrier-a-la-fff-opacite-precedents-facheux-pourquoi-le-psg-est-fou-de-rage-apres-les-blessures-de-dembele-et-doue-20250906\" data-fig-type=\"NewsFlash\" data-gtm-custom-categorie=\"navigation\" data-gtm-custom-action=\"crossclick\" data-gtm-custom-label=\"Contextuel\" data-gtm-event=\"customEventSPE\" data-fig-domain=\"LEFIGARO\" target=\"_blank\" rel=\"noopener\">PSG, qui se dit furieux<\/a>. La raison\u00a0? Sa suppos\u00e9e mauvaise gestion du cas Demb\u00e9l\u00e9, sur le flanc pour les six prochaines semaines. \u00c0 56 ans, le technicien a donc mal g\u00e9r\u00e9 le dossier, prenant trop de risques envers un \u00e9l\u00e9ment qui \u00e9tait sorti\u00a0<a href=\"http:\/\/www.lefigaro.fr\/sports\/football\/ligue-1\/psg-inquietude-pour-dembele-touche-a-toulouse-20250830\" data-fig-type=\"NewsFlash\" data-gtm-custom-categorie=\"navigation\" data-gtm-custom-action=\"crossclick\" data-gtm-custom-label=\"Contextuel\" data-gtm-event=\"customEventSPE\" data-fig-domain=\"LEFIGARO\" target=\"_blank\" rel=\"noopener\">en fin de match contre Toulouse samedi dernier (3-6)<\/a>\u00a0apr\u00e8s une douleur \u00e0 la cuisse gauche.<\/p>\n<p class=\"fig-paragraph\">Vendredi soir, c\u2019est la droite qui a c\u00e9d\u00e9 sur une acc\u00e9l\u00e9ration. Le patron des Bleus serait donc l\u2019unique fautif sur cette s\u00e9quence. Son staff m\u00e9dical incomp\u00e9tent. C\u2019est une erreur de jugement. Entre mauvaise foi et na\u00efvet\u00e9. Et un vrai manque de prise de hauteur.<\/p>\n<p class=\"fig-body-link\">\n            \u00c0 lire aussi<br \/>\n        <a class=\"fig-body-link__link fig-premium-mark\" href=\"http:\/\/www.lefigaro.fr\/sports\/football\/coupe-du-monde\/courrier-a-la-fff-opacite-precedents-facheux-pourquoi-le-psg-est-fou-de-rage-apres-les-blessures-de-dembele-et-doue-20250906\" data-fig-type=\"NewsFlash\" data-gtm-custom-categorie=\"navigation\" data-gtm-custom-action=\"crossclick\" data-gtm-custom-label=\"Contextuel\" data-gtm-event=\"customEventSPE\" data-fig-domain=\"LEFIGARO\" target=\"_blank\" rel=\"noopener\">Courrier \u00e0 la FFF, opacit\u00e9, pr\u00e9c\u00e9dents f\u00e2cheux\u2026 Pourquoi le PSG est fou de rage apr\u00e8s les blessures de Demb\u00e9l\u00e9 et Dou\u00e9<br \/>\n    <\/a>\n<\/p>\n<p class=\"fig-paragraph\">Didier Deschamps n\u2019est pas plus responsable que le PSG dans cette affaire. Certes, Ousmane Demb\u00e9l\u00e9 est arriv\u00e9 amoindri lundi, \u00e0 Clairefontaine, faisant constater son \u00e9tat de sant\u00e9 par le staff m\u00e9dical des\u2026<\/p>\n<p class=\"fig-premium-paywall__infos\">\n        Cet article est r\u00e9serv\u00e9 aux abonn\u00e9s.        Il vous reste 81% \u00e0 d\u00e9couvrir.\n    <\/p>\n<p>                <img  data- alt=\"Le Figaro\" class=\"fig-img--complete fig-img\"\/><\/p>\n<p class=\"fig-premium-paywall__title\">Vente Flash<\/p>\n<p class=\"fig-premium-paywall__subtitle\">4,99\u20ac par mois pendant 12 mois. Sans engagement<\/p>\n<p class=\"fig-premium-paywall__connect\">\n                D\u00e9j\u00e0 abonn\u00e9\u00a0?                <a class=\"fig-premium-paywall__connect-link\" href=\"https:\/\/connect.lefigaro.fr\/login?client=horizon_web&amp;type=main&amp;redirect_uri=https%3A%2F%2Fwww.lefigaro.fr%2Fsports%2Ffootball%2Fcoupe-du-monde%2Fdembele-blesse-deschamps-fautif-fausse-polemique-mauvais-coupable-arretons-d-etre-naifs-20250907\" data-js-gtm=\"{&quot;customCategorie&quot;: &quot;conversion&quot;, &quot;customAction&quot;: &quot;before_Landing_Connexion_paywall_auto&quot;, &quot;customLabel&quot;: &quot;bGVmaWdhcm8uZnJfXzFmMDhiNzQyLWU2MjgtNjgwNC1hZDhkLTkxZjg1OTI4NTgyNl9fTmV3c0ZsYXNo_Demb\u00e9l\u00e9 bless\u00e9, Deschamps fautif\u00a0: fausse pol\u00e9mique, mauvais coupable, arr\u00eatons d\u2019\u00eatre na\u00effs_204&quot;, &quot;customIDSPE&quot;: &quot;bGVmaWdhcm8uZnJfXzFmMDhiNzQyLWU2MjgtNjgwNC1hZDhkLTkxZjg1OTI4NTgyNl9fTmV3c0ZsYXNo&quot;, &quot;event&quot;: &quot;customEventSPE&quot;}\" target=\"_blank\" rel=\"noopener\"><br \/>\n                    Connectez-vous<br \/>\n                <\/a>\n            <\/p>\n","protected":false},"excerpt":{"rendered":"HUMEUR &#8211; Apr\u00e8s la blessure et le forfait de l\u2019attaquant des Bleus et du PSG, le d\u00e9bat s\u2019enflamme.&hellip;\n","protected":false},"author":2,"featured_media":372281,"comment_status":"","ping_status":"","sticky":false,"template":"","format":"standard","meta":{"footnotes":""},"categories":[1412],"tags":[18833,20532,6713,1451,1452,1453,1454,1455,1011,27,2782,60],"class_list":{"0":"post-372280","1":"post","2":"type-post","3":"status-publish","4":"format-standard","5":"has-post-thumbnail","7":"category-f1","8":"tag-coupe-du-monde-2026","9":"tag-didier-deschamps","10":"tag-equipe-de-france-de-football","11":"tag-f1","12":"tag-formula-1","13":"tag-formula1","14":"tag-formule-1","15":"tag-formule1","16":"tag-fr","17":"tag-france","18":"tag-ousmane-dembele","19":"tag-sports"},"share_on_mastodon":{"url":"https:\/\/pubeurope.com\/@fr\/115161347054515748","error":""},"_links":{"self":[{"href":"https:\/\/www.europesays.com\/fr\/wp-json\/wp\/v2\/posts\/372280","targetHints":{"allow":["GET"]}}],"collection":[{"href":"https:\/\/www.europesays.com\/fr\/wp-json\/wp\/v2\/posts"}],"about":[{"href":"https:\/\/www.europesays.com\/fr\/wp-json\/wp\/v2\/types\/post"}],"author":[{"embeddable":true,"href":"https:\/\/www.europesays.com\/fr\/wp-json\/wp\/v2\/users\/2"}],"replies":[{"embeddable":true,"href":"https:\/\/www.europesays.com\/fr\/wp-json\/wp\/v2\/comments?post=372280"}],"version-history":[{"count":0,"href":"https:\/\/www.europesays.com\/fr\/wp-json\/wp\/v2\/posts\/372280\/revisions"}],"wp:featuredmedia":[{"embeddable":true,"href":"https:\/\/www.europesays.com\/fr\/wp-json\/wp\/v2\/media\/372281"}],"wp:attachment":[{"href":"https:\/\/www.europesays.com\/fr\/wp-json\/wp\/v2\/media?parent=372280"}],"wp:term":[{"taxonomy":"category","embeddable":true,"href":"https:\/\/www.europesays.com\/fr\/wp-json\/wp\/v2\/categories?post=372280"},{"taxonomy":"post_tag","embeddable":true,"href":"https:\/\/www.europesays.com\/fr\/wp-json\/wp\/v2\/tags?post=372280"}],"curies":[{"name":"wp","href":"https:\/\/api.w.org\/{rel}","templated":true}]}}