{"id":372293,"date":"2025-09-07T05:31:17","date_gmt":"2025-09-07T05:31:17","guid":{"rendered":"https:\/\/www.europesays.com\/fr\/372293\/"},"modified":"2025-09-07T05:31:17","modified_gmt":"2025-09-07T05:31:17","slug":"toujours-aussi-etrange-toujours-aussi-beau","status":"publish","type":"post","link":"https:\/\/www.europesays.com\/fr\/372293\/","title":{"rendered":"toujours aussi \u00e9trange, toujours aussi beau\u00a0!"},"content":{"rendered":"<p>      VID\u00c9O \u2014 Chaque semaine, nos critiques cin\u00e9ma commentent un film sorti en salles. Aujourd\u2019hui, Marie Sauvion et Samuel Douhaire s\u2019enthousiasment de la reprise du sixi\u00e8me film de Nanni Moretti, dans une version restaur\u00e9e.                                 <\/p>\n<p class=\"author author--simple\">Par  <a class=\"author author--link\" href=\"https:\/\/www.telerama.fr\/recherche\/articles?q=+Marie+Sauvion%2C\" rel=\"nofollow noopener\" target=\"_blank\">  Marie Sauvion, <\/a>        <a class=\"author author--link\" href=\"https:\/\/www.telerama.fr\/recherche\/articles?q=Samuel+Douhaire\" rel=\"nofollow noopener\" target=\"_blank\"> Samuel Douhaire <\/a>    <\/p>\n<p class=\"publication__date\">Publi\u00e9 le 06 septembre 2025 \u00e0 11h00<\/p>\n<p>   Partager   <\/p>\n<ul class=\"sharing-popin--results\">\n<li class=\"sharing-popin--item sharing-popin--item-container\"> Partage  <\/li>\n<li data-share=\"linkedin\" class=\"sharing-popin--item\">  LinkedIn <\/li>\n<li data-share=\"facebook\" class=\"sharing-popin--item\">  Facebook <\/li>\n<li data-share=\"mail\" data-social=\"mail\" class=\"sharing-popin--item\">  Envoyer par email <\/li>\n<li data-share=\"copy\" class=\"sharing-popin--item\">  Copier le lien <\/li>\n<\/ul>\n<p>        Favoris       <\/p>\n<p>                <a class=\"openapp__link\" data-event=\"click-open-app\" data-deep-link=\"tlrm:\/\/element?id=\/cinema\/palombella-rossa-de-nanni-moretti-revient-en-salles-toujours-aussi-etrange-toujours-aussi-beau-7027238.php&amp;source=deeplink_site\">  Lire dans l&rsquo;application<br \/>\n  <\/a>                               <\/p>\n<p class=\"paragraph\">Cette semaine, Nanni Moretti est de retour dans les salles obscures. Non pas avec un nouveau long m\u00e9trage, qui serait le dix-septi\u00e8me de sa carri\u00e8re, mais avec une farce caustique tout droit venue de la fin des ann\u00e9es\u00a01980, <a target=\"_blank\" href=\"https:\/\/www.telerama.fr\/cinema\/palombella-rossa-la-farce-sociopolitique-de-nanni-moretti_cri-7037929.php\" rel=\"nofollow noopener\">Palombella rossa<\/a>, son sixi\u00e8me film, dans une copie magnifiquement restaur\u00e9e. Une com\u00e9die acerbe dans laquelle le r\u00e9alisateur italien, aujourd\u2019hui \u00e2g\u00e9 de 72\u00a0ans, incarne un d\u00e9put\u00e9 communiste qui, apr\u00e8s \u00eatre devenu amn\u00e9sique \u00e0 la suite d\u2019un accident de voiture, se retrouve en plein match de water-polo (sport appr\u00e9ci\u00e9 des Italiens et dont le metteur en sc\u00e8ne transalpin est un ancien pratiquant de haut niveau).<\/p>\n<p class=\"paragraph\">Il y incarne son r\u00f4le longtemps f\u00e9tiche, Michele Apicella, un personnage de fiction qui a des traits communs de film en film, mais qui n\u2019est pas un seul et unique homme. \u00ab\u00a0Ce n\u2019est pas le Doinel de Truffaut, plut\u00f4t le Fran\u00e7ois Pignon de Veber\u00a0\u00bb, nous \u00e9claire, taquine, Marie Sauvion. \u00ab\u00a0C\u2019est un observateur tr\u00e8s critique de la soci\u00e9t\u00e9, moraliste, bavard et col\u00e9rique\u00a0\u00bb, rench\u00e9rit-elle.<\/p>\n<p>                Une parabole sur le langage                       <\/p>\n<p class=\"paragraph\">L\u2019essentiel du film se passe dans une piscine, all\u00e9gorie de l\u2019Italie, en plus humide, avec tous ses probl\u00e8mes et notamment toutes ses querelles politiques. \u00ab\u00a0Il y a trop de chlore, je ne vois rien. Avant, ce n\u2019\u00e9tait pas comme \u00e7a le grand bain, maintenant j\u2019ai peur\u00a0!\u00a0\u00bb hurle le d\u00e9put\u00e9 qui se d\u00e9bat p\u00e9niblement dans l\u2019eau.<\/p>\n<p class=\"paragraph\">\u00c0 sa sortie en novembre\u00a01989, Samuel Douhaire avait trouv\u00e9 ce film tr\u00e8s bizarre. Pour notre critique, trente-six ans plus tard, Palombella rossa n\u2019a rien perdu de son \u00e9tranget\u00e9, mais a tr\u00e8s bien vieilli gr\u00e2ce, notamment, \u00e0 la fantaisie constante de Nanni Moretti. Un film tr\u00e8s bavard, qui s\u2019interroge sur la langue de bois et sur un langage vide de sens. \u00ab\u00a0Trouver les mots justes\u00a0! Les mots sont importants\u00a0!\u00a0\u00bb s\u2019exclame l\u2019\u00e9lu polo\u00efste simplement v\u00eatu d\u2019un bonnet bleu et d\u2019un peignoir assorti. Conseil de nos critiques\u00a0: plongez\u00a0!<\/p>\n<p class=\"edito__prefixe\">   Podium   <\/p>\n<p class=\"edito__text-container\">     <a alt=\"Podium\" href=\"https:\/\/www.telerama.fr\/cinema\/festival-de-cannes-on-a-classe-les-films-de-nanni-moretti-du-plus-experimental-au-plus-personnel-7015704.php\" class=\"article__title--edito\" rel=\"nofollow noopener\" target=\"_blank\">On a class\u00e9 les films de Nanni Moretti, du plus anarchique au plus \u00e9mouvant<\/a>  <\/p>\n","protected":false},"excerpt":{"rendered":"VID\u00c9O \u2014 Chaque semaine, nos critiques cin\u00e9ma commentent un film sorti en salles. Aujourd\u2019hui, Marie Sauvion et Samuel&hellip;\n","protected":false},"author":2,"featured_media":372294,"comment_status":"","ping_status":"","sticky":false,"template":"","format":"standard","meta":{"footnotes":""},"categories":[1354],"tags":[58,59,1346,1011,27,1360],"class_list":{"0":"post-372293","1":"post","2":"type-post","3":"status-publish","4":"format-standard","5":"has-post-thumbnail","7":"category-films","8":"tag-divertissement","9":"tag-entertainment","10":"tag-films","11":"tag-fr","12":"tag-france","13":"tag-movies"},"share_on_mastodon":{"url":"https:\/\/pubeurope.com\/@fr\/115161378500161349","error":""},"_links":{"self":[{"href":"https:\/\/www.europesays.com\/fr\/wp-json\/wp\/v2\/posts\/372293","targetHints":{"allow":["GET"]}}],"collection":[{"href":"https:\/\/www.europesays.com\/fr\/wp-json\/wp\/v2\/posts"}],"about":[{"href":"https:\/\/www.europesays.com\/fr\/wp-json\/wp\/v2\/types\/post"}],"author":[{"embeddable":true,"href":"https:\/\/www.europesays.com\/fr\/wp-json\/wp\/v2\/users\/2"}],"replies":[{"embeddable":true,"href":"https:\/\/www.europesays.com\/fr\/wp-json\/wp\/v2\/comments?post=372293"}],"version-history":[{"count":0,"href":"https:\/\/www.europesays.com\/fr\/wp-json\/wp\/v2\/posts\/372293\/revisions"}],"wp:featuredmedia":[{"embeddable":true,"href":"https:\/\/www.europesays.com\/fr\/wp-json\/wp\/v2\/media\/372294"}],"wp:attachment":[{"href":"https:\/\/www.europesays.com\/fr\/wp-json\/wp\/v2\/media?parent=372293"}],"wp:term":[{"taxonomy":"category","embeddable":true,"href":"https:\/\/www.europesays.com\/fr\/wp-json\/wp\/v2\/categories?post=372293"},{"taxonomy":"post_tag","embeddable":true,"href":"https:\/\/www.europesays.com\/fr\/wp-json\/wp\/v2\/tags?post=372293"}],"curies":[{"name":"wp","href":"https:\/\/api.w.org\/{rel}","templated":true}]}}