{"id":372305,"date":"2025-09-07T05:38:12","date_gmt":"2025-09-07T05:38:12","guid":{"rendered":"https:\/\/www.europesays.com\/fr\/372305\/"},"modified":"2025-09-07T05:38:12","modified_gmt":"2025-09-07T05:38:12","slug":"pourquoi-le-rn-va-percevoir-15-millions-deuros-daide-publique-en-2025","status":"publish","type":"post","link":"https:\/\/www.europesays.com\/fr\/372305\/","title":{"rendered":"Pourquoi le RN va percevoir 15 millions d&rsquo;euros d&rsquo;aide publique en 2025"},"content":{"rendered":"<p>            Par<br \/>\n        <strong><br \/>\n            <a href=\"https:\/\/actu.fr\/auteur\/redaction-actu\" title=\"Consulter tous les articles de R\u00e9daction Actu\" target=\"_blank\" rel=\"noopener\">R\u00e9daction Actu<\/a><br \/>\n        <\/strong><\/p>\n<p>        Publi\u00e9 le<\/p>\n<p>            6 sept. 2025 \u00e0 17h46        <\/p>\n<p>Ran\u00e7on de sa pouss\u00e9e aux derni\u00e8res l\u00e9gislatives,<strong> le <a href=\"https:\/\/actu.fr\/tag\/rassemblement-national-rn\" target=\"_blank\" rel=\"noopener\">Rassemblement national<\/a> va percevoir cette ann\u00e9e pr\u00e8s de 15 millions d\u2019euros d\u2019aide publique aux partis politiques<\/strong>, devenant pour la premi\u00e8re fois le principal b\u00e9n\u00e9ficiaire de ce dispositif, devant le camp pr\u00e9sidentiel et le PS.<\/p>\n<p class=\" wall-content\">Plus d\u2019un an apr\u00e8s les \u00e9lections, et maintenant que tous les recours ont \u00e9t\u00e9 purg\u00e9s par le Conseil constitutionnel, les partis politiques vont enfin pouvoir toucher leur d\u00fb : soit un peu plus de <strong>64 millions d\u2019euros pour l\u2019ann\u00e9e 2025<\/strong>, selon un d\u00e9cret paru samedi 6 septembre 2025 au Journal officiel.<\/p>\n<p>En fonction du nombre de voix<\/p>\n<p class=\" wall-content\">Une somme r\u00e9partie en fonction du nombre de voix au premier tour des l\u00e9gislatives et du nombre de parlementaires. Deux crit\u00e8res qui profitent pleinement au RN, avec un total de 14,8 millions d\u2019euros d\u2019aide publique (contre moins de 10,2 millions l\u2019an dernier).<\/p>\n<p class=\" wall-content\">Le mouvement d\u2019extr\u00eame droite d\u00e9tr\u00f4ne ainsi la coalition pr\u00e9sidentielle (Renaissance, MoDem et autres), qui d\u00e9gringole de 19,5 \u00e0 11,3 millions de financement public \u2013 perdant au passage la manne du parti d\u2019Edouard Philippe, Horizons, qui r\u00e9cup\u00e8re 3 millions sur sa propre \u00e9tiquette.<\/p>\n<p>La subvention du PS explose<\/p>\n<p class=\" wall-content\">Sur la troisi\u00e8me marche du podium, le Parti socialiste revient de loin et voit sa subvention bondir de 4,7 \u00e0 7,9 millions, \u00e0 la faveur de l\u2019accord scell\u00e9 l\u2019an dernier avec les autres partis de gauche sous la banni\u00e8re du Nouveau front populaire.<\/p>\n<p class=\" wall-content\">Une alliance dont La France insoumise paye en revanche le prix, puisque son aide fond de 7,9 \u00e0 moins de 6,7 millions d\u2019euros, alors que celles des \u00c9cologistes (3,5 millions) et du Parti communiste (2,1 millions) sont globalement stables.<\/p>\n<p>Votre r\u00e9gion, votre actu !<\/p>\n<p>Recevez chaque jour les infos qui comptent pour vous.<\/p>\n<p>\t<a href=\"https:\/\/actu.fr\/newsletter\" class=\"ac-btn ac-btn--corner ac-btn--medium ac-btn--blue800\" target=\"_blank\" rel=\"noopener\">S&rsquo;incrire<\/a><br \/>\nCes partis qui perdent beaucoup \u00e0 cause de la parit\u00e9<\/p>\n<p class=\" wall-content\">Autres perdants du scrutin, Les R\u00e9publicains voient leur dotation chuter de 9,5 \u00e0 7,4 millions, en grande partie par leur faute : plus d\u2019un million d\u2019euros leur sont en effet retir\u00e9s pour non-respect de la parit\u00e9 \u2013 LR avait pr\u00e9sent\u00e9 deux fois plus de candidats que de candidates.<\/p>\n<p class=\" wall-content\">Si presque tous les partis (\u00e0 l\u2019exception du PS et de LFI) ont \u00e9t\u00e9 p\u00e9nalis\u00e9s \u00e0 ce titre, la palme revient \u00e0 l\u2019UDR d\u2019Eric Ciotti, priv\u00e9 de plus de 1,3 million d\u2019euros pour avoir soutenu cinq fois plus d\u2019hommes que de femmes \u2013 et qui doit donc se contenter de 600 000 euros cette ann\u00e9e.<\/p>\n<p class=\" wall-content\">Plus spectaculaire encore, la formation Reconqu\u00eate d\u2019Eric Zemmour perd la quasi-totalit\u00e9 de ses financements (de 1,5 million \u00e0 200 000 euros), \u00e0 cause de la parit\u00e9, mais surtout du fait de sa d\u00e9b\u00e2cle aux l\u00e9gislatives.<\/p>\n<p class=\" wall-content\"><strong>Avec AFP<\/strong><\/p>\n<p class=\" wall-content\">Personnalisez votre actualit\u00e9 en ajoutant vos villes et m\u00e9dias en favori avec <a href=\"https:\/\/moncompte.actu.fr\" title=\"D\u00e9couvez Mon Actu\" rel=\"nofollow noopener\" data-trk=\"{&quot;cta&quot;:{&quot;action&quot;:&quot;https:\\\/\\\/moncompte.actu.fr&quot;,&quot;category&quot;:&quot;mon compte&quot;,&quot;from&quot;:&quot;article footer&quot;,&quot;name&quot;:&quot;Mon actu&quot;,&quot;type&quot;:&quot;cta&quot;}}\" target=\"_blank\">Mon Actu<\/a>.<\/p>\n","protected":false},"excerpt":{"rendered":"Par R\u00e9daction Actu Publi\u00e9 le 6 sept. 2025 \u00e0 17h46 Ran\u00e7on de sa pouss\u00e9e aux derni\u00e8res l\u00e9gislatives, le&hellip;\n","protected":false},"author":2,"featured_media":372306,"comment_status":"","ping_status":"","sticky":false,"template":"","format":"standard","meta":{"footnotes":""},"categories":[4],"tags":[11,1011,27,1077,430,12,316,2556,25],"class_list":{"0":"post-372305","1":"post","2":"type-post","3":"status-publish","4":"format-standard","5":"has-post-thumbnail","7":"category-france","8":"tag-actualites","9":"tag-fr","10":"tag-france","11":"tag-jordan-bardella","12":"tag-marine-le-pen","13":"tag-news","14":"tag-politique","15":"tag-rassemblement-national-rn","16":"tag-republique-francaise"},"share_on_mastodon":{"url":"https:\/\/pubeurope.com\/@fr\/115161406132429527","error":""},"_links":{"self":[{"href":"https:\/\/www.europesays.com\/fr\/wp-json\/wp\/v2\/posts\/372305","targetHints":{"allow":["GET"]}}],"collection":[{"href":"https:\/\/www.europesays.com\/fr\/wp-json\/wp\/v2\/posts"}],"about":[{"href":"https:\/\/www.europesays.com\/fr\/wp-json\/wp\/v2\/types\/post"}],"author":[{"embeddable":true,"href":"https:\/\/www.europesays.com\/fr\/wp-json\/wp\/v2\/users\/2"}],"replies":[{"embeddable":true,"href":"https:\/\/www.europesays.com\/fr\/wp-json\/wp\/v2\/comments?post=372305"}],"version-history":[{"count":0,"href":"https:\/\/www.europesays.com\/fr\/wp-json\/wp\/v2\/posts\/372305\/revisions"}],"wp:featuredmedia":[{"embeddable":true,"href":"https:\/\/www.europesays.com\/fr\/wp-json\/wp\/v2\/media\/372306"}],"wp:attachment":[{"href":"https:\/\/www.europesays.com\/fr\/wp-json\/wp\/v2\/media?parent=372305"}],"wp:term":[{"taxonomy":"category","embeddable":true,"href":"https:\/\/www.europesays.com\/fr\/wp-json\/wp\/v2\/categories?post=372305"},{"taxonomy":"post_tag","embeddable":true,"href":"https:\/\/www.europesays.com\/fr\/wp-json\/wp\/v2\/tags?post=372305"}],"curies":[{"name":"wp","href":"https:\/\/api.w.org\/{rel}","templated":true}]}}