{"id":372309,"date":"2025-09-07T05:40:10","date_gmt":"2025-09-07T05:40:10","guid":{"rendered":"https:\/\/www.europesays.com\/fr\/372309\/"},"modified":"2025-09-07T05:40:10","modified_gmt":"2025-09-07T05:40:10","slug":"capdenac-gare-capmusique-ouvre-les-inscriptions-de-rentree","status":"publish","type":"post","link":"https:\/\/www.europesays.com\/fr\/372309\/","title":{"rendered":"Capdenac-Gare. Cap\u2019Musique ouvre les inscriptions de rentr\u00e9e"},"content":{"rendered":"<p>Apr\u00e8s un \u00e9t\u00e9 haut en couleur musicale, l\u2019association Cap\u2019Musique pr\u00e9pare la rentr\u00e9e en annon\u00e7ant l\u2019ouverture des inscriptions et r\u00e9inscriptions, avec un programme toujours vari\u00e9.<\/p>\n<p>L\u2019\u00e9cole de musique capdenacoise propose des cours de formation musicale vari\u00e9s, des cours d\u2019instruments dans une dynamique tourn\u00e9e vers le jeu collectif, de type orchestre d\u2019harmonie et d\u2019animation festive (avec la Banda d\u2019Auvergne \u2013 Vulkano\u2019zik).<\/p>\n<p>Les \u00e9l\u00e8ves peuvent choisir parmi une large palette d\u2019instruments \u00e0 vent \u2013 saxophones (alto, t\u00e9nor, baryton, soprano), clarinettes, fl\u00fbtes, trompettes, tubas, trombones \u2013 mais aussi batterie et percussions.<\/p>\n<p>Une classe d\u2019\u00e9veil musical accueille \u00e9galement les plus jeunes, d\u00e8s 4 ans, pour une premi\u00e8re approche ludique.<\/p>\n<p>Un stand sera pr\u00e9sent au forum des associations de Capdenac-Gare le samedi 13 septembre de 10 heures \u00e0 17 heures. Une occasion id\u00e9ale pour rencontrer l\u2019\u00e9quipe et choisir son instrument.<\/p>\n<p>Les inscriptions concerneront les enfants \u00e0 partir du CP, les adolescents et les adultes, qu\u2019ils soient d\u00e9butants, reprennent apr\u00e8s une pause ou souhaitent int\u00e9grer directement les groupes selon leur niveau. \u00ab\u00a0Cap\u2019Musique apporte les \u00e9l\u00e9ments indispensables \u00e0 une formation compl\u00e8te\u00a0\u00bb, rappelle l\u2019association.<\/p>\n<p>Renseignements et inscriptions : 06 87 44 14 39.<\/p>\n","protected":false},"excerpt":{"rendered":"Apr\u00e8s un \u00e9t\u00e9 haut en couleur musicale, l\u2019association Cap\u2019Musique pr\u00e9pare la rentr\u00e9e en annon\u00e7ant l\u2019ouverture des inscriptions et&hellip;\n","protected":false},"author":2,"featured_media":372310,"comment_status":"","ping_status":"","sticky":false,"template":"","format":"standard","meta":{"footnotes":""},"categories":[9653],"tags":[1111,11,2430,1777,674,1011,27,12,25,4001],"class_list":{"0":"post-372309","1":"post","2":"type-post","3":"status-publish","4":"format-standard","5":"has-post-thumbnail","7":"category-saint-etienne","8":"tag-actu","9":"tag-actualites","10":"tag-auvergne-rhone-alpes","11":"tag-eu","12":"tag-europe","13":"tag-fr","14":"tag-france","15":"tag-news","16":"tag-republique-francaise","17":"tag-saint-etienne"},"share_on_mastodon":{"url":"https:\/\/pubeurope.com\/@fr\/115161413952768557","error":""},"_links":{"self":[{"href":"https:\/\/www.europesays.com\/fr\/wp-json\/wp\/v2\/posts\/372309","targetHints":{"allow":["GET"]}}],"collection":[{"href":"https:\/\/www.europesays.com\/fr\/wp-json\/wp\/v2\/posts"}],"about":[{"href":"https:\/\/www.europesays.com\/fr\/wp-json\/wp\/v2\/types\/post"}],"author":[{"embeddable":true,"href":"https:\/\/www.europesays.com\/fr\/wp-json\/wp\/v2\/users\/2"}],"replies":[{"embeddable":true,"href":"https:\/\/www.europesays.com\/fr\/wp-json\/wp\/v2\/comments?post=372309"}],"version-history":[{"count":0,"href":"https:\/\/www.europesays.com\/fr\/wp-json\/wp\/v2\/posts\/372309\/revisions"}],"wp:featuredmedia":[{"embeddable":true,"href":"https:\/\/www.europesays.com\/fr\/wp-json\/wp\/v2\/media\/372310"}],"wp:attachment":[{"href":"https:\/\/www.europesays.com\/fr\/wp-json\/wp\/v2\/media?parent=372309"}],"wp:term":[{"taxonomy":"category","embeddable":true,"href":"https:\/\/www.europesays.com\/fr\/wp-json\/wp\/v2\/categories?post=372309"},{"taxonomy":"post_tag","embeddable":true,"href":"https:\/\/www.europesays.com\/fr\/wp-json\/wp\/v2\/tags?post=372309"}],"curies":[{"name":"wp","href":"https:\/\/api.w.org\/{rel}","templated":true}]}}