{"id":372311,"date":"2025-09-07T05:41:14","date_gmt":"2025-09-07T05:41:14","guid":{"rendered":"https:\/\/www.europesays.com\/fr\/372311\/"},"modified":"2025-09-07T05:41:14","modified_gmt":"2025-09-07T05:41:14","slug":"je-nai-jamais-fait-lobjet-de-la-moindre-accusation-roland-romeyer-se-defend","status":"publish","type":"post","link":"https:\/\/www.europesays.com\/fr\/372311\/","title":{"rendered":"\u00ab\u00a0Je n\u2019ai jamais fait l\u2019objet de la moindre accusation\u00a0\u00bb : Roland Romeyer se d\u00e9fend"},"content":{"rendered":"<p><strong>Ancien patron de l&rsquo;AS Saint-Etienne, Roland Romeyer fait l&rsquo;objet d&rsquo;une enqu\u00eate pour harc\u00e8lement et outrages sexistes suite \u00e0 deux plaintes r\u00e9v\u00e9l\u00e9es par le quotidien\u00a0Le Progr\u00e8s.<\/strong><\/p>\n<p>C&rsquo;est dans les colonnes du m\u00eame quotidien r\u00e9gional, que celui qui a \u00e9t\u00e9 pendant longtemps un dirigeant embl\u00e9matique des Verts avant de vendre l&rsquo;ASSE \u00e0 Kilmer Sports, a d\u00e9cid\u00e9 de faire entendra sa voix suite \u00e0 ces accusations qui le viseraient directement. Roland Romeyer \u00e9carte totalement la possibilit\u00e9 qu&rsquo;il soit l&rsquo;auteur de propos sexistes contre des salari\u00e9es des Verts.\u00a0 Il constate que c&rsquo;est un an apr\u00e8s son d\u00e9part de l&rsquo;<a href=\"https:\/\/www.foot01.com\/equipe\/st-etienne\/\" target=\"_blank\" rel=\"noopener nofollow\" title=\"AS Saint-Etienne\">AS Saint-Etienne<\/a> que ces plaintes auraient \u00e9t\u00e9 d\u00e9pos\u00e9es.<\/p>\n<p>Roland Romeyer r\u00e9pond aux accusations<\/p>\n<p>\u00ab\u00a0J\u2019apprends dans la presse que je suis vis\u00e9 par une enqu\u00eate p\u00e9nale ouverte depuis le mois de juin dernier. Deux plaintes auraient ainsi \u00e9t\u00e9 d\u00e9pos\u00e9es contre moi. J\u2019ignore tout, \u00e0 ce jour, de cette enqu\u00eate et de ces plaintes, dont je n\u2019ai donc d\u00e9couvert l\u2019existence que mercredi soir. Durant une soixantaine d\u2019ann\u00e9es d\u2019activit\u00e9 entrepreneuriale et plus de trente-deux ann\u00e9es pass\u00e9es \u00e0 l\u2019association sportive de Saint-\u00c9tienne dont vingt en tant que pr\u00e9sident, je n\u2019ai jamais fait l\u2019objet de la moindre accusation de \u201charc\u00e8lement et outrages sexistes\u201d de la part de mes collaborateurs. Il a donc fallu attendre mon d\u00e9part de l\u2019ASSE pour me voir subitement reprocher, sur la place publique qui plus est, un comportement pr\u00e9tendument r\u00e9pr\u00e9hensible. Venant de f\u00eater mes 80 ans, j\u2019esp\u00e9rais une retraite paisible. Je r\u00e9pondrai, lorsque j\u2019y serai invit\u00e9, au procureur de la R\u00e9publique, ce qui me permettra au moins de conna\u00eetre les accusations dont je suis la cible et leur contenu. J\u2019attends d\u00e8s lors avec s\u00e9r\u00e9nit\u00e9 de pouvoir ainsi, le moment venu, d\u00e9montrer ma bonne foi et mon innocence \u00bb, a pr\u00e9cis\u00e9, dans Le Progr\u00e8s, Roland Romeyer.\u00a0<\/p>\n","protected":false},"excerpt":{"rendered":"Ancien patron de l&rsquo;AS Saint-Etienne, Roland Romeyer fait l&rsquo;objet d&rsquo;une enqu\u00eate pour harc\u00e8lement et outrages sexistes suite \u00e0&hellip;\n","protected":false},"author":2,"featured_media":372312,"comment_status":"","ping_status":"","sticky":false,"template":"","format":"standard","meta":{"footnotes":""},"categories":[9653],"tags":[1111,11,2430,1777,674,1011,27,12,25,4001],"class_list":{"0":"post-372311","1":"post","2":"type-post","3":"status-publish","4":"format-standard","5":"has-post-thumbnail","7":"category-saint-etienne","8":"tag-actu","9":"tag-actualites","10":"tag-auvergne-rhone-alpes","11":"tag-eu","12":"tag-europe","13":"tag-fr","14":"tag-france","15":"tag-news","16":"tag-republique-francaise","17":"tag-saint-etienne"},"share_on_mastodon":{"url":"https:\/\/pubeurope.com\/@fr\/115161417840594179","error":""},"_links":{"self":[{"href":"https:\/\/www.europesays.com\/fr\/wp-json\/wp\/v2\/posts\/372311","targetHints":{"allow":["GET"]}}],"collection":[{"href":"https:\/\/www.europesays.com\/fr\/wp-json\/wp\/v2\/posts"}],"about":[{"href":"https:\/\/www.europesays.com\/fr\/wp-json\/wp\/v2\/types\/post"}],"author":[{"embeddable":true,"href":"https:\/\/www.europesays.com\/fr\/wp-json\/wp\/v2\/users\/2"}],"replies":[{"embeddable":true,"href":"https:\/\/www.europesays.com\/fr\/wp-json\/wp\/v2\/comments?post=372311"}],"version-history":[{"count":0,"href":"https:\/\/www.europesays.com\/fr\/wp-json\/wp\/v2\/posts\/372311\/revisions"}],"wp:featuredmedia":[{"embeddable":true,"href":"https:\/\/www.europesays.com\/fr\/wp-json\/wp\/v2\/media\/372312"}],"wp:attachment":[{"href":"https:\/\/www.europesays.com\/fr\/wp-json\/wp\/v2\/media?parent=372311"}],"wp:term":[{"taxonomy":"category","embeddable":true,"href":"https:\/\/www.europesays.com\/fr\/wp-json\/wp\/v2\/categories?post=372311"},{"taxonomy":"post_tag","embeddable":true,"href":"https:\/\/www.europesays.com\/fr\/wp-json\/wp\/v2\/tags?post=372311"}],"curies":[{"name":"wp","href":"https:\/\/api.w.org\/{rel}","templated":true}]}}