{"id":372316,"date":"2025-09-07T05:47:10","date_gmt":"2025-09-07T05:47:10","guid":{"rendered":"https:\/\/www.europesays.com\/fr\/372316\/"},"modified":"2025-09-07T05:47:10","modified_gmt":"2025-09-07T05:47:10","slug":"sous-loeil-de-claude-corbier-la-creativite-sexpose","status":"publish","type":"post","link":"https:\/\/www.europesays.com\/fr\/372316\/","title":{"rendered":"Sous l\u2019\u0153il de Claude Corbier, la cr\u00e9ativit\u00e9 s\u2019expose"},"content":{"rendered":"<p>Rue des arts, ce sont six artistes professionnels d\u2019une association n\u00eemoise qui vont exposer pour la troisi\u00e8me ann\u00e9e cons\u00e9cutive \u00e0 V\u00e9z\u00e9nobres, avec de nouvelles pi\u00e8ces.<\/p>\n<p>Jean-Vincent Escalant, Muriel Averos, Claude Corbier, Ton Van Meesche, R\u00e9gine Carail, V\u00e9ronique Persy et Sylvie Brunel donnent rendez-vous au public du 9 au 14 septembre dans les salles romanes sous la mairie, de 10 heures \u00e0 19 heures.<\/p>\n<p>Au menu, sculpture, peinture et photographies revisit\u00e9es. Vernissage le 12 septembre, \u00e0 partir de 18 heures. Entr\u00e9e libre.<\/p>\n<p>Ces artistes appr\u00e9cient d\u2019exposer \u00e0 V\u00e9z\u00e9nobres, pour son charme et la beaut\u00e9 de la salle, qu\u2019ils ont plaisir \u00e0 retrouver r\u00e9guli\u00e8rement. C\u2019est aussi l\u2019occasion de se retrouver entre artistes, puisque tr\u00e8s souvent ils exposent seuls. Et puis la rencontre avec les visiteurs est tr\u00e8s positive, entre touristes de passage souvent captiv\u00e9s par les \u0153uvres propos\u00e9es, et les amateurs d\u2019art, certains d\u2019entre eux \u00e9tant fid\u00e8les \u00e0 ce rendez-vous. Claude Corbier, artiste plasticien et pr\u00e9sident de l\u2019association n\u00eemoise Rue des arts, a plaisir \u00e0 entra\u00eener ses adh\u00e9rents \u00e0 revenir ici \u00e0 nouveau.<\/p>\n<p>Contact : 06 08 57 86 38.<\/p>\n","protected":false},"excerpt":{"rendered":"Rue des arts, ce sont six artistes professionnels d\u2019une association n\u00eemoise qui vont exposer pour la troisi\u00e8me ann\u00e9e&hellip;\n","protected":false},"author":2,"featured_media":372317,"comment_status":"","ping_status":"","sticky":false,"template":"","format":"standard","meta":{"footnotes":""},"categories":[9599],"tags":[1111,11,1777,674,1011,27,2208,12,2680,25],"class_list":{"0":"post-372316","1":"post","2":"type-post","3":"status-publish","4":"format-standard","5":"has-post-thumbnail","7":"category-montpellier","8":"tag-actu","9":"tag-actualites","10":"tag-eu","11":"tag-europe","12":"tag-fr","13":"tag-france","14":"tag-montpellier","15":"tag-news","16":"tag-occitanie","17":"tag-republique-francaise"},"share_on_mastodon":{"url":"https:\/\/pubeurope.com\/@fr\/115161441477542411","error":""},"_links":{"self":[{"href":"https:\/\/www.europesays.com\/fr\/wp-json\/wp\/v2\/posts\/372316","targetHints":{"allow":["GET"]}}],"collection":[{"href":"https:\/\/www.europesays.com\/fr\/wp-json\/wp\/v2\/posts"}],"about":[{"href":"https:\/\/www.europesays.com\/fr\/wp-json\/wp\/v2\/types\/post"}],"author":[{"embeddable":true,"href":"https:\/\/www.europesays.com\/fr\/wp-json\/wp\/v2\/users\/2"}],"replies":[{"embeddable":true,"href":"https:\/\/www.europesays.com\/fr\/wp-json\/wp\/v2\/comments?post=372316"}],"version-history":[{"count":0,"href":"https:\/\/www.europesays.com\/fr\/wp-json\/wp\/v2\/posts\/372316\/revisions"}],"wp:featuredmedia":[{"embeddable":true,"href":"https:\/\/www.europesays.com\/fr\/wp-json\/wp\/v2\/media\/372317"}],"wp:attachment":[{"href":"https:\/\/www.europesays.com\/fr\/wp-json\/wp\/v2\/media?parent=372316"}],"wp:term":[{"taxonomy":"category","embeddable":true,"href":"https:\/\/www.europesays.com\/fr\/wp-json\/wp\/v2\/categories?post=372316"},{"taxonomy":"post_tag","embeddable":true,"href":"https:\/\/www.europesays.com\/fr\/wp-json\/wp\/v2\/tags?post=372316"}],"curies":[{"name":"wp","href":"https:\/\/api.w.org\/{rel}","templated":true}]}}