{"id":372320,"date":"2025-09-07T05:51:18","date_gmt":"2025-09-07T05:51:18","guid":{"rendered":"https:\/\/www.europesays.com\/fr\/372320\/"},"modified":"2025-09-07T05:51:18","modified_gmt":"2025-09-07T05:51:18","slug":"%f0%9f%87%ab%f0%9f%87%b7-rouen-la-video-spectaculaire-dun-refus-dobtemperer-au-cours-duquel-le-conducteur-percute-une-voiture-a-grande-vitesse","status":"publish","type":"post","link":"https:\/\/www.europesays.com\/fr\/372320\/","title":{"rendered":"\ud83c\uddeb\ud83c\uddf7 Rouen. La vid\u00e9o spectaculaire d\u2019un refus d\u2019obtemp\u00e9rer au cours duquel le conducteur percute une voiture \u00e0 grande vitesse"},"content":{"rendered":"<p><a href=\"https:\/\/i0.wp.com\/policeetrealites.com\/wp-content\/uploads\/2025\/09\/rouen-refus-d-obtemperer.png?ssl=1\" rel=\"nofollow noopener\" target=\"_blank\"><img loading=\"lazy\" data-recalc-dims=\"1\" decoding=\"async\" width=\"640\" height=\"303\" data-attachment-id=\"246770\" data-permalink=\"https:\/\/policeetrealites.com\/2025\/09\/06\/%f0%9f%87%ab%f0%9f%87%b7-rouen-la-video-spectaculaire-dun-refus-dobtemperer-au-cours-duquel-le-conducteur-percute-une-voiture-a-grande-vitesse\/rouen-refus-d-obtemperer\/\" data-orig-file=\"https:\/\/i0.wp.com\/policeetrealites.com\/wp-content\/uploads\/2025\/09\/rouen-refus-d-obtemperer.png?fit=1039%2C492&amp;ssl=1\" data-orig-size=\"1039,492\" data-comments-opened=\"1\" data-image-meta=\"{&quot;aperture&quot;:&quot;0&quot;,&quot;credit&quot;:&quot;&quot;,&quot;camera&quot;:&quot;&quot;,&quot;caption&quot;:&quot;&quot;,&quot;created_timestamp&quot;:&quot;0&quot;,&quot;copyright&quot;:&quot;&quot;,&quot;focal_length&quot;:&quot;0&quot;,&quot;iso&quot;:&quot;0&quot;,&quot;shutter_speed&quot;:&quot;0&quot;,&quot;title&quot;:&quot;&quot;,&quot;orientation&quot;:&quot;0&quot;}\" data-image-title=\"rouen refus d obtemp\u00e9rer\" data-image-description=\"\" data-image-caption=\"\" data-medium-file=\"https:\/\/i0.wp.com\/policeetrealites.com\/wp-content\/uploads\/2025\/09\/rouen-refus-d-obtemperer.png?fit=300%2C142&amp;ssl=1\" data-large-file=\"https:\/\/i0.wp.com\/policeetrealites.com\/wp-content\/uploads\/2025\/09\/rouen-refus-d-obtemperer.png?fit=640%2C303&amp;ssl=1\" src=\"https:\/\/www.europesays.com\/fr\/wp-content\/uploads\/2025\/09\/rouen-refus-d-obtemperer.png\" alt=\"\" class=\"wp-image-246770\"  \/><\/a>Capture d\u2019\u00e9cran Alliance PN<\/p>\n<blockquote class=\"wp-block-quote is-layout-flow wp-block-quote-is-layout-flow\">\n<p> <a href=\"https:\/\/x.com\/hashtag\/Rouen?src=hashtag_click\" rel=\"nofollow\">#Rouen<\/a> : refus d\u2019obtemp\u00e9rer. \u00c0 grande vitesse pour fuir la police, un conducteur percute une voiture : 4 bless\u00e9s dont 1 grave. Soutien total \u00e0 nos coll\u00e8gues, une fois de plus confront\u00e9s \u00e0 ces situations dramatiques. <a href=\"https:\/\/x.com\/hashtag\/Police?src=hashtag_click\" rel=\"nofollow\">#Police<\/a> <a href=\"https:\/\/x.com\/hashtag\/RefusDObtemp\u00e9rer?src=hashtag_click\" rel=\"nofollow\">#RefusDObtemp\u00e9rer<\/a><\/p>\n<\/blockquote>\n<p><a href=\"https:\/\/www.francebleu.fr\/infos\/faits-divers-justice\/video-un-accident-spectaculaire-dans-les-rues-de-rouen-lors-d-une-course-poursuite-avec-la-police-4044587\" target=\"_blank\" rel=\"noreferrer noopener nofollow\">L\u2019article d\u2019Ici Normandie <\/a><\/p>\n<p>J\u2019aime \u00e7a\u00a0:<\/p>\n<p>J\u2019aime chargement\u2026<\/p>\n<p><a class=\"sd-link-color\"\/><\/p>\n<p>\tEn savoir plus sur Police &amp; R\u00e9alit\u00e9s<\/p>\n<p class=\"has-text-align-center\" style=\"margin-top:10px;margin-bottom:10px;font-size:15px\">Subscribe to get the latest posts sent to your email.<\/p>\n<p>\t\tContinue Reading<\/p>\n","protected":false},"excerpt":{"rendered":"Capture d\u2019\u00e9cran Alliance PN #Rouen : refus d\u2019obtemp\u00e9rer. \u00c0 grande vitesse pour fuir la police, un conducteur percute&hellip;\n","protected":false},"author":2,"featured_media":372321,"comment_status":"","ping_status":"","sticky":false,"template":"","format":"standard","meta":{"footnotes":""},"categories":[9587],"tags":[1111,11,1777,674,1011,27,12,5161,25,9590],"class_list":{"0":"post-372320","1":"post","2":"type-post","3":"status-publish","4":"format-standard","5":"has-post-thumbnail","7":"category-rouen","8":"tag-actu","9":"tag-actualites","10":"tag-eu","11":"tag-europe","12":"tag-fr","13":"tag-france","14":"tag-news","15":"tag-normandie","16":"tag-republique-francaise","17":"tag-rouen"},"share_on_mastodon":{"url":"https:\/\/pubeurope.com\/@fr\/115161457232221378","error":""},"_links":{"self":[{"href":"https:\/\/www.europesays.com\/fr\/wp-json\/wp\/v2\/posts\/372320","targetHints":{"allow":["GET"]}}],"collection":[{"href":"https:\/\/www.europesays.com\/fr\/wp-json\/wp\/v2\/posts"}],"about":[{"href":"https:\/\/www.europesays.com\/fr\/wp-json\/wp\/v2\/types\/post"}],"author":[{"embeddable":true,"href":"https:\/\/www.europesays.com\/fr\/wp-json\/wp\/v2\/users\/2"}],"replies":[{"embeddable":true,"href":"https:\/\/www.europesays.com\/fr\/wp-json\/wp\/v2\/comments?post=372320"}],"version-history":[{"count":0,"href":"https:\/\/www.europesays.com\/fr\/wp-json\/wp\/v2\/posts\/372320\/revisions"}],"wp:featuredmedia":[{"embeddable":true,"href":"https:\/\/www.europesays.com\/fr\/wp-json\/wp\/v2\/media\/372321"}],"wp:attachment":[{"href":"https:\/\/www.europesays.com\/fr\/wp-json\/wp\/v2\/media?parent=372320"}],"wp:term":[{"taxonomy":"category","embeddable":true,"href":"https:\/\/www.europesays.com\/fr\/wp-json\/wp\/v2\/categories?post=372320"},{"taxonomy":"post_tag","embeddable":true,"href":"https:\/\/www.europesays.com\/fr\/wp-json\/wp\/v2\/tags?post=372320"}],"curies":[{"name":"wp","href":"https:\/\/api.w.org\/{rel}","templated":true}]}}