{"id":372322,"date":"2025-09-07T05:52:09","date_gmt":"2025-09-07T05:52:09","guid":{"rendered":"https:\/\/www.europesays.com\/fr\/372322\/"},"modified":"2025-09-07T05:52:09","modified_gmt":"2025-09-07T05:52:09","slug":"tout-savoir-sur-cette-grande-braderie-des-commercants","status":"publish","type":"post","link":"https:\/\/www.europesays.com\/fr\/372322\/","title":{"rendered":"tout savoir sur cette grande braderie des commer\u00e7ants"},"content":{"rendered":"<p>            Par<br \/>\n        <strong><br \/>\n            <a href=\"https:\/\/actu.fr\/auteur\/lisa-rodrigues\" title=\"Consulter tous les articles de Lisa Rodrigues\" rel=\"nofollow noopener\" target=\"_blank\">Lisa Rodrigues<\/a><br \/>\n        <\/strong><\/p>\n<p>        Publi\u00e9 le<\/p>\n<p>            7 sept. 2025 \u00e0 7h02        <\/p>\n<p>C\u2019est devenu un rendez-vous attendu \u00e0 la rentr\u00e9e pour les amateurs de petits prix : <strong>la Belle braderie<\/strong>, grand d\u00e9ballage de commer\u00e7ants et artisans locaux, est de retour \u00e0 <a href=\"https:\/\/actu.fr\/auvergne-rhone-alpes\/grenoble_38185\" rel=\"nofollow noopener\" target=\"_blank\">Grenoble<\/a> pour sa 5e \u00e9dition en septembre.<br \/>Mettant en avant les enseignes locales, l\u2019\u00e9v\u00e9nement organis\u00e9 par l\u2019association de commer\u00e7ants LabelVille va s\u2019installer dans plusieurs rues du centre-ville. Voici ce qu\u2019il faut savoir.<\/p>\n<p>Plus de 200 commer\u00e7ants et cr\u00e9ateurs participants<\/p>\n<p class=\" wall-content\">LabelVille donne rendez-vous aux Grenoblois et Is\u00e9rois <strong>dimanche 21 septembre<\/strong> de 10 heures \u00e0 19 heures.<\/p>\n<p class=\" wall-content\">L\u2019ann\u00e9e derni\u00e8re, pr\u00e8s de 130 boutiques et plus de 90 cr\u00e9ateurs locaux sont venus proposer leurs produits aux clients, faisant de la Belle braderie l\u2019un des plus grands march\u00e9s de ce type dans les Alpes. Parmi les magasins participants, les <a href=\"https:\/\/actu.fr\/auvergne-rhone-alpes\/grenoble_38185\/galeries-lafayette-a-grenoble-le-magasin-va-t-il-fermer_57569456.html\" rel=\"nofollow noopener\" target=\"_blank\">Galeries Lafayette<\/a> de Grenoble qui ont r\u00e9cemment accueilli la librairie Decitre au 4e \u00e9tage de leur b\u00e2timent, place Grenette.<\/p>\n<p class=\" wall-content\"><a href=\"https:\/\/www.instagram.com\/reel\/DAX-FACNykS\/embed\" title=\"Ouvrir le lien sur Instagram\" rel=\"nofollow noopener\" target=\"_blank\">Visualiser le contenu sur Instagram<\/a><\/p>\n<p class=\" wall-content\">Tous vont s\u2019installer sur la <strong>zone pi\u00e9tonne du centre-ville<\/strong>, de la rue de Bonne \u00e0 la rue Lafayette, en passant par la rue Philis-de-la-Charce jusqu\u2019aux Halles Sainte-Claire.<\/p>\n<p>    <a href=\"https:\/\/www.google.com\/maps\/embed?pb=!1m18!1m12!1m3!1d1405.9395389639628!2d5.725550378430321!3d45.18954399488599!2m3!1f0!2f0!3f0!3m2!1i1024!2i768!4f13.1!3m3!1m2!1s0x478af4895ab73af5%3A0x76f1ffe8b1f8758e!2sRue%20de%20Bonne%2C%2038000%20Grenoble!5e0!3m2!1sfr!2sfr!4v1757064948113!5m2!1sfr!2sfr\" title=\"Ouvrie le lien\" rel=\"nofollow noopener\" target=\"_blank\">Cliquez ici pour visualiser le contenu<\/a><\/p>\n<p>Animations pour les enfants<\/p>\n<p class=\" wall-content\">Concernant les animations propos\u00e9es, outre le d\u00e9ballage des commer\u00e7ants et les \u00e9tals des cr\u00e9ateurs, des artistes sont invit\u00e9s \u00e0 s\u2019occuper de l\u2019ambiance musicale sur la braderie. Un coin DJ et une zone de jeux pour les enfants sont aussi pr\u00e9vus.<\/p>\n<p class=\" wall-content\">Enfin, des espaces de restauration avec stands de nourriture vont \u00eatre install\u00e9s pour profiter d\u2019une journ\u00e9e dans les rues du centre de Grenoble.<\/p>\n<p class=\" wall-content\">Personnalisez votre actualit\u00e9 en ajoutant vos villes et m\u00e9dias en favori avec <a href=\"https:\/\/moncompte.actu.fr\" title=\"D\u00e9couvez Mon Actu\" rel=\"nofollow noopener\" data-trk=\"{&quot;cta&quot;:{&quot;action&quot;:&quot;https:\\\/\\\/moncompte.actu.fr&quot;,&quot;category&quot;:&quot;mon compte&quot;,&quot;from&quot;:&quot;article footer&quot;,&quot;name&quot;:&quot;Mon actu&quot;,&quot;type&quot;:&quot;cta&quot;}}\" target=\"_blank\">Mon Actu<\/a>.<\/p>\n<p>                    <script async src=\"\/\/www.instagram.com\/embed.js\"><\/script><\/p>\n","protected":false},"excerpt":{"rendered":"Par Lisa Rodrigues Publi\u00e9 le 7 sept. 2025 \u00e0 7h02 C\u2019est devenu un rendez-vous attendu \u00e0 la rentr\u00e9e&hellip;\n","protected":false},"author":2,"featured_media":372323,"comment_status":"","ping_status":"","sticky":false,"template":"","format":"standard","meta":{"footnotes":""},"categories":[9566],"tags":[1111,11,2430,677,215,1777,674,1011,27,2731,1652,12,25],"class_list":{"0":"post-372322","1":"post","2":"type-post","3":"status-publish","4":"format-standard","5":"has-post-thumbnail","7":"category-grenoble","8":"tag-actu","9":"tag-actualites","10":"tag-auvergne-rhone-alpes","11":"tag-bons-plans","12":"tag-commerce","13":"tag-eu","14":"tag-europe","15":"tag-fr","16":"tag-france","17":"tag-grenoble","18":"tag-loisirs-culture","19":"tag-news","20":"tag-republique-francaise"},"share_on_mastodon":{"url":"https:\/\/pubeurope.com\/@fr\/115161461163460746","error":""},"_links":{"self":[{"href":"https:\/\/www.europesays.com\/fr\/wp-json\/wp\/v2\/posts\/372322","targetHints":{"allow":["GET"]}}],"collection":[{"href":"https:\/\/www.europesays.com\/fr\/wp-json\/wp\/v2\/posts"}],"about":[{"href":"https:\/\/www.europesays.com\/fr\/wp-json\/wp\/v2\/types\/post"}],"author":[{"embeddable":true,"href":"https:\/\/www.europesays.com\/fr\/wp-json\/wp\/v2\/users\/2"}],"replies":[{"embeddable":true,"href":"https:\/\/www.europesays.com\/fr\/wp-json\/wp\/v2\/comments?post=372322"}],"version-history":[{"count":0,"href":"https:\/\/www.europesays.com\/fr\/wp-json\/wp\/v2\/posts\/372322\/revisions"}],"wp:featuredmedia":[{"embeddable":true,"href":"https:\/\/www.europesays.com\/fr\/wp-json\/wp\/v2\/media\/372323"}],"wp:attachment":[{"href":"https:\/\/www.europesays.com\/fr\/wp-json\/wp\/v2\/media?parent=372322"}],"wp:term":[{"taxonomy":"category","embeddable":true,"href":"https:\/\/www.europesays.com\/fr\/wp-json\/wp\/v2\/categories?post=372322"},{"taxonomy":"post_tag","embeddable":true,"href":"https:\/\/www.europesays.com\/fr\/wp-json\/wp\/v2\/tags?post=372322"}],"curies":[{"name":"wp","href":"https:\/\/api.w.org\/{rel}","templated":true}]}}