{"id":372324,"date":"2025-09-07T05:53:13","date_gmt":"2025-09-07T05:53:13","guid":{"rendered":"https:\/\/www.europesays.com\/fr\/372324\/"},"modified":"2025-09-07T05:53:13","modified_gmt":"2025-09-07T05:53:13","slug":"la-majorite-municipale-se-fracture-sur-la-candidature-de-laurence-ruffin","status":"publish","type":"post","link":"https:\/\/www.europesays.com\/fr\/372324\/","title":{"rendered":"la majorit\u00e9 municipale se fracture sur la candidature de Laurence Ruffin"},"content":{"rendered":"<p itemprop=\"description\"><strong>L\u2019entr\u00e9e en sc\u00e8ne tr\u00e8s controvers\u00e9e de Laurence Ruffin, la candidate d\u00e9sign\u00e9e par Eric Piolle pour lui succ\u00e9der \u00e0 la mairie, suscite de nouveaux remous au sein m\u00eame de la majorit\u00e9.<\/strong><\/p>\n<p>On apprenait en fin de semaine l&rsquo;existence d&rsquo;une lettre dans laquelle une importante adjointe \u00e9cologiste au maire, Lucille Lheureux, consid\u00e9r\u00e9e jusque-l\u00e0 comme une fid\u00e8le d&rsquo;Eric Piolle sortant, s\u2019\u00e9l\u00e8ve contre les conditions dans lesquelles Laurence Ruffin serait d\u00e9sign\u00e9e.<\/p>\n<p>Selon le Dauphin\u00e9 Lib\u00e9r\u00e9, elle a saisi les instances nationales du parti pour d\u00e9noncer les pressions, intimidations ciblant en particulier l&rsquo;\u00e9dile sortant, d\u00e9non\u00e7ant des \u00ab\u00a0comportements inappropri\u00e9s, des pressions, de l\u2019intimidation\u00a0\u00bb et des \u00a0pratiques \u00ab\u00a0patriarcales, sexistes et classistes\u00a0\u00bb.<\/p>\n<p>Pour elle, \u00ab\u00a0les conditions ne sont plus r\u00e9unies pour garantir un fonctionnement d\u00e9mocratique local qui permette un processus sain\u00a0\u00bb \u00e0 la d\u00e9signation de la candidate qui devait intervenir \u00e0 la fin septembre. La majorit\u00e9 sortante avait officiellement pr\u00e9sent\u00e9 un quatuor d\u2019\u00e9lus, dans lequel figuraient Laurence Ruffin et Lucille Lheureux, cens\u00e9 aboutir \u00e0 la d\u00e9signation de l\u2019un d\u2019entre eux, mais la premi\u00e8re, \u00e0 l\u2019occasion de plusieurs interviews souvent consid\u00e9r\u00e9es comme maladroites, s\u2019\u00e9tait pr\u00e9sent\u00e9e comme la candidate d\u00e9j\u00e0 d\u00e9sign\u00e9e.<\/p>\n<p>Ambiance&#8230;<\/p>\n<p>En ne cachant pas le caract\u00e8re factice de la pr\u00e9sentation du processus, Laurence Ruffin \u00a0a renvoy\u00e9 ses coll\u00e8gues \u00e9lus \u00e0 un r\u00f4le de figuration, ce qui ne pouvait que heurter des responsables de dossiers importants pour la ville (culture, urbanisme, logement).<\/p>\n<p>A ce stade, le choix de Laurence Ruffin, sur la base d\u2019une communication comparable \u00e0 celle qui avait fait le succ\u00e8s de la pr\u00e9sentation d\u2019Eric Piolle en 2014 \u00a0&#8211; une personnalit\u00e9 de l\u2019entreprise qui s\u2019engage dans la politique &#8211; a du mal \u00e0 s\u2019imposer aussi ais\u00e9ment compte-tenu des rat\u00e9s du portait pr\u00e9c\u00e9dent et des difficult\u00e9s de gestion municipale de fin de mandat.<\/p>\n<p>Comme un malheur n\u2019arrive jamais seul, Elisa Martin et Allan Brunon, co-chefs de files LFI pour les municipales avaient eux aussi contest\u00e9 ce processus et doivent annoncer le 15 septembre s\u2019ils pr\u00e9sentent ou non une liste autonome, comme ce sera le cas dans beaucoup de villes en France, probablement \u00e0 Lyon ou \u00e0 Marseille.<\/p>\n<p>Dans ce contexte la question du maintien de la candidature Ruffin pourrait se poser, puisqu\u2019elle avait pos\u00e9 au d\u00e9part la condition d\u2019\u00eatre une candidate de large union de la gauche et des \u00e9cologistes. Les \u00e9lections municipales \u00e0 Grenoble vont devenir une v\u00e9ritable s\u00e9rie Netflix.<\/p>\n","protected":false},"excerpt":{"rendered":"L\u2019entr\u00e9e en sc\u00e8ne tr\u00e8s controvers\u00e9e de Laurence Ruffin, la candidate d\u00e9sign\u00e9e par Eric Piolle pour lui succ\u00e9der \u00e0&hellip;\n","protected":false},"author":2,"featured_media":372325,"comment_status":"","ping_status":"","sticky":false,"template":"","format":"standard","meta":{"footnotes":""},"categories":[9566],"tags":[1111,11,7733,8279,2430,7736,650,7734,2889,2263,1777,674,1011,27,2731,8280,6417,1114,108,4662,12,3725,1825,25,7737],"class_list":{"0":"post-372324","1":"post","2":"type-post","3":"status-publish","4":"format-standard","5":"has-post-thumbnail","7":"category-grenoble","8":"tag-actu","9":"tag-actualites","10":"tag-alpes","11":"tag-alpes1","12":"tag-auvergne-rhone-alpes","13":"tag-cds","14":"tag-cinema","15":"tag-ecoute","16":"tag-emission","17":"tag-equipe","18":"tag-eu","19":"tag-europe","20":"tag-fr","21":"tag-france","22":"tag-grenoble","23":"tag-haute","24":"tag-information","25":"tag-infos","26":"tag-isere","27":"tag-journal","28":"tag-news","29":"tag-podcast","30":"tag-radio","31":"tag-republique-francaise","32":"tag-winamp"},"share_on_mastodon":{"url":"https:\/\/pubeurope.com\/@fr\/115161465079859878","error":""},"_links":{"self":[{"href":"https:\/\/www.europesays.com\/fr\/wp-json\/wp\/v2\/posts\/372324","targetHints":{"allow":["GET"]}}],"collection":[{"href":"https:\/\/www.europesays.com\/fr\/wp-json\/wp\/v2\/posts"}],"about":[{"href":"https:\/\/www.europesays.com\/fr\/wp-json\/wp\/v2\/types\/post"}],"author":[{"embeddable":true,"href":"https:\/\/www.europesays.com\/fr\/wp-json\/wp\/v2\/users\/2"}],"replies":[{"embeddable":true,"href":"https:\/\/www.europesays.com\/fr\/wp-json\/wp\/v2\/comments?post=372324"}],"version-history":[{"count":0,"href":"https:\/\/www.europesays.com\/fr\/wp-json\/wp\/v2\/posts\/372324\/revisions"}],"wp:featuredmedia":[{"embeddable":true,"href":"https:\/\/www.europesays.com\/fr\/wp-json\/wp\/v2\/media\/372325"}],"wp:attachment":[{"href":"https:\/\/www.europesays.com\/fr\/wp-json\/wp\/v2\/media?parent=372324"}],"wp:term":[{"taxonomy":"category","embeddable":true,"href":"https:\/\/www.europesays.com\/fr\/wp-json\/wp\/v2\/categories?post=372324"},{"taxonomy":"post_tag","embeddable":true,"href":"https:\/\/www.europesays.com\/fr\/wp-json\/wp\/v2\/tags?post=372324"}],"curies":[{"name":"wp","href":"https:\/\/api.w.org\/{rel}","templated":true}]}}