{"id":372326,"date":"2025-09-07T05:54:10","date_gmt":"2025-09-07T05:54:10","guid":{"rendered":"https:\/\/www.europesays.com\/fr\/372326\/"},"modified":"2025-09-07T05:54:10","modified_gmt":"2025-09-07T05:54:10","slug":"pas-de-packs-deau-potable-pour-cette-detenue-de-la-prison-pour-femmes-de-rennes","status":"publish","type":"post","link":"https:\/\/www.europesays.com\/fr\/372326\/","title":{"rendered":"pas de packs d&rsquo;eau potable pour cette d\u00e9tenue de la prison pour femmes de Rennes"},"content":{"rendered":"<p>            Par<br \/>\n        <strong><br \/>\n            <a href=\"https:\/\/actu.fr\/auteur\/redaction-rennes\" title=\"Consulter tous les articles de R\u00e9daction Rennes\" target=\"_blank\" rel=\"noopener\">R\u00e9daction Rennes<\/a><br \/>\n        <\/strong><\/p>\n<p>        Publi\u00e9 le<\/p>\n<p>            7 sept. 2025 \u00e0 7h02        <\/p>\n<p>Le juge des r\u00e9f\u00e9r\u00e9s du tribunal administratif de Rennes a d\u00e9savou\u00e9, vendredi 29\u00a0ao\u00fbt 2025, une d\u00e9tenue atteinte <strong>d\u2019une \u00ab\u2009pathologie pulmonaire\u2009\u00bb<\/strong> \u00e0 la prison des femmes de Rennes (Ille-et-Vilaine) et qui s\u2019inqui\u00e9tait d\u2019une nouvelle contamination de l\u2019eau \u00e0 la l\u00e9gionelle.<\/p>\n<p class=\" wall-content\">Une analyse de l\u2019eau chaude sanitaire avait en effet de nouveau r\u00e9v\u00e9l\u00e9 le 21\u00a0ao\u00fbt 2025,<a href=\"https:\/\/actu.fr\/bretagne\/rennes_35238\/rennes-l-eau-de-la-prison-des-femmes-est-impropre-a-la-consommation_59864675.html\" target=\"_blank\" rel=\"noopener\"> deux ans apr\u00e8s la derni\u00e8re contamination<\/a>, <strong>la pr\u00e9sence de l\u00e9gionelles<\/strong> en quantit\u00e9 sup\u00e9rieure \u00e0 la \u00ab\u2009limite de qualit\u00e9\u2009\u00bb dans les douches du b\u00e2timent dans lequel Dominique est incarc\u00e9r\u00e9e.<\/p>\n<p class=\" wall-content\">Cette femme de <strong>57\u00a0ans<\/strong> est \u00e9crou\u00e9e \u00e0 Rennes pour purge <strong>une peine de 20\u00a0ans<\/strong> de r\u00e9clusion criminelle apr\u00e8s avoir <strong>assassin\u00e9 son p\u00e8re de 91\u00a0ans<\/strong> \u00e0 Saint-Etienne (Loire).<\/p>\n<p>\u00ab\u2009\u00c9viter l\u2019utilisation des douches\u2009\u00bb<\/p>\n<p class=\" wall-content\">\u00ab\u2009Lorsque ces seuils ne sont pas respect\u00e9s, le responsable des installations prend sans d\u00e9lai les mesures correctives n\u00e9cessaires au r\u00e9tablissement de la qualit\u00e9 de l\u2019eau et \u00e0 la protection des usagers\u2009\u00bb, pr\u00e9voit dans de tels cas un arr\u00eat\u00e9 du 1\u1d49\u02b3 f\u00e9vrier\u00a02010.<\/p>\n<p class=\" wall-content\">En l\u2019occurrence, la soci\u00e9t\u00e9 d\u2019audit et de certification Bureau Veritas avait invit\u00e9 \u00e0 \u00ab\u2009\u00e9viter l\u2019utilisation <strong>des douches<\/strong> desservies\u2009\u00bb, \u00e0 <strong>\u00ab\u2009nettoyer, d\u00e9tartrer<\/strong> et <strong>d\u00e9sinfecter<\/strong> tous les points terminaux\u2009\u00bb, \u00e0 \u00ab\u2009r\u00e9gler la temp\u00e9rature en sortie de production d\u2019eau chaude \u00e0 60\u2009\u00b0C\u2009\u00bb et \u00e0 <strong>\u00ab\u2009surveiller les d\u00e9p\u00f4ts<\/strong> [\u2026] susceptibles de servir de\u2009\u00bb point d\u2019ancrage \u00ab\u2009aux bact\u00e9ries\u2009\u00bb.<\/p>\n<p>Des mesures insuffisantes<\/p>\n<p class=\" wall-content\"><strong>Les l\u00e9gionelles<\/strong> se d\u00e9veloppent en effet \u00ab\u2009entre 25 et 50\u2009\u00b0C avec un optimum \u00e0 37\u2009\u00b0C\u2009\u00bb. Elles peuvent engendrer<strong> une \u00ab\u2009grave infection des poumons<\/strong> non contagieuse\u2009\u00bb, dont le risque augmente \u00ab\u2009pour les personnes pr\u00e9sentant une maladie chronique respiratoire\u2009\u00bb\u2009: elle se contracte \u00ab\u2009en inhalant des microgouttelettes, tout particuli\u00e8rement lors des douches\u2009\u00bb.<\/p>\n<p class=\" wall-content\">La directrice du centre p\u00e9nitentiaire pour femmes de Rennes, Aude Wessbecher, avait donc d\u00e9cid\u00e9 de \u00ab\u2009supprimer l\u2019acc\u00e8s aux douches\u2009\u00bb et de <strong>programmer un \u00ab\u2009choc chlor\u00e9\u2009\u00bb<\/strong> lundi 1\u1d49\u02b3 septembre\u00a02025 pour \u00ab\u2009effacer toutes les traces de l\u00e9gionelle\u2009\u00bb.<\/p>\n<p>Votre r\u00e9gion, votre actu !<\/p>\n<p>Recevez chaque jour les infos qui comptent pour vous.<\/p>\n<p>\t<a href=\"https:\/\/actu.fr\/newsletter\" class=\"ac-btn ac-btn--corner ac-btn--medium ac-btn--blue800\" target=\"_blank\" rel=\"noopener\">S&rsquo;incrire<\/a><\/p>\n<p class=\" wall-content\">Les choses devraient rentrer dans l\u2019ordre \u00ab\u2009au plus tard dix jours apr\u00e8s\u2009\u00bb, soit le 10\u00a0septembre 2025, date \u00e0 laquelle les douches pourront \u00eatre de nouveau rendues accessibles, si les r\u00e9sultats des analyses le permettent.<\/p>\n<p>Un r\u00e9f\u00e9r\u00e9-libert\u00e9<\/p>\n<p class=\" wall-content\">Mais l\u2019avocate de Dominique consid\u00e9ret ces mesures insuffisantes\u2009:<strong> la prison est dot\u00e9e d\u2019un \u00ab\u2009seul et m\u00eame circuit\u2009\u00bb<\/strong> et les d\u00e9tenues peuvent tirer de l\u2019eau chaude en cellule, et donc \u00eatre contamin\u00e9es \u00ab\u2009par inhalation\u2009\u00bb.<\/p>\n<p class=\" wall-content\">Me Juliette Beigelman a donc introduit <strong>un r\u00e9f\u00e9r\u00e9-libert\u00e9<\/strong>, une proc\u00e9dure d\u2019extr\u00eame urgence destin\u00e9e \u00e0 censurer toute \u00ab\u2009atteinte aux libert\u00e9s fondamentales\u2009\u00bb comme le \u00ab\u2009droit \u00e0 la dignit\u00e9\u2009\u00bb et celui de <strong>\u00ab\u2009ne pas \u00eatre expos\u00e9e \u00e0 des traitements inhumains<\/strong> et d\u00e9gradants\u2009\u00bb. Le juge doit alors r\u00e9pondre sous 24\u00a0heures.<\/p>\n<p>Une distribution quotidienne de bouteilles r\u00e9clam\u00e9e<\/p>\n<p class=\" wall-content\">Lors de l\u2019audience qui s\u2019est tenue jeudi 28 ao\u00fbt 2025, l\u2019avocate s\u2019est donc \u00e9tonn\u00e9e que l\u2019acc\u00e8s \u00e0 l\u2019eau soit toujours possible en cellule, alors m\u00eame que \u00ab\u2009la l\u00e9gionelle peut contaminer par a\u00e9ration, notamment via les gouttelettes\u2009\u00bb. \u00ab\u2009Si on tire de l\u2019eau chaude [en cellule], on peut \u00eatre contamin\u00e9e\u2009\u00bb, en a-t-elle d\u00e9duit.<\/p>\n<p class=\" wall-content\">Me Juliette Beigelman demande en cons\u00e9quence \u00e0 ce que sa cliente puisse b\u00e9n\u00e9ficier <strong>d\u2019une \u00ab\u2009distribution quotidienne\u2009\u00bb d\u2019eau en bouteilles<\/strong> jusqu\u2019au r\u00e9tablissement d\u2019une situation normale.<\/p>\n<p>\u00ab\u2009Aucune urgence\u2009\u00bb<\/p>\n<p class=\" wall-content\">Dans ses \u00e9critures, le ministre de la Justice a lui consid\u00e9r\u00e9 qu\u2019<strong>aucune \u00ab\u2009urgence\u2009\u00bb<\/strong> n\u2019\u00e9tait constitu\u00e9e dans cette affaire\u2009: l\u2019eau est \u00ab\u2009potable\u2009\u00bb et \u00ab\u2009peut \u00eatre consomm\u00e9e\u2009\u00bb puisque la l\u00e9gionellose ne peut \u00eatre contract\u00e9e \u00ab\u2009que par inhalation de l\u2019eau [\u2026] diffus\u00e9e en a\u00e9rosol\u2009\u00bb, et non lorsqu\u2019elle est bue. La d\u00e9tenue de 57 ans dispose par ailleurs <strong>de \u00ab\u2009fonds suffisants\u2009\u00bb<\/strong> <strong>pour \u00ab\u2009acheter des bouteilles d\u2019eau<\/strong> aupr\u00e8s des cantines de l\u2019\u00e9tablissement\u2009\u00bb, avait par ailleurs fait remarquer le minist\u00e8re de la Justice.<\/p>\n<p class=\" wall-content\">Et \u00ab\u2009Bureau Veritas [\u2026] n\u2019a pas \u00e9mis de recommandation sp\u00e9cifique sur le tirage de l\u2019eau qu\u2019une d\u00e9tenue pourrait chauffer et la temp\u00e9rature de celle-ci\u2009\u00bb, ajoute la directrice de la prison, qui accepte que Dominique soit h\u00e9berg\u00e9e \u00ab\u2009dans un autre secteur\u2009\u00bb.<\/p>\n<p>\u00ab\u2009Des mesures suffisantes\u2009\u00bb<\/p>\n<p class=\" wall-content\">\u00ab\u2009D\u00e8s lors que la pr\u00e9sence de l\u00e9gionelle dans l\u2019eau ne fait pas obstacle \u00e0 son usage alimentaire, en d\u00e9cidant [\u2026] d\u2019effectuer un\u2009\u00bb choc chlor\u00e9 \u00ab\u2009[\u2026] sans toutefois proc\u00e9der \u00e0 la distribution d\u2019eau sous forme de packs ou de bouteilles [\u2026], la directrice du centre p\u00e9nitentiaire [\u2026] a <strong>pris les mesures propres et suffisantes<\/strong> \u00e0 prot\u00e9ger la vie des personnes incarc\u00e9r\u00e9es\u2009\u00bb, tranche le juge des r\u00e9f\u00e9r\u00e9s dans une ordonnance en date du 29\u00a0ao\u00fbt 2025 et qui vient d\u2019\u00eatre rendue publique.<\/p>\n<p class=\" wall-content\">Finalement, de son point de vue,<strong> aucune \u00ab\u2009atteinte grave et manifestement ill\u00e9gale \u00e0 une libert\u00e9 fondamentale\u2009\u00bb<\/strong> n\u2019est constitu\u00e9e. \u00c0 ce stade, la requ\u00eate de la d\u00e9tenue a donc \u00e9t\u00e9 <strong>rejet\u00e9e.<\/strong><\/p>\n<p class=\" wall-content\">\u00ab\u2009Je m\u2019interroge sur l\u2019acceptation du risque pour ce type de public particuli\u00e8rement vuln\u00e9rable\u2009\u00bb, a r\u00e9agi Me Juliette Beigelman. L\u2019avocate se laisse d\u00e9sormais la possibilit\u00e9 de porter cette affaire <strong>devant le Conseil d\u2019\u00e9tat,<\/strong> la plus haute juridiction de l\u2019ordre administratif fran\u00e7ais.<\/p>\n<p class=\" wall-content\"><strong>CB et GF (PressPepper)<\/strong><\/p>\n<p class=\" wall-content\">Personnalisez votre actualit\u00e9 en ajoutant vos villes et m\u00e9dias en favori avec <a href=\"https:\/\/moncompte.actu.fr\" title=\"D\u00e9couvez Mon Actu\" rel=\"nofollow noopener\" data-trk=\"{&quot;cta&quot;:{&quot;action&quot;:&quot;https:\\\/\\\/moncompte.actu.fr&quot;,&quot;category&quot;:&quot;mon compte&quot;,&quot;from&quot;:&quot;article footer&quot;,&quot;name&quot;:&quot;Mon actu&quot;,&quot;type&quot;:&quot;cta&quot;}}\" target=\"_blank\">Mon Actu<\/a>.<\/p>\n","protected":false},"excerpt":{"rendered":"Par R\u00e9daction Rennes Publi\u00e9 le 7 sept. 2025 \u00e0 7h02 Le juge des r\u00e9f\u00e9r\u00e9s du tribunal administratif de&hellip;\n","protected":false},"author":2,"featured_media":372327,"comment_status":"","ping_status":"","sticky":false,"template":"","format":"standard","meta":{"footnotes":""},"categories":[2821],"tags":[1111,11,829,1777,674,118,1011,27,12,899,584,25],"class_list":{"0":"post-372326","1":"post","2":"type-post","3":"status-publish","4":"format-standard","5":"has-post-thumbnail","7":"category-rennes","8":"tag-actu","9":"tag-actualites","10":"tag-bretagne","11":"tag-eu","12":"tag-europe","13":"tag-faits-divers","14":"tag-fr","15":"tag-france","16":"tag-news","17":"tag-prisons","18":"tag-rennes","19":"tag-republique-francaise"},"share_on_mastodon":{"url":"https:\/\/pubeurope.com\/@fr\/115161468949687048","error":""},"_links":{"self":[{"href":"https:\/\/www.europesays.com\/fr\/wp-json\/wp\/v2\/posts\/372326","targetHints":{"allow":["GET"]}}],"collection":[{"href":"https:\/\/www.europesays.com\/fr\/wp-json\/wp\/v2\/posts"}],"about":[{"href":"https:\/\/www.europesays.com\/fr\/wp-json\/wp\/v2\/types\/post"}],"author":[{"embeddable":true,"href":"https:\/\/www.europesays.com\/fr\/wp-json\/wp\/v2\/users\/2"}],"replies":[{"embeddable":true,"href":"https:\/\/www.europesays.com\/fr\/wp-json\/wp\/v2\/comments?post=372326"}],"version-history":[{"count":0,"href":"https:\/\/www.europesays.com\/fr\/wp-json\/wp\/v2\/posts\/372326\/revisions"}],"wp:featuredmedia":[{"embeddable":true,"href":"https:\/\/www.europesays.com\/fr\/wp-json\/wp\/v2\/media\/372327"}],"wp:attachment":[{"href":"https:\/\/www.europesays.com\/fr\/wp-json\/wp\/v2\/media?parent=372326"}],"wp:term":[{"taxonomy":"category","embeddable":true,"href":"https:\/\/www.europesays.com\/fr\/wp-json\/wp\/v2\/categories?post=372326"},{"taxonomy":"post_tag","embeddable":true,"href":"https:\/\/www.europesays.com\/fr\/wp-json\/wp\/v2\/tags?post=372326"}],"curies":[{"name":"wp","href":"https:\/\/api.w.org\/{rel}","templated":true}]}}