{"id":372330,"date":"2025-09-07T05:58:14","date_gmt":"2025-09-07T05:58:14","guid":{"rendered":"https:\/\/www.europesays.com\/fr\/372330\/"},"modified":"2025-09-07T05:58:14","modified_gmt":"2025-09-07T05:58:14","slug":"il-ne-reste-que-du-xxxl-le-nouveau-maillot-du-racing-victime-de-son-succes-apres-la-qualification-europeenne","status":"publish","type":"post","link":"https:\/\/www.europesays.com\/fr\/372330\/","title":{"rendered":"\u00ab\u00a0Il ne reste que du XXXL\u00a0\u00bb, le nouveau maillot du Racing victime de son succ\u00e8s apr\u00e8s la qualification europ\u00e9enne"},"content":{"rendered":"<p>Le maillot \u00ab\u00a0third\u00a0\u00bb, le maillot de comp\u00e9tition, est d\u00e9j\u00e0 en rupture de stock quelques jours apr\u00e8s la qualification des footballers strasbourgeois en Ligue Europa Conference. <\/p>\n<p>Ce jeudi 28 ao\u00fbt, le Racing s&rsquo;est d\u00e9finitivement qualifi\u00e9 pour la Ligue Europa Conf\u00e9rence, la premi\u00e8re coupe d&rsquo;Europe depuis presque 20 ans. Alors forc\u00e9ment, les supporters veulent <strong>garder un souvenir de cette saison europ\u00e9enne<\/strong>. Dans la boutique officielle du Racing au centre-ville de Strasbourg, le maillot \u00ab\u00a0third\u00a0\u00bb, celui qui sera port\u00e9 pour la Conference Ligue, est d\u00e9j\u00e0 <strong>presque en rupture de stock<\/strong>.<\/p>\n<p>Chaque client supporter du Racing passe la porte de la boutique et se dirige directement vers le fameux maillot noir. \u00ab\u00a0Il est magnifique, le logo vintage et les plumes de cigognes, c&rsquo;est tr\u00e8s r\u00e9gional, s&rsquo;amuse Pedro, un supporter colmarien, les joueurs en avait parl\u00e9 sur TikTok et \u00e7a mettait d\u00e9j\u00e0 l&rsquo;eau \u00e0 la bouche\u00a0\u00bb.<\/p>\n<p>Jules, 14 ans, s&rsquo;est aussi jet\u00e9 sur le maillot third en arrivant dans la boutique. \u00ab\u00a0C&rsquo;est un cadeau d&rsquo;anniversaire pour mon papa\u00a0\u00bb, explique-t-il. Mais\u00a0en cherchant une taille &#8230; c&rsquo;est la d\u00e9ception\u00a0: \u00ab\u00a0il ne reste que du XXXL\u00a0\u00bb, se d\u00e9sole l&rsquo;adolescent.<\/p>\n<p><img loading=\"lazy\" decoding=\"async\" class=\"VisualPreview svelte-1rldrkz\" src=\"data:image\/jpeg;base64,\/9j\/2wBDACgcHiMeGSgjISMtKygwPGRBPDc3PHtYXUlkkYCZlo+AjIqgtObDoKrarYqMyP\/L2u71\/\/\/\/m8H\/\/\/\/6\/+b9\/\/j\/2wBDASstLTw1PHZBQXb4pYyl+Pj4+Pj4+Pj4+Pj4+Pj4+Pj4+Pj4+Pj4+Pj4+Pj4+Pj4+Pj4+Pj4+Pj4+Pj4+Pj4+Pj\/wAARCAAXACoDASIAAhEBAxEB\/8QAFwABAQEBAAAAAAAAAAAAAAAAAgABA\/\/EABYQAQEBAAAAAAAAAAAAAAAAAAABEf\/EABUBAQEAAAAAAAAAAAAAAAAAAAEA\/8QAFBEBAAAAAAAAAAAAAAAAAAAAAP\/aAAwDAQACEQMRAD8AdClaNBYmLSG2jrLR0J2tG1JFlo2pIDaOpIv\/2Q==\" alt=\"Le vendeur redirige ses clients vers le T-shirt &quot;Nous sommes europ\u00e9ens&quot;.\" width=\"600\" height=\"337\"\/>  Le vendeur redirige ses clients vers le T-shirt \u00ab\u00a0Nous sommes europ\u00e9ens\u00a0\u00bb. \u00a9 Radio France &#8211; Elise Hulata<\/p>\n<p>Apr\u00e8s la qualification en coupe europ\u00e9enne, les derniers maillots ont \u00e9t\u00e9 vendus. Simon, vendeur dans la boutique, n&rsquo;a pu que <strong>constater l&rsquo;engouement<\/strong>, \u00ab\u00a0le maillot noir, on a l&rsquo;a re\u00e7u le jour du match de barrage, les gens sont pas mal venus le jour de la sortie et le lendemain, pour l&rsquo;instant on est en rupture sur ce maillot l\u00e0\u00a0\u00bb, dit-il.\u00a0Il redirige ses clients donc vers d&rsquo;autres souvenirs de cette saison europ\u00e9enne, notamment <strong>le T-shirt \u00ab\u00a0Nous sommes europ\u00e9ens\u00a0\u00bb, en \u00e9dition limit\u00e9e<\/strong>.<\/p>\n<p>Un <strong>nouvel arrivage<\/strong> de maillots \u00ab\u00a0third\u00a0\u00bb, que le Racing a \u00e9galement port\u00e9s lors du match contre Monaco, devrait arriver le 25 septembre.<\/p>\n","protected":false},"excerpt":{"rendered":"Le maillot \u00ab\u00a0third\u00a0\u00bb, le maillot de comp\u00e9tition, est d\u00e9j\u00e0 en rupture de stock quelques jours apr\u00e8s la qualification&hellip;\n","protected":false},"author":2,"featured_media":372331,"comment_status":"","ping_status":"","sticky":false,"template":"","format":"standard","meta":{"footnotes":""},"categories":[2820],"tags":[1111,11,1777,674,1011,27,775,12,25,640],"class_list":{"0":"post-372330","1":"post","2":"type-post","3":"status-publish","4":"format-standard","5":"has-post-thumbnail","7":"category-strasbourg","8":"tag-actu","9":"tag-actualites","10":"tag-eu","11":"tag-europe","12":"tag-fr","13":"tag-france","14":"tag-grand-est","15":"tag-news","16":"tag-republique-francaise","17":"tag-strasbourg"},"share_on_mastodon":{"url":"https:\/\/pubeurope.com\/@fr\/115161484734284171","error":""},"_links":{"self":[{"href":"https:\/\/www.europesays.com\/fr\/wp-json\/wp\/v2\/posts\/372330","targetHints":{"allow":["GET"]}}],"collection":[{"href":"https:\/\/www.europesays.com\/fr\/wp-json\/wp\/v2\/posts"}],"about":[{"href":"https:\/\/www.europesays.com\/fr\/wp-json\/wp\/v2\/types\/post"}],"author":[{"embeddable":true,"href":"https:\/\/www.europesays.com\/fr\/wp-json\/wp\/v2\/users\/2"}],"replies":[{"embeddable":true,"href":"https:\/\/www.europesays.com\/fr\/wp-json\/wp\/v2\/comments?post=372330"}],"version-history":[{"count":0,"href":"https:\/\/www.europesays.com\/fr\/wp-json\/wp\/v2\/posts\/372330\/revisions"}],"wp:featuredmedia":[{"embeddable":true,"href":"https:\/\/www.europesays.com\/fr\/wp-json\/wp\/v2\/media\/372331"}],"wp:attachment":[{"href":"https:\/\/www.europesays.com\/fr\/wp-json\/wp\/v2\/media?parent=372330"}],"wp:term":[{"taxonomy":"category","embeddable":true,"href":"https:\/\/www.europesays.com\/fr\/wp-json\/wp\/v2\/categories?post=372330"},{"taxonomy":"post_tag","embeddable":true,"href":"https:\/\/www.europesays.com\/fr\/wp-json\/wp\/v2\/tags?post=372330"}],"curies":[{"name":"wp","href":"https:\/\/api.w.org\/{rel}","templated":true}]}}