{"id":372337,"date":"2025-09-07T06:05:12","date_gmt":"2025-09-07T06:05:12","guid":{"rendered":"https:\/\/www.europesays.com\/fr\/372337\/"},"modified":"2025-09-07T06:05:12","modified_gmt":"2025-09-07T06:05:12","slug":"de-chateauroux-a-bordeaux-ces-communes-ou-vous-devez-obtenir-un-permis-avant-de-louer-votre-bien-immobilier","status":"publish","type":"post","link":"https:\/\/www.europesays.com\/fr\/372337\/","title":{"rendered":"De Ch\u00e2teauroux \u00e0 Bordeaux&#8230; Ces communes o\u00f9 vous devez obtenir un permis avant de louer votre bien immobilier"},"content":{"rendered":"<p>    Dans la ville de Bordeaux, le permis de louer, instaur\u00e9 en 2022, s\u2019applique aujourd\u2019hui sur une partie des secteurs Victoire, Saint-Michel et Belcier.<br \/>\n                mehdi \/ stock.adobe.com<\/p>\n<p>Pour contr\u00f4ler le respect des dispositions de la loi Alur, un permis de louer est n\u00e9cessaire dans des secteurs urbains avec des b\u00e2timents d\u00e9grad\u00e9s identifi\u00e9s. Certaines villes exigent ainsi soit une simple d\u00e9claration, soit une autorisation soumise \u00e0 accord pr\u00e9alable.<\/p>\n<p class=\"fig-paragraph\">Chacun se rappelle les terribles effondrements d\u2019immeubles \u00e0 Toulouse, Bordeaux et surtout, \u00e0 Marseille, rue d\u2019Aubagne, o\u00f9 8\u00a0personnes sont d\u00e9c\u00e9d\u00e9es. Certains des copropri\u00e9taires bailleurs ont, depuis, \u00e9t\u00e9 condamn\u00e9s \u00e0 des peines d\u2019emprisonnement fermes. Ces \u00e9v\u00e9nements ont contribu\u00e9 \u00e0 remettre en lumi\u00e8re un sujet cl\u00e9\u00a0: la d\u00e9cence du logement.<\/p>\n<p class=\"fig-paragraph\">La loi du 6\u00a0juillet 1989 \u00e9nonce pourtant clairement qu\u2019un bailleur est \u00ab\u00a0tenu de remettre au locataire un logement d\u00e9cent\u00a0\u00bb, c\u2019est-\u00e0-dire ne mettant pas en danger sa sant\u00e9 ou sa s\u00e9curit\u00e9 (art.\u00a06). Pour permettre aux municipalit\u00e9s de contr\u00f4ler le respect de ces dispositions dans les secteurs o\u00f9 sont identifi\u00e9s des b\u00e2timents d\u00e9grad\u00e9s, la loi Alur a cr\u00e9\u00e9, en 2014, le permis de louer. Les villes qui s\u2019en sont saisies l\u2019utilisent parfois en association avec un autre instrument, le permis de diviser, cr\u00e9\u00e9, lui, en 2021.<\/p>\n<p class=\"fig-frame__title\">5 000 \u20ac<\/p>\n<ul>\n<li>C\u2019est le montant de l\u2019amende maximale encourue par le bailleur s\u2019il met en location un bien sans avoir d\u00e9pos\u00e9 un dossier de demande d\u2019autorisation pr\u00e9alable, lorsqu\u2019elle est requise.<\/li>\n<\/ul>\n<p>Source\u00a0: Art. L 635-7 du code de la construction et de l\u2019habitation<\/p>\n<p>Une autorisation soumise \u00e0 simple d\u00e9claration ou \u00e0 accord pr\u00e9alable<\/p>\n<p class=\"fig-paragraph\">Chaque commune peut ainsi d\u00e9finir, sur son territoire, une ou plusieurs zones au sein desquelles la location \u00e0 titre de r\u00e9sidence\u2026<\/p>\n<p class=\"fig-premium-paywall__infos\">\n        Cet article est r\u00e9serv\u00e9 aux abonn\u00e9s.        Il vous reste 89% \u00e0 d\u00e9couvrir.\n    <\/p>\n<p class=\"fig-premium-paywall__title\">Vous avez envie de lire la suite ?<\/p>\n<p class=\"fig-premium-paywall__subtitle\">D\u00e9bloquez tous les articles imm\u00e9diatement.<\/p>\n<p class=\"fig-premium-paywall__connect\">\n                D\u00e9j\u00e0 abonn\u00e9 ?                <a class=\"fig-premium-paywall__connect-link\" href=\"https:\/\/connect.lefigaro.fr\/login?client=leparticulier_web&amp;type=main&amp;redirect_uri=https%3A%2F%2Fleparticulier.lefigaro.fr%2Fjcms%2Fc_112149%2Flocation%2Fimmobilier-ces-communes-ou-vous-devez-obtenir-un-permis-avant-de-louer-votre-bien-20250907\" data-js-gtm=\"{&quot;customCategorie&quot;: &quot;conversion&quot;, &quot;customAction&quot;: &quot;before_Landing_Connexion_paywall_auto&quot;, &quot;customLabel&quot;: &quot;bGVwYXJ0aWN1bGllci5sZWZpZ2Fyby5mcl9fMWYwODczODItNjExOC02NzA4LWJhYzctMGI0MDRjM2U1YTM2X19BcnRpY2xl_De Ch\u00e2teauroux \u00e0 Bordeaux... Ces communes o\u00f9 vous devez obtenir un permis avant de louer votre bien immobilier_128&quot;, &quot;customIDSPE&quot;: &quot;bGVwYXJ0aWN1bGllci5sZWZpZ2Fyby5mcl9fMWYwODczODItNjExOC02NzA4LWJhYzctMGI0MDRjM2U1YTM2X19BcnRpY2xl&quot;, &quot;event&quot;: &quot;customEventSPE&quot;}\" target=\"_blank\" rel=\"noopener\"><br \/>\n                    Connectez-vous<br \/>\n                <\/a>\n            <\/p>\n","protected":false},"excerpt":{"rendered":"Dans la ville de Bordeaux, le permis de louer, instaur\u00e9 en 2022, s\u2019applique aujourd\u2019hui sur une partie des&hellip;\n","protected":false},"author":2,"featured_media":372338,"comment_status":"","ping_status":"","sticky":false,"template":"","format":"standard","meta":{"footnotes":""},"categories":[2817],"tags":[1111,11,1997,7052,1777,674,1011,27,32729,1908,12,2219,25],"class_list":{"0":"post-372337","1":"post","2":"type-post","3":"status-publish","4":"format-standard","5":"has-post-thumbnail","7":"category-bordeaux","8":"tag-actu","9":"tag-actualites","10":"tag-bordeaux","11":"tag-commune","12":"tag-eu","13":"tag-europe","14":"tag-fr","15":"tag-france","16":"tag-investissement-locatif","17":"tag-logement","18":"tag-news","19":"tag-nouvelle-aquitaine","20":"tag-republique-francaise"},"share_on_mastodon":{"url":"https:\/\/pubeurope.com\/@fr\/115161512315452949","error":""},"_links":{"self":[{"href":"https:\/\/www.europesays.com\/fr\/wp-json\/wp\/v2\/posts\/372337","targetHints":{"allow":["GET"]}}],"collection":[{"href":"https:\/\/www.europesays.com\/fr\/wp-json\/wp\/v2\/posts"}],"about":[{"href":"https:\/\/www.europesays.com\/fr\/wp-json\/wp\/v2\/types\/post"}],"author":[{"embeddable":true,"href":"https:\/\/www.europesays.com\/fr\/wp-json\/wp\/v2\/users\/2"}],"replies":[{"embeddable":true,"href":"https:\/\/www.europesays.com\/fr\/wp-json\/wp\/v2\/comments?post=372337"}],"version-history":[{"count":0,"href":"https:\/\/www.europesays.com\/fr\/wp-json\/wp\/v2\/posts\/372337\/revisions"}],"wp:featuredmedia":[{"embeddable":true,"href":"https:\/\/www.europesays.com\/fr\/wp-json\/wp\/v2\/media\/372338"}],"wp:attachment":[{"href":"https:\/\/www.europesays.com\/fr\/wp-json\/wp\/v2\/media?parent=372337"}],"wp:term":[{"taxonomy":"category","embeddable":true,"href":"https:\/\/www.europesays.com\/fr\/wp-json\/wp\/v2\/categories?post=372337"},{"taxonomy":"post_tag","embeddable":true,"href":"https:\/\/www.europesays.com\/fr\/wp-json\/wp\/v2\/tags?post=372337"}],"curies":[{"name":"wp","href":"https:\/\/api.w.org\/{rel}","templated":true}]}}