{"id":372339,"date":"2025-09-07T06:06:09","date_gmt":"2025-09-07T06:06:09","guid":{"rendered":"https:\/\/www.europesays.com\/fr\/372339\/"},"modified":"2025-09-07T06:06:09","modified_gmt":"2025-09-07T06:06:09","slug":"age-classe-sociale-origine-voici-le-portrait-robot-des-acheteurs-immobiliers-a-toulouse","status":"publish","type":"post","link":"https:\/\/www.europesays.com\/fr\/372339\/","title":{"rendered":"\u00c2ge, classe sociale, origine&#8230; Voici le portrait-robot des acheteurs immobiliers \u00e0 Toulouse"},"content":{"rendered":"<p>            Par<br \/>\n        <strong><br \/>\n            <a href=\"https:\/\/actu.fr\/auteur\/lucie-2\" title=\"Consulter tous les articles de Lucie Fraisse\" rel=\"nofollow noopener\" target=\"_blank\">Lucie Fraisse<\/a><br \/>\n        <\/strong><\/p>\n<p>        Publi\u00e9 le<\/p>\n<p>            7 sept. 2025 \u00e0 7h26        <\/p>\n<p>Selon <a href=\"https:\/\/www.institutmontaigne.org\/publications\/classes-moyennes-les-nouvelles-cles-dacces-la-propriete\" rel=\"nofollow noopener\" target=\"_blank\">une \u00e9tude publi\u00e9e en ao\u00fbt\u00a02025 par l\u2019institut Montaigne<\/a>, 73\u2009% des Fran\u00e7ais jugent qu\u2019\u00ab\u2009il est imp\u00e9ratif de devenir propri\u00e9taire avant la retraite\u2009\u00bb. Un r\u00eave qui se confronte souvent \u00e0 la r\u00e9alit\u00e9 des prix de l\u2019immobilier en hausse (ils ont bondi de 88\u2009% en 20\u00a0ans, toujours selon l\u2019institut Montaigne). \u00c0 <strong><a href=\"https:\/\/actu.fr\/toulouse\/dernieres-actus\" rel=\"nofollow noopener\" target=\"_blank\">Toulouse<\/a><\/strong>, comme partout en France, l\u2019acc\u00e8s \u00e0 la propri\u00e9t\u00e9 est tr\u00e8s reli\u00e9 aux parcours de vie, mais aussi aux cat\u00e9gories socioprofessionnelles des acheteurs. Une r\u00e9cente \u00e9tude dresse ainsi un portrait plus d\u00e9taill\u00e9 du profil des acqu\u00e9reurs immobilier dans l\u2019aire d\u2019attraction de la Ville rose.<strong> Les d\u00e9tails.<\/strong><\/p>\n<p>\u00c2ge moyen des acheteurs\u2009: 41\u00a0ans<\/p>\n<p class=\" wall-content\">Une <a href=\"https:\/\/www.aua-toulouse.org\/acheter-un-bien-immobilier-ancien-a-toulouse-profils-des-acheteurs-prix-et-tendances\/\" rel=\"nofollow noopener\" target=\"_blank\">\u00e9tude de l\u2019Agence d\u2019urbanisme et d\u2019am\u00e9nagement de Toulouse<\/a> (AUAT) sur l\u2019immobilier ancien publi\u00e9e r\u00e9cemment montre ainsi que \u00ab\u2009l\u2019\u00e2ge moyen des acqu\u00e9reurs dans l\u2019aire d\u2019attraction de Toulouse s\u2019\u00e9tablit<strong> autour de 41\u00a0ans.<\/strong>\u2009\u00bb Soit un peu <strong>au-dessus de la moyenne nationale<\/strong>, comme l\u2019a constat\u00e9 <a href=\"https:\/\/www.meilleurtaux.com\/espace-presse\/communiques-de-presse\/immobilier-qui-sont-les-acheteurs-de-2024.html\" rel=\"nofollow noopener\" target=\"_blank\">le site de courtage immobilier meilleurtaux.com<\/a>, qui estime, l\u2019\u00e2ge moyen de l\u2019acheteur de l\u2019acheteur fran\u00e7ais <strong>\u00e0 37\u00a0ans<\/strong>.<\/p>\n<p class=\" wall-content\">Dans la Ville rose comme ailleurs, l\u2019\u00e2ge moyen des acqu\u00e9reurs \u00e9volue en fonction des parcours de vie et du type de bien achet\u00e9, comme le rel\u00e8ve l\u2019AUAT. Ainsi, dans l\u2019aire d\u2019attraction de Toulouse, l\u2019\u00e2ge moyen d\u2019achat d\u2019un T2\/T3 est situ\u00e9 autour de 26\u00a0ans. Dans la majeure partie des cas, il s\u2019agit d\u2019un premier achat.<\/p>\n<p>L\u2019achat de maison plus tardif<\/p>\n<p class=\" wall-content\">L\u2019achat d\u2019une maison ancienne intervient en moyenne plus tard, \u00ab\u2009avec un pic principal <strong>entre 30 et 39\u00a0ans<\/strong>\u2009\u00bb, selon l\u2019AUAT.<\/p>\n<blockquote class=\"ac-article-quote wall-content\">\n<p>Un second pic d\u2019achat est constat\u00e9 entre 39 et 55 ans, que ce soit pour des maisons ou des appartements type T2\/T3. L\u2019achat peut alors \u00eatre motiv\u00e9 par des investissements locatifs ou des raisons personnelles, comme l\u2019achat d\u2019un logement plus grand ou des s\u00e9parations. Pour les autres typologies de biens, dont l\u2019offre est plus limit\u00e9e, les acquisitions se r\u00e9alisent principalement avant 50 ans. <\/p>\n<p>    <strong>AUAT<\/strong>\n            <\/p><\/blockquote>\n<p>Des acheteurs locaux<\/p>\n<p class=\" wall-content\">L\u2019immobilier fonctionne en circuit court \u00e0 Toulouse\u2009! La plupart des acheteurs sont en effet des locaux.<\/p>\n<p class=\" wall-content\">L\u2019AUAT constate ainsi que plus de <strong>la moiti\u00e9 des acheteurs vie d\u00e9j\u00e0 dans l\u2019aire d\u2019attraction de la Ville rose<\/strong> quand ils acqui\u00e8rent un bien immobilier.<\/p>\n<p>Votre r\u00e9gion, votre actu !<\/p>\n<p>Recevez chaque jour les infos qui comptent pour vous.<\/p>\n<p>\t<a href=\"https:\/\/actu.fr\/newsletter\" class=\"ac-btn ac-btn--corner ac-btn--medium ac-btn--blue800\" rel=\"nofollow noopener\" target=\"_blank\">S&rsquo;incrire<\/a><br \/>\nL\u2019achat immobilier, un privil\u00e8ge\u2009?<\/p>\n<p class=\" wall-content\">Dans l\u2019aire d\u2019attraction de Toulouse, l\u2019achat immobilier est majoritairement fait par des <strong>cadres sup\u00e9rieurs<\/strong> et des <strong>professions interm\u00e9diaires<\/strong>. \u00ab\u2009En 2022, 67\u2009% des achats ont \u00e9t\u00e9 r\u00e9alis\u00e9s par ces deux cat\u00e9gories\u2009\u00bb, note ainsi l\u2019AUAT.<\/p>\n<p class=\" wall-content\">Dans <strong>Toulouse<\/strong> m\u00eame, ce sont les cadres qui ach\u00e8tent le plus, la proportion d\u2019acheteurs issus de cat\u00e9gories sociales plus modestes augmente \u00e0 mesure que l\u2019on s\u2019\u00e9loigne de la Ville rose.<\/p>\n<p class=\" wall-content\"><a href=\"https:\/\/institutmontaigne.org\/ressources\/pdfs\/publications\/classes-moyennes-les-nouvelles-cles-dacces-la-propriete-resume.pdf\" rel=\"nofollow noopener\" target=\"_blank\">Dans son analyse<\/a>, l\u2019institut Montaigne estime qu\u2019en France, le pouvoir d\u2019achat immobilier des m\u00e9nages baisse depuis le d\u00e9but des ann\u00e9es 2000, \u00ab\u2009en raison d\u2019une hausse des prix et malgr\u00e9 l\u2019augmentation de l\u2019endettement immobilier.\u2009\u00bb Une baisse qui concerne en particulier les primo-acc\u00e9dants et notamment ceux des classes moyennes.<\/p>\n<p class=\" wall-content\">Personnalisez votre actualit\u00e9 en ajoutant vos villes et m\u00e9dias en favori avec <a href=\"https:\/\/moncompte.actu.fr\" title=\"D\u00e9couvez Mon Actu\" rel=\"nofollow noopener\" data-trk=\"{&quot;cta&quot;:{&quot;action&quot;:&quot;https:\\\/\\\/moncompte.actu.fr&quot;,&quot;category&quot;:&quot;mon compte&quot;,&quot;from&quot;:&quot;article footer&quot;,&quot;name&quot;:&quot;Mon actu&quot;,&quot;type&quot;:&quot;cta&quot;}}\" target=\"_blank\">Mon Actu<\/a>.<\/p>\n","protected":false},"excerpt":{"rendered":"Par Lucie Fraisse Publi\u00e9 le 7 sept. 2025 \u00e0 7h26 Selon une \u00e9tude publi\u00e9e en ao\u00fbt\u00a02025 par l\u2019institut&hellip;\n","protected":false},"author":2,"featured_media":372340,"comment_status":"","ping_status":"","sticky":false,"template":"","format":"standard","meta":{"footnotes":""},"categories":[2816],"tags":[1111,11,1777,674,1011,27,1116,12,2680,25,104,2312],"class_list":{"0":"post-372339","1":"post","2":"type-post","3":"status-publish","4":"format-standard","5":"has-post-thumbnail","7":"category-toulouse","8":"tag-actu","9":"tag-actualites","10":"tag-eu","11":"tag-europe","12":"tag-fr","13":"tag-france","14":"tag-immobilier","15":"tag-news","16":"tag-occitanie","17":"tag-republique-francaise","18":"tag-societe","19":"tag-toulouse"},"share_on_mastodon":{"url":"https:\/\/pubeurope.com\/@fr\/115161516148747404","error":""},"_links":{"self":[{"href":"https:\/\/www.europesays.com\/fr\/wp-json\/wp\/v2\/posts\/372339","targetHints":{"allow":["GET"]}}],"collection":[{"href":"https:\/\/www.europesays.com\/fr\/wp-json\/wp\/v2\/posts"}],"about":[{"href":"https:\/\/www.europesays.com\/fr\/wp-json\/wp\/v2\/types\/post"}],"author":[{"embeddable":true,"href":"https:\/\/www.europesays.com\/fr\/wp-json\/wp\/v2\/users\/2"}],"replies":[{"embeddable":true,"href":"https:\/\/www.europesays.com\/fr\/wp-json\/wp\/v2\/comments?post=372339"}],"version-history":[{"count":0,"href":"https:\/\/www.europesays.com\/fr\/wp-json\/wp\/v2\/posts\/372339\/revisions"}],"wp:featuredmedia":[{"embeddable":true,"href":"https:\/\/www.europesays.com\/fr\/wp-json\/wp\/v2\/media\/372340"}],"wp:attachment":[{"href":"https:\/\/www.europesays.com\/fr\/wp-json\/wp\/v2\/media?parent=372339"}],"wp:term":[{"taxonomy":"category","embeddable":true,"href":"https:\/\/www.europesays.com\/fr\/wp-json\/wp\/v2\/categories?post=372339"},{"taxonomy":"post_tag","embeddable":true,"href":"https:\/\/www.europesays.com\/fr\/wp-json\/wp\/v2\/tags?post=372339"}],"curies":[{"name":"wp","href":"https:\/\/api.w.org\/{rel}","templated":true}]}}