{"id":37234,"date":"2025-04-19T19:52:24","date_gmt":"2025-04-19T19:52:24","guid":{"rendered":"https:\/\/www.europesays.com\/fr\/37234\/"},"modified":"2025-04-19T19:52:24","modified_gmt":"2025-04-19T19:52:24","slug":"maria-lamour-est-dans-le-pre-se-confie-sur-lelimination-de-maxime-son-neveu-dans-koh-lanta","status":"publish","type":"post","link":"https:\/\/www.europesays.com\/fr\/37234\/","title":{"rendered":"Maria (L\u2019amour est dans le pr\u00e9) se confie sur l\u2019\u00e9limination de Maxime, son neveu, dans Koh-Lanta"},"content":{"rendered":"<p>Le nouvel \u00e9pisode de Koh-Lanta , diffus\u00e9 mardi dernier, a r\u00e9serv\u00e9 bien des surprises aux t\u00e9l\u00e9spectateurs. Un \u00e9pisode de Koh-Lanta qui voit Maxime se faire \u00e9liminer Les Rouges ont remport\u00e9 l\u2019\u00e9preuve et ont pu savourer deux pizzas, avant d\u2019assister \u00e0 la tant attendue r\u00e9unification. Mais cette fois-ci, ce n\u2019\u00e9taient pas deux, mais quatre ambassadeurs qui \u00e9taient d\u00e9sign\u00e9s. L\u2019\u00e9quipe des Tugawe a envoy\u00e9 Fr\u00e9d\u00e9ric et Ma\u00ebl, tandis que les Virak \u00e9taient repr\u00e9sent\u00e9s par Pierre-Marie et Louise. Au terme de cette rencontre strat\u00e9gique, c\u2019est finalement Maxime qui a \u00e9t\u00e9 \u00e9limin\u00e9 de l\u2019aventure, au grand regret de Maria, connue pour sa participation \u00e0 l\u2019\u00e9mission L\u2019amour est dans le pr\u00e9 sur M6. En tant que tante de Maxime, elle a \u00e9videmment suivi son neveu tout au long de cette aventure de survie sur TF1. \u00c0 lire aussi : Koh-Lanta &#8211; Maxime : \u00ab\u00a0J\u2019aurais d\u00fb me porter volontaire aux ambassadeurs\u00a0\u00bb Maria est d\u00e9\u00e7ue pour son neveu \u00a0\u00bb Je vais parler de Koh-Lanta\u2026J\u2019ai regard\u00e9 hier, je suis tellement d\u00e9\u00e7ue que mon neveu soit sorti, tellement d\u00e9\u00e7ue de leurs strat\u00e9gies. Je ne connais pas du tout l&rsquo;\u00e9mission, c&rsquo;est la premi\u00e8re ann\u00e9e que je regarde, mais je suis d\u00e9\u00e7ue que mon doudou soit sorti. C&rsquo;est comme \u00e7a, c&rsquo;est le jeu, ma pauvre Lucette, mais franchement\u2026 Je vais regarder jusqu\u2019au bout pour voir qui va gagner, mais je ne sais pas. L\u2019ann\u00e9e derni\u00e8re, je ne regardais pas, l\u2019ann\u00e9e prochaine, je ne vais pas regarder. Je n\u2019aime pas du tout le concept. D\u2019ailleurs, je n\u2019ai toujours pas compris\u2026 pourquoi ils avaient 4 pizzas, est-ce qu\u2019ils ont le droit d\u2019en donner une. Moi, perso, j\u2019en aurais donn\u00e9 une, enfin. Je ne comprends pas\u2026 je suis d\u00e9\u00e7ue quand m\u00eame \u00a0\u00bb a-t-elle dit avant de s\u2019adresser directement \u00e0 son neveux. \u00a0\u00bb Si tu regardes ma vid\u00e9o, tu as quand m\u00eame fait un beau parcours, mais je ne comprends pas, c\u2019est tout. Il va falloir que je regarde le Wikip\u00e9dia de Koh-Lanta \u00a0\u00bb a-t-elle expliqu\u00e9 en face cam\u00e9ra sur le r\u00e9seau social Tik Tok . Rappelons que Maria avait particip\u00e9 \u00e0 la saison 18 de L\u2019amour est dans le pr\u00e9 et elle \u00e9tait la pr\u00e9tendante de Jean-Paul. \u00c0 lire aussi : \u00ab\u00a0Je me suis excus\u00e9e\u00a0\u00bb : Joana (Koh-Lanta) \u00e9voque sa relation avec Andr\u00e9a depuis la fin du tournage<\/p>\n","protected":false},"excerpt":{"rendered":"Le nouvel \u00e9pisode de Koh-Lanta , diffus\u00e9 mardi dernier, a r\u00e9serv\u00e9 bien des surprises aux t\u00e9l\u00e9spectateurs. Un \u00e9pisode&hellip;\n","protected":false},"author":2,"featured_media":37235,"comment_status":"","ping_status":"","sticky":false,"template":"","format":"standard","meta":{"footnotes":""},"categories":[1356],"tags":[11866,58,59,1011,27,680,9307,11865,252,1364],"class_list":{"0":"post-37234","1":"post","2":"type-post","3":"status-publish","4":"format-standard","5":"has-post-thumbnail","7":"category-television","8":"tag-cest-le-jeu","9":"tag-divertissement","10":"tag-entertainment","11":"tag-fr","12":"tag-france","13":"tag-koh-lanta","14":"tag-lamour-est-dans-le-pre","15":"tag-maria","16":"tag-television","17":"tag-tv"},"share_on_mastodon":{"url":"https:\/\/pubeurope.com\/@fr\/114366378641782356","error":""},"_links":{"self":[{"href":"https:\/\/www.europesays.com\/fr\/wp-json\/wp\/v2\/posts\/37234","targetHints":{"allow":["GET"]}}],"collection":[{"href":"https:\/\/www.europesays.com\/fr\/wp-json\/wp\/v2\/posts"}],"about":[{"href":"https:\/\/www.europesays.com\/fr\/wp-json\/wp\/v2\/types\/post"}],"author":[{"embeddable":true,"href":"https:\/\/www.europesays.com\/fr\/wp-json\/wp\/v2\/users\/2"}],"replies":[{"embeddable":true,"href":"https:\/\/www.europesays.com\/fr\/wp-json\/wp\/v2\/comments?post=37234"}],"version-history":[{"count":0,"href":"https:\/\/www.europesays.com\/fr\/wp-json\/wp\/v2\/posts\/37234\/revisions"}],"wp:featuredmedia":[{"embeddable":true,"href":"https:\/\/www.europesays.com\/fr\/wp-json\/wp\/v2\/media\/37235"}],"wp:attachment":[{"href":"https:\/\/www.europesays.com\/fr\/wp-json\/wp\/v2\/media?parent=37234"}],"wp:term":[{"taxonomy":"category","embeddable":true,"href":"https:\/\/www.europesays.com\/fr\/wp-json\/wp\/v2\/categories?post=37234"},{"taxonomy":"post_tag","embeddable":true,"href":"https:\/\/www.europesays.com\/fr\/wp-json\/wp\/v2\/tags?post=37234"}],"curies":[{"name":"wp","href":"https:\/\/api.w.org\/{rel}","templated":true}]}}