{"id":372341,"date":"2025-09-07T06:07:16","date_gmt":"2025-09-07T06:07:16","guid":{"rendered":"https:\/\/www.europesays.com\/fr\/372341\/"},"modified":"2025-09-07T06:07:16","modified_gmt":"2025-09-07T06:07:16","slug":"stade-toulousain-emmanuel-meafou-le-retour-de-la-force-le-colosse-de-toulouse-revient-plus-motive-que-jamais-apres-un-petit-passage-a-vide","status":"publish","type":"post","link":"https:\/\/www.europesays.com\/fr\/372341\/","title":{"rendered":"Stade Toulousain\u00a0: Emmanuel Meafou, le retour de la force\u00a0? Le colosse de Toulouse revient plus motiv\u00e9 que jamais apr\u00e8s un petit passage \u00e0 vide"},"content":{"rendered":"<p>\n                                                                    l&rsquo;essentiel<br \/>\n                                                                Le deuxi\u00e8me ligne international (27 ans\u00a0; 9 s\u00e9l.), qui avait perdu sa place de titulaire lors des derni\u00e8res phases finales la saison derni\u00e8re, sera bien pr\u00e9sent, ce dimanche 7\u00a0septembre, au coup d\u2019envoi de la premi\u00e8re journ\u00e9e du Top 14 \u00e0 Clermont.\n                            <\/p>\n<p>Emmanuel Meafou a beau mesurer 2,03\u00a0m, peser 145\u00a0kg, martyriser les attaques et les d\u00e9fenses du Top 14 depuis 2019, il demeure malgr\u00e9 tout un homme. Avec ses (nombreuses) forces et ses quelques faiblesses. Au moment de red\u00e9marrer la saison, le colosse australien, naturalis\u00e9 fran\u00e7ais en novembre\u00a02023, s\u2019est ouvert avec beaucoup de sinc\u00e9rit\u00e9 sur le coup de mou ressenti en fin de saison derni\u00e8re.<\/p>\n<p>\u00ab\u00a0J\u2019ai eu des difficult\u00e9s sur le terrain\u00a0\u00bb, admet-il sans d\u00e9tour. Ou comment passer de titulaire indiscutable \u00e0 rempla\u00e7ant de luxe lors des phases finales de Top 14, ce qui ne lui \u00e9tait plus arriv\u00e9 depuis la saison 2021-2022. \u00ab\u00a0Dans les moments o\u00f9 je ne jouais pas trop bien, il y avait d\u2019autres joueurs qui passaient devant, comme &lsquo;la Verge&rsquo; (Cl\u00e9ment Verg\u00e9), Josh Brennan qui a fait une tr\u00e8s bonne fin de saison. Ils m\u00e9ritaient leur place, c\u2019est le jeu, c\u2019est du rugby.\u00a0\u00bb<\/p>\n<p class=\"std-elt__inline\">\n        <strong>\u00c0 lire aussi :<\/strong><br \/>\n        <a href=\"https:\/\/www.ladepeche.fr\/2025\/09\/06\/bienvenue-dans-nos-vies-tout-jeune-papa-ce-cadre-du-stade-toulousain-devoile-les-premieres-images-de-la-naissance-de-son-fils-12915145.php\" rel=\"nofollow noopener\" target=\"_blank\">\u00ab\u00a0Bienvenue dans nos vies\u2026\u00a0\u00bb\u00a0: tout jeune papa, ce joueur star du Stade Toulousain d\u00e9voile les premi\u00e8res images de la naissance de son fils<\/a>\n    <\/p>\n<p>Et pas question pour le colosse de se r\u00e9fugier derri\u00e8re l\u2019infection pulmonaire contract\u00e9e au c\u0153ur de l\u2019hiver. \u00ab\u00a0Ce n\u2019\u00e9tait pas un probl\u00e8me physique, clarifie-t-il. C\u2019\u00e9tait plus mentalement. La saison \u00e9tait un peu longue, je perdais un peu de plaisir dans le jeu. C\u2019\u00e9tait la quatri\u00e8me ou cinqui\u00e8me que j\u2019encha\u00eenais (26 matchs de moyenne, NDLR), c\u2019\u00e9tait un peu long.\u00a0\u00bb<\/p>\n<p>Une lassitude assum\u00e9e qui lui a permis de mieux vivre la situation. \u00ab\u00a0C\u2019est \u00e7a le truc, ici, \u00e0 Toulouse. Si tu ne joues pas trop bien, il y a d\u2019autres joueurs qui peuvent rentrer et prendre ta place.\u00a0\u00bb Ce qui ne l\u2019emp\u00eache pas de reconna\u00eetre que ce changement de statut \u00ab\u00a0pique un peu au d\u00e9but\u00a0\u00bb parce que \u00ab\u00a0tu veux toujours \u00eatre le premier choix dans le maillot N.5, \u00e0 Toulouse ou m\u00eame en \u00e9quipe de France\u00a0\u00bb.<\/p>\n<p>Une modification de la r\u00e8gle \u00e0 appr\u00e9hender<\/p>\n<p>Au service de l\u2019\u00e9quipe \u2013 \u00ab\u00a0On a gagn\u00e9 \u00e0 la fin, c\u2019est \u00e7a le plus important\u00a0\u00bb \u2013, il a donc assum\u00e9 son r\u00f4le d\u2019impact player\u00a0: \u00ab\u00a0J\u2019ai compris que \u00e7a donne d\u2019autres possibilit\u00e9s pour notre \u00e9quipe. \u00c0 chaque fois que j\u2019\u00e9tais &lsquo;rempla&rsquo;, je rentrais et je sais que je devais mettre de l\u2019impact et faire un peu le r\u00f4le finisseur dans notre jeu.\u00a0\u00bb<\/p>\n<p class=\"std-elt__inline\">\n        <strong>\u00c0 lire aussi :<\/strong><br \/>\n        <a href=\"https:\/\/www.ladepeche.fr\/2025\/09\/07\/stade-toulousain-premier-sommet-etat-desprit-soif-de-succes-toulouse-est-il-pret-a-aborder-la-nouvelle-saison-de-top-14-12915122.php\" rel=\"nofollow noopener\" target=\"_blank\">Stade Toulousain\u00a0: premier sommet\u00a0! \u00c9tat d\u2019esprit, soif de succ\u00e8s\u2026 Toulouse est-il pr\u00eat \u00e0 aborder la nouvelle saison de Top 14\u00a0?<\/a>\n    <\/p>\n<p>La confiance qui l\u2019habitait et qui lui a permis d\u2019ouvrir bien grand les portes du XV de France ne l\u2019a pas quitt\u00e9. \u00ab\u00a0Je sais que je suis capable de faire des bons matchs, des bonnes saisons. Je suis tr\u00e8s content d\u2019\u00eatre ici, d\u2019\u00eatre bien avec le groupe, avec le staff. C\u2019est une nouvelle saison. On veut gagner plus de titres cette ann\u00e9e. Et \u00e7a commence par ma performance ce week-end.\u00a0\u00bb<\/p>\n<p>Ce dimanche, c\u2019est donc avec beaucoup de fra\u00eecheur qu\u2019il d\u00e9butera ce nouvel exercice, bien aid\u00e9 par une pr\u00e9paration enfin compl\u00e8te le concernant apr\u00e8s les derni\u00e8res saisons \u00ab\u00a0\u00e0 \u00eatre toujours bless\u00e9 \u00e0 la fin\u00a0\u00bb, ce qui lui a permis de conserver \u00ab\u00a0un poids stable\u00a0\u00bb. Pas du luxe pour le staff \u00ab\u00a0rouge et noir\u00a0\u00bb quand on sait le d\u00e9fi qui attend son pack \u00e0 Clermont, face \u00e0 une \u00e9quipe redoutable sur les ballons port\u00e9s, sur lesquels Meafou excelle en d\u00e9fense.<\/p>\n<p class=\"std-elt__inline\">\n        <strong>\u00c0 lire aussi :<\/strong><br \/>\n        <a href=\"https:\/\/www.ladepeche.fr\/2025\/09\/06\/clermont-stade-toulousain-jelonch-ntamack-ramos-decouvrez-la-composition-des-rouge-et-noir-pour-le-retour-du-top-14-12914973.php\" rel=\"nofollow noopener\" target=\"_blank\">Clermont \u2013 Stade Toulousain\u00a0: Jelonch, Ntamack, Ramos\u2026 D\u00e9couvrez la composition des \u00ab\u00a0rouge et noir\u00a0\u00bb pour la premi\u00e8re journ\u00e9e du Top 14<\/a>\n    <\/p>\n<p>Avec une nouveaut\u00e9 qu\u2019il va toutefois devoir appr\u00e9hender. \u00ab\u00a0Ils ont chang\u00e9 un peu les r\u00e8gles, \u00e7a me g\u00eane un peu, livre-t-il. On ne peut plus passer le bras entre le lifteur et le sauteur donc l\u00e0, il faut baisser la t\u00eate et taper avec mes \u00e9paules. Mais \u00e7a ne change pas grand-chose.\u00a0\u00bb<\/p>\n","protected":false},"excerpt":{"rendered":"l&rsquo;essentiel Le deuxi\u00e8me ligne international (27 ans\u00a0; 9 s\u00e9l.), qui avait perdu sa place de titulaire lors des&hellip;\n","protected":false},"author":2,"featured_media":372342,"comment_status":"","ping_status":"","sticky":false,"template":"","format":"standard","meta":{"footnotes":""},"categories":[2816],"tags":[1111,11,1777,674,1011,27,12,2680,25,2312],"class_list":{"0":"post-372341","1":"post","2":"type-post","3":"status-publish","4":"format-standard","5":"has-post-thumbnail","7":"category-toulouse","8":"tag-actu","9":"tag-actualites","10":"tag-eu","11":"tag-europe","12":"tag-fr","13":"tag-france","14":"tag-news","15":"tag-occitanie","16":"tag-republique-francaise","17":"tag-toulouse"},"share_on_mastodon":{"url":"https:\/\/pubeurope.com\/@fr\/115161520054391253","error":""},"_links":{"self":[{"href":"https:\/\/www.europesays.com\/fr\/wp-json\/wp\/v2\/posts\/372341","targetHints":{"allow":["GET"]}}],"collection":[{"href":"https:\/\/www.europesays.com\/fr\/wp-json\/wp\/v2\/posts"}],"about":[{"href":"https:\/\/www.europesays.com\/fr\/wp-json\/wp\/v2\/types\/post"}],"author":[{"embeddable":true,"href":"https:\/\/www.europesays.com\/fr\/wp-json\/wp\/v2\/users\/2"}],"replies":[{"embeddable":true,"href":"https:\/\/www.europesays.com\/fr\/wp-json\/wp\/v2\/comments?post=372341"}],"version-history":[{"count":0,"href":"https:\/\/www.europesays.com\/fr\/wp-json\/wp\/v2\/posts\/372341\/revisions"}],"wp:featuredmedia":[{"embeddable":true,"href":"https:\/\/www.europesays.com\/fr\/wp-json\/wp\/v2\/media\/372342"}],"wp:attachment":[{"href":"https:\/\/www.europesays.com\/fr\/wp-json\/wp\/v2\/media?parent=372341"}],"wp:term":[{"taxonomy":"category","embeddable":true,"href":"https:\/\/www.europesays.com\/fr\/wp-json\/wp\/v2\/categories?post=372341"},{"taxonomy":"post_tag","embeddable":true,"href":"https:\/\/www.europesays.com\/fr\/wp-json\/wp\/v2\/tags?post=372341"}],"curies":[{"name":"wp","href":"https:\/\/api.w.org\/{rel}","templated":true}]}}