{"id":372343,"date":"2025-09-07T06:09:16","date_gmt":"2025-09-07T06:09:16","guid":{"rendered":"https:\/\/www.europesays.com\/fr\/372343\/"},"modified":"2025-09-07T06:09:16","modified_gmt":"2025-09-07T06:09:16","slug":"ce-chef-a-remporte-le-concours-des-meilleures-moules-frites-de-la-braderie-de-lille","status":"publish","type":"post","link":"https:\/\/www.europesays.com\/fr\/372343\/","title":{"rendered":"ce chef a remport\u00e9 le concours des meilleures moules-frites de la braderie de Lille"},"content":{"rendered":"<p class=\"article__intro\">La braderie de Lille bat son plein. Notre \u00e9mission \u00ab\u00a0Le Meilleur de\u00a0\u00bb avait pour mission de d\u00e9nicher les meilleures moules-frites de la f\u00eate. Quatre restaurants s&rsquo;affrontaient dans une lutte acharn\u00e9e. C&rsquo;est Benoit Belot, le chef de l&rsquo;estaminet Chez la Vieille qui l&rsquo;a emport\u00e9. Interview.<\/p>\n<p>\n      L\u2019actu des r\u00e9gions\n    <\/p>\n<p>\n      Chaque jour, un tour d\u2019horizon des principales infos de toutes les r\u00e9gions.\n    <\/p>\n<p>    France T\u00e9l\u00e9visions utilise votre adresse e-mail afin de vous envoyer la newsletter \u00ab\u00a0L\u2019actu des r\u00e9gions\u00a0\u00bb. Vous pouvez vous d\u00e9sinscrire \u00e0 tout moment via le lien en bas de cette newsletter. <a target=\"_blank\" href=\"https:\/\/www.francetelevisions.fr\/groupe\/confidentialite\/politique-de-confidentialite\/politique-de-confidentialite-de-france-televisions-6503\" rel=\"nofollow noopener\">Notre politique de confidentialit\u00e9<\/a><\/p>\n<p>Qui cuisine les meilleures moules-frites de la braderie de Lille ? Ils \u00e9taient 4 chefs \u00e0 se disputer le titre : Rapha\u00ebl Campion de la brasserie du m\u00eame nom, Fran\u00e7ois Caudrelier, aux manettes du restaurant A Taaable, Mourad Assadi, le cuisinier historique de la Brasserie Andr\u00e9 et Beno\u00eet Belot, le candidat de l\u2019estaminet Chez La Vieille.<\/p>\n<p>Pour les d\u00e9partager, un jury de qualit\u00e9 : le journaliste gastronomique Vincent Ferniot, Marie-Laure Fr\u00e9chet, sans doute la plus grande sp\u00e9cialiste de la frite en France, Camille Delcroix, le chef \u00e9toil\u00e9 de Saint-Omer et Kamini, le c\u00e9l\u00e8bre com\u00e9dien, chanteur et humoriste. Tous les quatre ont d\u00e9gust\u00e9 et not\u00e9 les meilleures moules-frites selon trois crit\u00e8res : la texture de la moule, la qualit\u00e9 de la sauce et la cuisson de la frite.<\/p>\n<p><a data-article-figure=\"\" href=\"https:\/\/france3-regions.franceinfo.fr\/image\/wPFVIB91tN1vS7H1seX6B2zUJuU\/1920x1080\/regions\/2025\/09\/05\/candidats-68bb16ab89c42543985400.jpg\" data-pswp-width=\"1920\" data-pswp-height=\"1080\" target=\"_blank\" rel=\"nofollow noopener\"><\/p>\n<p>          <img width=\"600\" height=\"400\" class=\"article-image lazy\" data-src=\"https:\/\/www.europesays.com\/fr\/wp-content\/uploads\/2025\/09\/candidats-68bb16ab89c42543985400.jpg\" alt=\"Les candidats du &quot;Meilleur des moules-frites&quot; \u00e9coutent les commentaires du jury.\" fetchpriority=\"high\" as=\"image\"\/><\/p>\n<p>\n            Les candidats du \u00ab\u00a0Meilleur des moules-frites\u00a0\u00bb \u00e9coutent les commentaires du jury.<br \/>\n                           \u2022<br \/>\n                                      \u00a9 TV Only \/ France T\u00e9l\u00e9visions\n                      <\/p>\n<p><\/a><\/p>\n<p><strong>&gt;&gt;&gt; A lire aussi : <a href=\"https:\/\/france3-regions.franceinfo.fr\/hauts-de-france\/nord-0\/lille\/carte-braderie-de-lille-2025-le-plan-detaille-des-exposants-et-animations-pour-preparer-sa-visite-3198051.html\" target=\"_blank\" rel=\"noopener nofollow\">CARTE. Braderie de Lille 2025 : le plan d\u00e9taill\u00e9 des exposants et animations pour pr\u00e9parer sa visite<\/a><\/strong><\/p>\n<p>C&rsquo;est donc le chef de l&rsquo;estaminet Chez la Vieille qui l&rsquo;a emport\u00e9. Quel est donc son secret ? Nous lui avons pos\u00e9 quelques questions apr\u00e8s l&rsquo;\u00e9mission.<\/p>\n<p>Je suis \u00e9puis\u00e9, mais super content. \u00c7a ne doit pas beaucoup se voir \u00e0 l&rsquo;\u00e9cran, car la journ\u00e9e a \u00e9t\u00e9 fatigante, mais je vous jure que je suis content. (rires).<\/p>\n<p>J&rsquo;ai abord\u00e9 ce concours un peu stress\u00e9, sans savoir o\u00f9 j&rsquo;allais, mais j&rsquo;ai d\u00e9cid\u00e9 de vivre \u00e7a comme une exp\u00e9rience qui me sort de mon restaurant. Visiblement, \u00e7a m&rsquo;a r\u00e9ussi.<\/p>\n<p>Quelle recette vous a permis de gagner ?\u00a0<\/p>\n<p>Ma recette, elle est g\u00e9n\u00e9reuse, comme les gens d&rsquo;ici. Je voulais qu&rsquo;elle ressemble \u00e0 notre r\u00e9gion. Pour respecter les r\u00e8gles, j&rsquo;ai pr\u00e9par\u00e9 une moule \u00e0 la marini\u00e8re, mais avec une sauce plus g\u00e9n\u00e9reuse que d&rsquo;habitude. Je l&rsquo;ai \u00e9paissie avec un peu de beurre et de farine, un peu comme dans une b\u00e9chamel, pour qu&rsquo;elle se marie aux moules.<\/p>\n<p>Et j&rsquo;y ai ajout\u00e9 une petite touche de cr\u00e8me. Avec plein de l\u00e9gumes et d&rsquo;herbes (carottes, oignon, c\u00e9leri, persil, ail fum\u00e9, poireau et \u00e9chalotes), coup\u00e9s finement, de sorte qu&rsquo;on en ait dans chaque bouch\u00e9e.<\/p>\n<p>Une classique du Nord ! Des pommes de terre Bintje, coup\u00e9es ni trop fines ni trop \u00e9paisses et cuites en double cuisson. Kamini m&rsquo;a dit que c&rsquo;\u00e9taient les frites de chez sa mamie ! \u00c7a m&rsquo;a fait plaisir, mais moi je repr\u00e9sente le resto \u00ab\u00a0Chez la Vieille\u00a0\u00bb, pas \u00ab\u00a0Chez Mamie\u00a0\u00bb ! (rires).<\/p>\n<p><a data-article-figure=\"\" href=\"https:\/\/france3-regions.franceinfo.fr\/image\/RYiCzd-SSO3PLGQyBzFe7PQCrvE\/1920x1080\/regions\/2025\/09\/05\/kamini-68bb1748b736c654749904.jpg\" data-pswp-width=\"1920\" data-pswp-height=\"1080\" target=\"_blank\" rel=\"nofollow noopener\"><\/p>\n<p>          <img width=\"600\" height=\"400\" class=\"article-image lazy\" data-src=\"https:\/\/www.europesays.com\/fr\/wp-content\/uploads\/2025\/09\/kamini-68bb1748b736c654749904.jpg\" alt=\"Kamini est un fan des frites de Benoit Belot.\" fetchpriority=\"high\" as=\"image\"\/><\/p>\n<p>\n            Kamini est un fan des frites de Benoit Belot.<br \/>\n                           \u2022<br \/>\n                                      \u00a9 TV Only \/ France T\u00e9l\u00e9visions\n                      <\/p>\n<p><\/a><\/p>\n<p>Si vous avez manqu\u00e9 notre \u00e9mission sur France 3 le samedi 6 septembre, pas de probl\u00e8me. Vous pouvez la retrouver sur <a href=\"https:\/\/www.france.tv\/\" target=\"_blank\" rel=\"noopener nofollow\">france.tv<\/a>.<\/p>\n<p>                    Braderie de Lille 2025<\/p>\n<p>                        Du 6 septembre<br \/>\n                        au 7 septembre 2025<\/p>\n<p>Un \u00e9v\u00e9nement organis\u00e9 le week-end du 6 et 7 septembre 2025 dans la capitale des Flandres, \u00e0 Lille et totalisant pr\u00e8s de 80 km d&rsquo;\u00e9tals, c&rsquo;est tout simplement la plus grande braderie d&rsquo;Europe. Chineurs, brocanteurs et visiteurs du Nord, de Belgique et d&rsquo;ailleurs seront \u00e0 l&rsquo;affut de bonnes affaires dans ce bric-\u00e0-brac grandeur XXL, \u00e0 la rencontre des brocanteurs, sans oublier l&rsquo;immanquable moules frites toujours au rendez-vous. Photo : Sebastien Courdji \/ Xinhua News Agency\/Newscom\/MaxPPP<\/p>\n<p>                voir plus<\/p>\n<p>\n                Lieu de l\u2019\u00e9v\u00e9nement:<br \/>\n                Lille\n            <\/p>\n<p>\t\t\t\t\t\t\t\t\t\t\t\t\t\t\t\t\t\t\t\t\t\t\t\t\t<a class=\"btn btn--primary btn--large event_redirect btn--on-white\" href=\"https:\/\/france3-regions.franceinfo.fr\/sorties-loisirs\/evenements\/fetes-locales\/braderie-lille\" aria-label=\"Braderie de Lille 2025. Voir la page de l\u2019\u00e9v\u00e9nement\" rel=\"nofollow noopener\" target=\"_blank\"><\/p>\n<p>              Voir la page de l\u2019\u00e9v\u00e9nement<\/p>\n<p>\t<\/a><\/p>\n","protected":false},"excerpt":{"rendered":"La braderie de Lille bat son plein. Notre \u00e9mission \u00ab\u00a0Le Meilleur de\u00a0\u00bb avait pour mission de d\u00e9nicher les&hellip;\n","protected":false},"author":2,"featured_media":372344,"comment_status":"","ping_status":"","sticky":false,"template":"","format":"standard","meta":{"footnotes":""},"categories":[2815],"tags":[1111,11,1777,674,1011,27,811,1307,12,25],"class_list":{"0":"post-372343","1":"post","2":"type-post","3":"status-publish","4":"format-standard","5":"has-post-thumbnail","7":"category-lille","8":"tag-actu","9":"tag-actualites","10":"tag-eu","11":"tag-europe","12":"tag-fr","13":"tag-france","14":"tag-hauts-de-france","15":"tag-lille","16":"tag-news","17":"tag-republique-francaise"},"share_on_mastodon":{"url":"https:\/\/pubeurope.com\/@fr\/115161528048880673","error":""},"_links":{"self":[{"href":"https:\/\/www.europesays.com\/fr\/wp-json\/wp\/v2\/posts\/372343","targetHints":{"allow":["GET"]}}],"collection":[{"href":"https:\/\/www.europesays.com\/fr\/wp-json\/wp\/v2\/posts"}],"about":[{"href":"https:\/\/www.europesays.com\/fr\/wp-json\/wp\/v2\/types\/post"}],"author":[{"embeddable":true,"href":"https:\/\/www.europesays.com\/fr\/wp-json\/wp\/v2\/users\/2"}],"replies":[{"embeddable":true,"href":"https:\/\/www.europesays.com\/fr\/wp-json\/wp\/v2\/comments?post=372343"}],"version-history":[{"count":0,"href":"https:\/\/www.europesays.com\/fr\/wp-json\/wp\/v2\/posts\/372343\/revisions"}],"wp:featuredmedia":[{"embeddable":true,"href":"https:\/\/www.europesays.com\/fr\/wp-json\/wp\/v2\/media\/372344"}],"wp:attachment":[{"href":"https:\/\/www.europesays.com\/fr\/wp-json\/wp\/v2\/media?parent=372343"}],"wp:term":[{"taxonomy":"category","embeddable":true,"href":"https:\/\/www.europesays.com\/fr\/wp-json\/wp\/v2\/categories?post=372343"},{"taxonomy":"post_tag","embeddable":true,"href":"https:\/\/www.europesays.com\/fr\/wp-json\/wp\/v2\/tags?post=372343"}],"curies":[{"name":"wp","href":"https:\/\/api.w.org\/{rel}","templated":true}]}}