{"id":372349,"date":"2025-09-07T06:12:12","date_gmt":"2025-09-07T06:12:12","guid":{"rendered":"https:\/\/www.europesays.com\/fr\/372349\/"},"modified":"2025-09-07T06:12:12","modified_gmt":"2025-09-07T06:12:12","slug":"lyon-un-evenement-gratuit-va-animer-cet-arrondissement-un-defile-geant-prevu","status":"publish","type":"post","link":"https:\/\/www.europesays.com\/fr\/372349\/","title":{"rendered":"Lyon. Un \u00e9v\u00e8nement gratuit va animer cet arrondissement, un d\u00e9fil\u00e9 g\u00e9ant pr\u00e9vu"},"content":{"rendered":"<p>            Par<br \/>\n        <strong><br \/>\n            <a href=\"https:\/\/actu.fr\/auteur\/theo-zuili\" title=\"Consulter tous les articles de Th\u00e9o Zuili\" target=\"_blank\" rel=\"noopener\">Th\u00e9o Zuili<\/a><br \/>\n        <\/strong><\/p>\n<p>        Publi\u00e9 le<\/p>\n<p>            7 sept. 2025 \u00e0 7h48        <\/p>\n<p>Avec les actualit\u00e9s funestes \u00e0 <a href=\"https:\/\/actu.fr\/monde\" target=\"_blank\" rel=\"noopener\">l\u2019international<\/a>, il y a de quoi ab\u00eemer sa foi en l\u2019humanit\u00e9. Bonne nouvelle : \u00e0 <a href=\"https:\/\/actu.fr\/auvergne-rhone-alpes\/lyon_69123\" target=\"_blank\" rel=\"noopener\">Lyon<\/a>, <strong>le monde entier<\/strong> parvient \u00e0 se r\u00e9unir en paix le temps d\u2019une journ\u00e9e de danse et de partage.<\/p>\n<p class=\" wall-content\">La F\u00eate des Banni\u00e8res du Monde revient pour une 21\u1d49 \u00e9dition dans le 6\u1d49 arrondissement le samedi 20 septembre 2025, et le mot d\u2019ordre reste le m\u00eame : permettre aux Lyonnais, de naissance ou d\u2019adoption, quelles que soient leurs origines, de vivre ensemble <strong>un moment de partage et de c\u00e9l\u00e9bration<\/strong>.<\/p>\n<p>Un village du monde \u00e0 explorer<\/p>\n<p class=\" wall-content\">Organis\u00e9 par le Comit\u00e9 des F\u00eates de la Ville de Lyon et soutenu par la R\u00e9gion Auvergne-Rh\u00f4ne-Alpes, cet \u00e9v\u00e8nement gratuit r\u00e9unit depuis 2004 les Lyonnais. Cette ann\u00e9e, pour <a href=\"https:\/\/actu.fr\/auvergne-rhone-alpes\/lyon_69123\/lyon-un-evenement-xxl-avec-des-milliers-de-drapeaux-debarque-dans-cet-arrondissement_61586468.html\" target=\"_blank\" rel=\"noopener\">la deuxi\u00e8me fois cons\u00e9cutive<\/a>, c\u2019est <strong>sur la place Lyautey<\/strong> du 6e arrondissement que se d\u00e9ploiera le Village des Banni\u00e8res du Monde.<\/p>\n<p>    <a href=\"https:\/\/www.google.com\/maps\/embed?pb=!1m18!1m12!1m3!1d6617.55881115741!2d4.838929939764286!3d45.76795063996392!2m3!1f0!2f0!3f0!3m2!1i1024!2i768!4f13.1!3m3!1m2!1s0x47f4eaf0b389f631%3A0xf4c47f4f2c6ff621!2sPl.%20Mar%C3%A9chal%20Lyautey%2C%2069006%20Lyon!5e1!3m2!1sfr!2sfr!4v1757077338611!5m2!1sfr!2sfr\" title=\"Ouvrie le lien\" target=\"_blank\" rel=\"noopener\">Cliquez ici pour visualiser le contenu<\/a><\/p>\n<p class=\" wall-content\">Une trentaine de tentes color\u00e9es repr\u00e9sentantes d\u2019autant de pays vont sortir de terre pour \u00eatre inaugur\u00e9es \u00e0 11h samedi 20 septembre. Le public pourra les explorer \u00e0 partir de cet horaire pour d\u00e9couvrir artisanat, tenues traditionnelles, objets culturels, jeux, musiques et <strong>saveurs du monde entier<\/strong>.<\/p>\n<p>Un d\u00e9fil\u00e9 color\u00e9 et musical<\/p>\n<p class=\" wall-content\">Le traditionnel d\u00e9fil\u00e9 sera <strong>lanc\u00e9 \u00e0 14h30<\/strong> \u00e0 l\u2019angle du cours Franklin-Roosevelt et de la rue Garibaldi. La quarantaine d\u2019associations participantes, chacune repr\u00e9sentant une nationalit\u00e9, remontera le cours jusqu\u2019\u00e0 la place Lyautey.<\/p>\n<p class=\" wall-content\">\u00ab\u00a0Cette ann\u00e9e, c\u2019est le Br\u00e9sil, tout en percussions et en \u00e9nergie, qui ouvrira la parade, tandis que la Chine, avec la richesse de ses danses ancestrales, viendra clore ce voyage festif autour du monde\u00a0\u00bb, pr\u00e9sentent les organisateurs. \u00ab\u00a0Tout au long du parcours, les d\u00e9l\u00e9gations offriront des d\u00e9monstrations de danses embl\u00e9matiques, dans un esprit de c\u00e9l\u00e9bration et de partage.\u00a0\u00bb<\/p>\n<p>Votre r\u00e9gion, votre actu !<\/p>\n<p>Recevez chaque jour les infos qui comptent pour vous.<\/p>\n<p>\t<a href=\"https:\/\/actu.fr\/newsletter\" class=\"ac-btn ac-btn--corner ac-btn--medium ac-btn--blue800\" target=\"_blank\" rel=\"noopener\">S&rsquo;incrire<\/a><br \/>\nUne sc\u00e8ne ouverte pour finir<\/p>\n<p class=\" wall-content\">Et ce n\u2019est pas fini : ceux qui en redemanderont seront combl\u00e9s de d\u00e9couvrir la sc\u00e8ne ouverte <strong>d\u00e8s 16h<\/strong> pour cl\u00f4turer la journ\u00e9e.<\/p>\n<p class=\" wall-content\">\u00ab\u00a0Danses folkloriques, chants polyphoniques, percussions, arts vivants\u2026 Un final festif et f\u00e9d\u00e9rateur qui incarne pleinement l\u2019esprit de l\u2019\u00e9v\u00e9nement : c\u00e9l\u00e9brer la diversit\u00e9 dans la joie et le respect mutuel.\u00a0\u00bb La foule se presse chaque ann\u00e9e devant cette sc\u00e8ne, sur laquelle se succ\u00e8dent les repr\u00e9sentants de chaque pays.<\/p>\n<p class=\" wall-content\">Les organisateurs se f\u00e9licitent de maintenir la tradition de \u00ab\u00a0l\u2019un des plus beaux reflets de l\u2019identit\u00e9 plurielle de Lyon. Un rendez-vous<strong> familial, g\u00e9n\u00e9reux, festif\u2026<\/strong> et profond\u00e9ment lyonnais\u00a0\u00bb.<\/p>\n<p class=\" wall-content\">Personnalisez votre actualit\u00e9 en ajoutant vos villes et m\u00e9dias en favori avec <a href=\"https:\/\/moncompte.actu.fr\" title=\"D\u00e9couvez Mon Actu\" rel=\"nofollow noopener\" data-trk=\"{&quot;cta&quot;:{&quot;action&quot;:&quot;https:\\\/\\\/moncompte.actu.fr&quot;,&quot;category&quot;:&quot;mon compte&quot;,&quot;from&quot;:&quot;article footer&quot;,&quot;name&quot;:&quot;Mon actu&quot;,&quot;type&quot;:&quot;cta&quot;}}\" target=\"_blank\">Mon Actu<\/a>.<\/p>\n","protected":false},"excerpt":{"rendered":"Par Th\u00e9o Zuili Publi\u00e9 le 7 sept. 2025 \u00e0 7h48 Avec les actualit\u00e9s funestes \u00e0 l\u2019international, il y&hellip;\n","protected":false},"author":2,"featured_media":372350,"comment_status":"","ping_status":"","sticky":false,"template":"","format":"standard","meta":{"footnotes":""},"categories":[1889],"tags":[1111,11,2430,5972,1777,674,849,1011,27,1661,1652,2428,12,25],"class_list":{"0":"post-372349","1":"post","2":"type-post","3":"status-publish","4":"format-standard","5":"has-post-thumbnail","7":"category-lyon","8":"tag-actu","9":"tag-actualites","10":"tag-auvergne-rhone-alpes","11":"tag-danse","12":"tag-eu","13":"tag-europe","14":"tag-festival","15":"tag-fr","16":"tag-france","17":"tag-gastronomie","18":"tag-loisirs-culture","19":"tag-lyon","20":"tag-news","21":"tag-republique-francaise"},"share_on_mastodon":{"url":"https:\/\/pubeurope.com\/@fr\/115161539857232775","error":""},"_links":{"self":[{"href":"https:\/\/www.europesays.com\/fr\/wp-json\/wp\/v2\/posts\/372349","targetHints":{"allow":["GET"]}}],"collection":[{"href":"https:\/\/www.europesays.com\/fr\/wp-json\/wp\/v2\/posts"}],"about":[{"href":"https:\/\/www.europesays.com\/fr\/wp-json\/wp\/v2\/types\/post"}],"author":[{"embeddable":true,"href":"https:\/\/www.europesays.com\/fr\/wp-json\/wp\/v2\/users\/2"}],"replies":[{"embeddable":true,"href":"https:\/\/www.europesays.com\/fr\/wp-json\/wp\/v2\/comments?post=372349"}],"version-history":[{"count":0,"href":"https:\/\/www.europesays.com\/fr\/wp-json\/wp\/v2\/posts\/372349\/revisions"}],"wp:featuredmedia":[{"embeddable":true,"href":"https:\/\/www.europesays.com\/fr\/wp-json\/wp\/v2\/media\/372350"}],"wp:attachment":[{"href":"https:\/\/www.europesays.com\/fr\/wp-json\/wp\/v2\/media?parent=372349"}],"wp:term":[{"taxonomy":"category","embeddable":true,"href":"https:\/\/www.europesays.com\/fr\/wp-json\/wp\/v2\/categories?post=372349"},{"taxonomy":"post_tag","embeddable":true,"href":"https:\/\/www.europesays.com\/fr\/wp-json\/wp\/v2\/tags?post=372349"}],"curies":[{"name":"wp","href":"https:\/\/api.w.org\/{rel}","templated":true}]}}