{"id":372351,"date":"2025-09-07T06:13:10","date_gmt":"2025-09-07T06:13:10","guid":{"rendered":"https:\/\/www.europesays.com\/fr\/372351\/"},"modified":"2025-09-07T06:13:10","modified_gmt":"2025-09-07T06:13:10","slug":"jean-michel-aulas-compte-etre-maire-de-lyon-et-rester-dirigeant-a-la-fff","status":"publish","type":"post","link":"https:\/\/www.europesays.com\/fr\/372351\/","title":{"rendered":"Jean-Michel Aulas compte \u00eatre maire de Lyon\u2026 et rester dirigeant \u00e0 la FFF"},"content":{"rendered":"<p itemprop=\"description\"><strong>Le cumul des mandats est encore possible selon Jean-Michel Aulas.<\/strong><\/p>\n<p>Dans un entretien accord\u00e9 \u00e0 <a href=\"https:\/\/www.lequipe.fr\/Football\/Actualites\/-elu-ou-pas-je-tiens-a-garder-mes-fonctions-a-la-fff-jean-michel-aulas-assure-qu-il-conservera-ses-mandats-s-il-devient-maire-de-lyon\/1590991\" target=\"_blank\" rel=\"noopener nofollow\">L&rsquo;Equipe<\/a>, le candidat imminent \u00e0 la mairie de Lyon a \u00e9voqu\u00e9 son avenir proche.<\/p>\n<p>L\u00e0 o\u00f9 beaucoup auraient pu imaginer JMA se jeter \u00e0 corps perdu dans sa possible nouvelle vie de premier magistrat de la capitale des Gaules en cas de victoire en mars 2026, que nenni !<\/p>\n<p>En effet, Jean-Michel Aulas compte bien conserver ses fonctions au sein de la FFF.\u00a0<\/p>\n<p>\u00a0\u00ab\u00a0J\u2019ai pos\u00e9 les questions au directeur g\u00e9n\u00e9ral Jean-Fran\u00e7ois Villotte pour savoir s\u2019il y avait des incompatibilit\u00e9s. Ce n\u2019est pas le cas. \u00c9lu ou pas \u00e9lu, je tiens \u00e0 garder mes fonctions \u00e0 la FFF, comme vice-pr\u00e9sident et avec la responsabilit\u00e9 du football f\u00e9minin\u00a0\u00bb, a d\u00e9clar\u00e9 l&rsquo;int\u00e9ress\u00e9 au quotidien sportif.<\/p>\n<p>Ce n&rsquo;est pas le travail que cette double casquette r\u00e9clamera ou m\u00eame les d\u00e9placements \u00e0 Paris voire \u00e0 l&rsquo;\u00e9tranger pour suivre l&rsquo;Equipe de France f\u00e9minine qui font peur \u00e0 Jean-Michel Aulas, mais les \u00e9ventuels conflits d&rsquo;int\u00e9r\u00eat.<\/p>\n<p>\u00ab\u00a0Je vais prendre toutes les pr\u00e9cautions pour me faire r\u00e9expliquer s\u2019il devait y avoir des cas, dans l\u2019exercice de la fonction, dans l\u2019hypoth\u00e8se o\u00f9 je suis \u00e9lu, o\u00f9 il faudrait des pr\u00e9cautions particuli\u00e8res auxquelles je n\u2019aurais pas pens\u00e9. Mais dans les r\u00e8glements, il n\u2019y a aucune incompatibilit\u00e9\u00a0\u00bb, conclut-il.<\/p>\n<p>Les Lyonnais verront-ils d&rsquo;un bon oeil cette volont\u00e9 de ne pas se consacrer \u00e0 100% \u00e0 la t\u00e2che de maire ?<\/p>\n","protected":false},"excerpt":{"rendered":"Le cumul des mandats est encore possible selon Jean-Michel Aulas. Dans un entretien accord\u00e9 \u00e0 L&rsquo;Equipe, le candidat&hellip;\n","protected":false},"author":2,"featured_media":372352,"comment_status":"","ping_status":"","sticky":false,"template":"","format":"standard","meta":{"footnotes":""},"categories":[1889],"tags":[1111,11,2813,2190,2430,1109,251,1112,2811,1777,674,118,1011,27,1922,1110,1114,2428,2810,12,241,316,25,2812,517,800],"class_list":{"0":"post-372351","1":"post","2":"type-post","3":"status-publish","4":"format-standard","5":"has-post-thumbnail","7":"category-lyon","8":"tag-actu","9":"tag-actualites","10":"tag-article","11":"tag-asvel","12":"tag-auvergne-rhone-alpes","13":"tag-breves","14":"tag-culture","15":"tag-depeches","16":"tag-economique","17":"tag-eu","18":"tag-europe","19":"tag-faits-divers","20":"tag-fr","21":"tag-france","22":"tag-info","23":"tag-informations","24":"tag-infos","25":"tag-lyon","26":"tag-lyonmag","27":"tag-news","28":"tag-ol","29":"tag-politique","30":"tag-republique-francaise","31":"tag-sociale","32":"tag-sport","33":"tag-transports"},"share_on_mastodon":{"url":"https:\/\/pubeurope.com\/@fr\/115161543628508077","error":""},"_links":{"self":[{"href":"https:\/\/www.europesays.com\/fr\/wp-json\/wp\/v2\/posts\/372351","targetHints":{"allow":["GET"]}}],"collection":[{"href":"https:\/\/www.europesays.com\/fr\/wp-json\/wp\/v2\/posts"}],"about":[{"href":"https:\/\/www.europesays.com\/fr\/wp-json\/wp\/v2\/types\/post"}],"author":[{"embeddable":true,"href":"https:\/\/www.europesays.com\/fr\/wp-json\/wp\/v2\/users\/2"}],"replies":[{"embeddable":true,"href":"https:\/\/www.europesays.com\/fr\/wp-json\/wp\/v2\/comments?post=372351"}],"version-history":[{"count":0,"href":"https:\/\/www.europesays.com\/fr\/wp-json\/wp\/v2\/posts\/372351\/revisions"}],"wp:featuredmedia":[{"embeddable":true,"href":"https:\/\/www.europesays.com\/fr\/wp-json\/wp\/v2\/media\/372352"}],"wp:attachment":[{"href":"https:\/\/www.europesays.com\/fr\/wp-json\/wp\/v2\/media?parent=372351"}],"wp:term":[{"taxonomy":"category","embeddable":true,"href":"https:\/\/www.europesays.com\/fr\/wp-json\/wp\/v2\/categories?post=372351"},{"taxonomy":"post_tag","embeddable":true,"href":"https:\/\/www.europesays.com\/fr\/wp-json\/wp\/v2\/tags?post=372351"}],"curies":[{"name":"wp","href":"https:\/\/api.w.org\/{rel}","templated":true}]}}