{"id":372361,"date":"2025-09-07T06:21:14","date_gmt":"2025-09-07T06:21:14","guid":{"rendered":"https:\/\/www.europesays.com\/fr\/372361\/"},"modified":"2025-09-07T06:21:14","modified_gmt":"2025-09-07T06:21:14","slug":"en-bielorussie-un-dangereux-face-a-face-entre-la-russie-et-lotan","status":"publish","type":"post","link":"https:\/\/www.europesays.com\/fr\/372361\/","title":{"rendered":"En Bi\u00e9lorussie, un dangereux face-\u00e0-face entre la Russie et l&rsquo;Otan"},"content":{"rendered":"<p>La <a href=\"https:\/\/www.latribune.fr\/economie\/international\/le-senateur-democrate-qui-croit-encore-aux-sanctions-contre-la-russie-1031258.html\" target=\"_blank\" rel=\"noopener\">Russie<\/a> et la <a href=\"https:\/\/www.latribune.fr\/la-tribune-dimanche\/dans-le-monde\/j-ai-peur-d-etre-renvoye-la-bas-et-de-mourir-entre-bielorussie-et-pologne-les-fugitifs-de-bialowieza-1029509.html\" target=\"_blank\" rel=\"noopener\">Bi\u00e9lorussie<\/a> vont de nouveau faire trembler les fronti\u00e8res de l&rsquo;Otan. \u00c0 partir de vendredi et jusqu&rsquo;au 16 septembre, les deux pays organisent les exercices militaires Zapad-2025 (\u00ab Ouest 2025 \u00bb), qui se d\u00e9roulent tous les quatre ans depuis 2009 en territoire bi\u00e9lorusse.<\/p>\n<p>Ces man\u0153uvres suscitent l&rsquo;inqui\u00e9tude des pays membres de l&rsquo;Alliance atlantique, en particulier des \u00c9tats frontaliers comme la <a href=\"https:\/\/www.latribune.fr\/la-tribune-dimanche\/dans-le-monde\/la-pologne-montre-les-muscles-avec-le-plus-grand-defile-de-son-histoire-1031143.html\" target=\"_blank\" rel=\"noopener\">Pologne<\/a> et les pays Baltes. Non sans raison. Les derniers exercices du genre, en 2021, avaient \u00e9t\u00e9 le pr\u00e9lude \u00e0 l&rsquo;invasion russe de l&rsquo;Ukraine quelques mois plus tard.<\/p>\n<p>\u00ab Nous devons \u00eatre pr\u00eats \u00e0 d&rsquo;\u00e9ventuelles provocations, sabotages et agressions potentielles \u00bb, a pr\u00e9venu \u00e0 la mi-ao\u00fbt Wieslaw Kukula, le chef d&rsquo;\u00e9tat-major g\u00e9n\u00e9ral de l&rsquo;arm\u00e9e polonaise. De son c\u00f4t\u00e9, le ministre bi\u00e9lorusse de la D\u00e9fense, Viktor Khrenine, a affirm\u00e9 que Minsk et Moscou ne pouvaient \u00ab rester passifs face \u00e0 la militarisation [&#8230;] de [leurs] fronti\u00e8res nord et ouest \u00bb.<\/p>\n","protected":false},"excerpt":{"rendered":"La Russie et la Bi\u00e9lorussie vont de nouveau faire trembler les fronti\u00e8res de l&rsquo;Otan. \u00c0 partir de vendredi&hellip;\n","protected":false},"author":2,"featured_media":372362,"comment_status":"","ping_status":"","sticky":false,"template":"","format":"standard","meta":{"footnotes":""},"categories":[1591],"tags":[17,11,17059,13366,2834,50635,1887,25683,3102,12,1885,1886,132],"class_list":{"0":"post-372361","1":"post","2":"type-post","3":"status-publish","4":"format-standard","5":"has-post-thumbnail","7":"category-russie","8":"tag-17","9":"tag-actualites","10":"tag-bielorussie","11":"tag-dangereux","12":"tag-entre","13":"tag-face-a-face","14":"tag-federation-de-russie","15":"tag-lotan","16":"tag-la-tribune-dimanche","17":"tag-news","18":"tag-russia","19":"tag-russian-federation","20":"tag-russie"},"share_on_mastodon":{"url":"https:\/\/pubeurope.com\/@fr\/115161575135864739","error":""},"_links":{"self":[{"href":"https:\/\/www.europesays.com\/fr\/wp-json\/wp\/v2\/posts\/372361","targetHints":{"allow":["GET"]}}],"collection":[{"href":"https:\/\/www.europesays.com\/fr\/wp-json\/wp\/v2\/posts"}],"about":[{"href":"https:\/\/www.europesays.com\/fr\/wp-json\/wp\/v2\/types\/post"}],"author":[{"embeddable":true,"href":"https:\/\/www.europesays.com\/fr\/wp-json\/wp\/v2\/users\/2"}],"replies":[{"embeddable":true,"href":"https:\/\/www.europesays.com\/fr\/wp-json\/wp\/v2\/comments?post=372361"}],"version-history":[{"count":0,"href":"https:\/\/www.europesays.com\/fr\/wp-json\/wp\/v2\/posts\/372361\/revisions"}],"wp:featuredmedia":[{"embeddable":true,"href":"https:\/\/www.europesays.com\/fr\/wp-json\/wp\/v2\/media\/372362"}],"wp:attachment":[{"href":"https:\/\/www.europesays.com\/fr\/wp-json\/wp\/v2\/media?parent=372361"}],"wp:term":[{"taxonomy":"category","embeddable":true,"href":"https:\/\/www.europesays.com\/fr\/wp-json\/wp\/v2\/categories?post=372361"},{"taxonomy":"post_tag","embeddable":true,"href":"https:\/\/www.europesays.com\/fr\/wp-json\/wp\/v2\/tags?post=372361"}],"curies":[{"name":"wp","href":"https:\/\/api.w.org\/{rel}","templated":true}]}}