{"id":372363,"date":"2025-09-07T06:22:10","date_gmt":"2025-09-07T06:22:10","guid":{"rendered":"https:\/\/www.europesays.com\/fr\/372363\/"},"modified":"2025-09-07T06:22:10","modified_gmt":"2025-09-07T06:22:10","slug":"le-siege-du-gouvernement-a-kiev-en-flammes-apres-des-frappes-russes","status":"publish","type":"post","link":"https:\/\/www.europesays.com\/fr\/372363\/","title":{"rendered":"le si\u00e8ge du gouvernement \u00e0 Kiev en flammes apr\u00e8s des frappes russes"},"content":{"rendered":"<p>Alors que les efforts diplomatiques engag\u00e9s par le pr\u00e9sident am\u00e9ricain Donald Trump pour mettre fin aux combats <a href=\"https:\/\/www.sudouest.fr\/international\/europe\/ukraine\/guerre-en-ukraine-ce-que-l-on-sait-des-garanties-de-securite-envisagees-pour-proteger-kiev-face-a-la-russie-25782296.php\" rel=\"nofollow noopener\" target=\"_blank\">se sont enlis\u00e9s ces derniers jours<\/a>, des alertes a\u00e9riennes ont \u00e9t\u00e9 d\u00e9clench\u00e9es dans tout le pays au cours de la nuit. La capitale a \u00e9t\u00e9 la cible d\u2019une importante attaque de drones et missiles qui a fait au moins deux morts et 18 bless\u00e9s, selon les secours. Plusieurs immeubles r\u00e9sidentiels ont \u00e9galement \u00e9t\u00e9 endommag\u00e9s par les attaques nocturnes, et une fillette d\u2019un an fait partie des deux victimes d\u00e9c\u00e9d\u00e9es.<\/p>\n<p>\u00ab\u00a0Nous devons renforcer la pression\u00a0\u00bb<\/p>\n<p>\u00ab\u00a0Le monde doit r\u00e9pondre \u00e0 cette destruction non seulement par des mots, mais par des actions. Nous devons renforcer la pression des sanctions, principalement contre le p\u00e9trole et le gaz russes\u00a0\u00bb, a plaid\u00e9 la Premi\u00e8re ministre Ioulia Svyrydenko, r\u00e9clamant \u00e9galement des \u00ab\u00a0armes\u00a0\u00bb. Fin ao\u00fbt, une vague massive de drones et missiles russes sur Kiev avait fait plus de 25 morts et endommag\u00e9 les locaux de la d\u00e9l\u00e9gation de l\u2019Union europ\u00e9enne ainsi que le bureau du British Council.<\/p>\n<p>Mais les b\u00e2timents officiels de la capitale avaient dans l\u2019ensemble \u00e9t\u00e9 \u00e9pargn\u00e9s des bombardements qui visent quotidiennement le territoire ukrainien depuis trois ans et demi. Dans la nuit de samedi \u00e0 dimanche, des frappes russes ont aussi \u00e9t\u00e9 signal\u00e9es dans plusieurs autres r\u00e9gions, notamment dans celle de Dnipropetrovsk o\u00f9, selon le gouverneur militaire Sergui\u00ef Lyssak, un homme de 54\u00a0ans est mort et des infrastructures lors d\u2019une attaque m\u00ealant l\u00e0 aussi drones et missiles.<\/p>\n<p>Aucun progr\u00e8s tangible<\/p>\n<p>Les autorit\u00e9s locales ukrainiennes ont \u00e9galement fait \u00e9tat d\u2019une femme tu\u00e9e par des bombes a\u00e9riennes guid\u00e9es dans la r\u00e9gion de Zaporijjia (sud-est) dimanche matin et d\u2019un mort samedi soir dans la r\u00e9gion frontali\u00e8re de Soumy (nord-est). Les forces du Kremlin occupent au total environ 20\u00a0% du territoire ukrainien. Les derni\u00e8res semaines ont \u00e9t\u00e9 marqu\u00e9es par une intense activit\u00e9 diplomatique en vue d\u2019un r\u00e8glement du conflit avec un sommet le 15\u00a0ao\u00fbt entre Donald Trump et son homologue russe Vladimir Poutine en Alaska, suivi d\u2019une visite \u00e0 Washington du pr\u00e9sident ukrainien Volodymyr Zelensky accompagn\u00e9 de plusieurs dirigeants europ\u00e9ens.<\/p>\n","protected":false},"excerpt":{"rendered":"Alors que les efforts diplomatiques engag\u00e9s par le pr\u00e9sident am\u00e9ricain Donald Trump pour mettre fin aux combats se&hellip;\n","protected":false},"author":2,"featured_media":372364,"comment_status":"","ping_status":"","sticky":false,"template":"","format":"standard","meta":{"footnotes":""},"categories":[1590],"tags":[11,1777,674,12,220],"class_list":{"0":"post-372363","1":"post","2":"type-post","3":"status-publish","4":"format-standard","5":"has-post-thumbnail","7":"category-ukraine","8":"tag-actualites","9":"tag-eu","10":"tag-europe","11":"tag-news","12":"tag-ukraine"},"share_on_mastodon":{"url":"https:\/\/pubeurope.com\/@fr\/115161579074340892","error":""},"_links":{"self":[{"href":"https:\/\/www.europesays.com\/fr\/wp-json\/wp\/v2\/posts\/372363","targetHints":{"allow":["GET"]}}],"collection":[{"href":"https:\/\/www.europesays.com\/fr\/wp-json\/wp\/v2\/posts"}],"about":[{"href":"https:\/\/www.europesays.com\/fr\/wp-json\/wp\/v2\/types\/post"}],"author":[{"embeddable":true,"href":"https:\/\/www.europesays.com\/fr\/wp-json\/wp\/v2\/users\/2"}],"replies":[{"embeddable":true,"href":"https:\/\/www.europesays.com\/fr\/wp-json\/wp\/v2\/comments?post=372363"}],"version-history":[{"count":0,"href":"https:\/\/www.europesays.com\/fr\/wp-json\/wp\/v2\/posts\/372363\/revisions"}],"wp:featuredmedia":[{"embeddable":true,"href":"https:\/\/www.europesays.com\/fr\/wp-json\/wp\/v2\/media\/372364"}],"wp:attachment":[{"href":"https:\/\/www.europesays.com\/fr\/wp-json\/wp\/v2\/media?parent=372363"}],"wp:term":[{"taxonomy":"category","embeddable":true,"href":"https:\/\/www.europesays.com\/fr\/wp-json\/wp\/v2\/categories?post=372363"},{"taxonomy":"post_tag","embeddable":true,"href":"https:\/\/www.europesays.com\/fr\/wp-json\/wp\/v2\/tags?post=372363"}],"curies":[{"name":"wp","href":"https:\/\/api.w.org\/{rel}","templated":true}]}}