{"id":372367,"date":"2025-09-07T06:24:12","date_gmt":"2025-09-07T06:24:12","guid":{"rendered":"https:\/\/www.europesays.com\/fr\/372367\/"},"modified":"2025-09-07T06:24:12","modified_gmt":"2025-09-07T06:24:12","slug":"prince-harry-se-rend-a-londres-une-rencontre-avec-le-roi-charles-iii-en-vue","status":"publish","type":"post","link":"https:\/\/www.europesays.com\/fr\/372367\/","title":{"rendered":"Prince Harry se rend \u00e0 Londres: une rencontre avec le roi Charles III en vue?"},"content":{"rendered":"<p>Publi\u00e97. septembre 2025, 08:14<\/p>\n<p>Royaume-Uni: Le prince Harry lundi \u00e0 Londres, mais verra-t-il enfin son p\u00e8re?<\/p>\n<p>Le duc de Sussex pourrait enfin retrouver le roi Charles III, lors d&rsquo;un gala \u00e0 Londres, apr\u00e8s des ann\u00e9es de tensions familiales.<\/p>\n<p><img loading=\"lazy\" decoding=\"async\" src=\"https:\/\/www.europesays.com\/fr\/wp-content\/uploads\/2025\/09\/973e0e7a-d546-4ef7-b7dc-dda6904a1320.jpg\" alt=\"Le prince Harry.\" title=\"Le prince Harry.\"  width=\"1150\" height=\"720\"\/><\/p>\n<p>Le prince Harry.<\/p>\n<p>Screenshot\/CBS<\/p>\n<p>Le prince Harry est attendu lundi \u00e0 un gala de charit\u00e9 \u00e0 Londres, un voyage qui pourrait \u00eatre l\u2019occasion de revoir son p\u00e8re le roi Charles\u00a0III et d\u2019amorcer une r\u00e9conciliation apr\u00e8s des ann\u00e9es de tensions. Les deux hommes ne se sont pas vus depuis f\u00e9vrier 2024, quand Harry avait saut\u00e9 dans un avion apr\u00e8s avoir appris que le roi de 76\u00a0ans souffrait d\u2019un cancer, pour lequel il est toujours soign\u00e9. Leur rencontre \u00e0 Clarence House \u00e0 Londres avait dur\u00e9 moins de 45\u00a0minutes et Harry \u00e9tait reparti pour la Californie apr\u00e8s une nuit \u00e0 l\u2019h\u00f4tel.<\/p>\n<p>Il est depuis revenu trois fois \u00e0 Londres, sans rencontrer la famille royale, avec qui il a rompu en 2020, accumulant les ranc\u0153urs. \u00abJ\u2019aimerais beaucoup me r\u00e9concilier avec ma famille\u00bb, avait-il confi\u00e9 en mai \u00e0 la BBC. \u00abJe ne sais pas combien de temps il reste \u00e0 mon p\u00e8re\u00bb, avait ajout\u00e9 le fr\u00e8re cadet de William, l\u2019h\u00e9ritier de la couronne.<\/p>\n<p>Le 9 juillet, une rencontre \u00e0 Londres entre le charg\u00e9 de la communication du roi, Tobyn Andreae, et la nouvelle responsable de la communication du prince, Meredith Maines, a relanc\u00e9 les sp\u00e9culations. Le \u00abMail on Sunday\u00bb a publi\u00e9 une photo les montrant ensemble sur une terrasse. Selon le tablo\u00efd \u00abThe Mirror\u00bb, le roi et son fils devraient se rencontrer \u00e0 l\u2019occasion du voyage de Harry \u00abpour une conversation en t\u00eate-\u00e0-t\u00eate\u00bb. Le palais de Buckingham est rest\u00e9 muet.<\/p>\n<p>\u00abUne r\u00e9conciliation est possible\u00bb, estime l\u2019historien et commentateur royal Ed Owens. \u00abC\u2019est dans l\u2019int\u00e9r\u00eat du roi en tant que figure publique\u00bb, dit-il \u00e0 l\u2019AFP. \u00abPour sa r\u00e9putation, apr\u00e8s son d\u00e9c\u00e8s, qu\u2019il se soit r\u00e9concili\u00e9 avec son fils sera vu comme tr\u00e8s positif\u00bb. \u00abCette famille tr\u00e8s divis\u00e9e a, pendant trop longtemps, avec ses histoires de tablo\u00efds, ses ragots et scandales, d\u00e9tourn\u00e9 l\u2019attention du c\u0153ur m\u00eame de son r\u00e8gne\u00bb, souligne-t-il.<\/p>\n<p>Harry, 40 ans, assistera lundi au gala de l\u2019organisation caritative Well Child \u00e0 Londres, dont il est le parrain, y remettra un prix \u00e0 une petite fille handicap\u00e9e et prononcera un discours. Il a plusieurs autres engagements au Royaume-Uni durant la semaine, selon son porte-parole. Le roi passe lui ce week-end en \u00c9cosse, o\u00f9 il a assist\u00e9 samedi aux traditionnels Highland games pr\u00e8s du ch\u00e2teau de Balmoral.<\/p>\n<p>Canal de communication<\/p>\n<p>\u00abLa grande question, s\u2019ils se rencontrent, c\u2019est o\u00f9?\u00bb s\u2019interroge Joe Little, r\u00e9dacteur en chef de \u00abMajesty Magazine\u00bb. La rencontre de juillet \u00abmontre qu\u2019il y a un canal de communication\u00bb, dit-il \u00e0 l\u2019AFP. Il estime que le roi souhaite une r\u00e9conciliation mais rel\u00e8ve les contradictions d\u2019un prince qui critique ouvertement la famille royale et demande tout aussi publiquement un rapprochement.<\/p>\n<p>Depuis qu\u2019il a renonc\u00e9 \u00e0 ses obligations royales et d\u00e9m\u00e9nag\u00e9 en 2020 en Californie avec sa femme Meghan, Harry a donn\u00e9 une interview explosive \u00e0 la reine am\u00e9ricaine du talk show Oprah Winfrey en mars 2021, insinuant que certains membres de la famille royale \u00e9taient racistes.<\/p>\n<p>Apr\u00e8s une docu-s\u00e9rie sur Netflix en d\u00e9cembre 2022, il a publi\u00e9 ses m\u00e9moires, \u00abLe Suppl\u00e9ant\u00bb, d\u00e9but 2023, critiquant son fr\u00e8re William, sa belle-s\u0153ur Kate ou encore Camilla, sa belle-m\u00e8re. Et il a entam\u00e9 \u2013 et perdu \u2013 un long combat judiciaire au Royaume-Uni pour obtenir une protection polici\u00e8re telle que lorsqu\u2019il \u00e9tait membre actif de la famille royale. \u00abMon p\u00e8re ne me parle plus \u00e0 cause de cette affaire de s\u00e9curit\u00e9\u00bb, a-t-il confi\u00e9 en mai.<\/p>\n<p>Meghan, tr\u00e8s critiqu\u00e9e au Royaume-Uni, n\u2019y est pas revenue depuis les obs\u00e8ques de la reine Elizabeth II en septembre 2022. Leurs enfants Archie et Lilibet y ont \u00e9t\u00e9 vus pour la derni\u00e8re fois pour les 70\u00a0ans de r\u00e8gne d\u2019Elizabeth II en juin 2022. Pour Richard Fitzwilliams, commentateur royal, une rencontre \u00aben priv\u00e9\u00bb loin des m\u00e9dias ne pourrait \u00eatre que le d\u00e9but d\u2019un long processus sem\u00e9 d\u2019emb\u00fbches. D\u2019autant que selon lui, William n\u2019y semble absolument pas pr\u00eat.<\/p>\n<p>(afp)<\/p>\n","protected":false},"excerpt":{"rendered":"Publi\u00e97. septembre 2025, 08:14 Royaume-Uni: Le prince Harry lundi \u00e0 Londres, mais verra-t-il enfin son p\u00e8re? Le duc&hellip;\n","protected":false},"author":2,"featured_media":372368,"comment_status":"","ping_status":"","sticky":false,"template":"","format":"standard","meta":{"footnotes":""},"categories":[1588],"tags":[11,1777,674,12,473,1853,1851,1850,1852],"class_list":{"0":"post-372367","1":"post","2":"type-post","3":"status-publish","4":"format-standard","5":"has-post-thumbnail","7":"category-royaume-uni","8":"tag-actualites","9":"tag-eu","10":"tag-europe","11":"tag-news","12":"tag-royaume-uni","13":"tag-royaume-uni-de-grande-bretagne-et-dirlande-du-nord","14":"tag-uk","15":"tag-united-kingdom","16":"tag-united-kingdom-of-great-britain-and-northern-ireland"},"share_on_mastodon":{"url":"https:\/\/pubeurope.com\/@fr\/115161587282964859","error":""},"_links":{"self":[{"href":"https:\/\/www.europesays.com\/fr\/wp-json\/wp\/v2\/posts\/372367","targetHints":{"allow":["GET"]}}],"collection":[{"href":"https:\/\/www.europesays.com\/fr\/wp-json\/wp\/v2\/posts"}],"about":[{"href":"https:\/\/www.europesays.com\/fr\/wp-json\/wp\/v2\/types\/post"}],"author":[{"embeddable":true,"href":"https:\/\/www.europesays.com\/fr\/wp-json\/wp\/v2\/users\/2"}],"replies":[{"embeddable":true,"href":"https:\/\/www.europesays.com\/fr\/wp-json\/wp\/v2\/comments?post=372367"}],"version-history":[{"count":0,"href":"https:\/\/www.europesays.com\/fr\/wp-json\/wp\/v2\/posts\/372367\/revisions"}],"wp:featuredmedia":[{"embeddable":true,"href":"https:\/\/www.europesays.com\/fr\/wp-json\/wp\/v2\/media\/372368"}],"wp:attachment":[{"href":"https:\/\/www.europesays.com\/fr\/wp-json\/wp\/v2\/media?parent=372367"}],"wp:term":[{"taxonomy":"category","embeddable":true,"href":"https:\/\/www.europesays.com\/fr\/wp-json\/wp\/v2\/categories?post=372367"},{"taxonomy":"post_tag","embeddable":true,"href":"https:\/\/www.europesays.com\/fr\/wp-json\/wp\/v2\/tags?post=372367"}],"curies":[{"name":"wp","href":"https:\/\/api.w.org\/{rel}","templated":true}]}}