{"id":372371,"date":"2025-09-07T06:26:21","date_gmt":"2025-09-07T06:26:21","guid":{"rendered":"https:\/\/www.europesays.com\/fr\/372371\/"},"modified":"2025-09-07T06:26:21","modified_gmt":"2025-09-07T06:26:21","slug":"arret-de-laide-militaire-americaine-a-des-pays-deurope-de-lest","status":"publish","type":"post","link":"https:\/\/www.europesays.com\/fr\/372371\/","title":{"rendered":"Arr\u00eat de l&rsquo;aide militaire am\u00e9ricaine \u00e0 des pays d&rsquo;Europe de l&rsquo;Est"},"content":{"rendered":"<p><strong>Washington pr\u00e9voit de mettre fin \u00e0 son aide militaire de longue date aux pays europ\u00e9ens g\u00e9ographiquement proches de la Russie, alors que Donald Trump pousse le continent \u00e0 jouer un r\u00f4le plus important dans sa propre d\u00e9fense, a rapport\u00e9 la presse jeudi.<\/strong>\u00a0<\/p>\n<p class=\"toreadalso-fromEMP\"><strong>\u2022 \u00c0 lire aussi: <\/strong><a href=\"https:\/\/www.tvanouvelles.ca\/2025\/09\/03\/trump-recoit-le-president-nationaliste-polonais-avec-tous-les-egards\" target=\"1396c266-bfa8-45d7-9868-43334a5c6312\" rel=\"nofollow noopener\"><strong>Trump re\u00e7oit le pr\u00e9sident nationaliste polonais avec tous les \u00e9gards<\/strong><\/a><\/p>\n<p class=\"toreadalso-fromEMP\"><strong>\u2022 \u00c0 lire aussi: <\/strong><a href=\"https:\/\/www.tvanouvelles.ca\/2025\/09\/04\/trump-tres-mecontent-des-achats-de-petrole-russe-par-lue-affirme-zelensky\" target=\"b513ab4b-6f2f-4c9f-85f0-9acc01c24286\" rel=\"nofollow noopener\"><strong>Trump \u00abtr\u00e8s m\u00e9content\u00bb des achats de p\u00e9trole russe par l&rsquo;UE, affirme Zelensky<\/strong><\/a><\/p>\n<p>Des responsables am\u00e9ricains ont inform\u00e9 la semaine derni\u00e8re des diplomates europ\u00e9ens de la d\u00e9cision de mettre fin au financement par les \u00c9tats-Unis de programmes de formation et d&rsquo;\u00e9quipement des arm\u00e9es de pays d&rsquo;Europe de l&rsquo;Est, a rapport\u00e9 le \u00abFinancial Times\u00bb.<\/p>\n<p>Selon le \u00abWashington Post\u00bb, cette aide s&rsquo;\u00e9l\u00e8verait \u00e0 plusieurs centaines de millions de dollars.<\/p>\n<p>Un responsable travaillant pour la Maison-Blanche n&rsquo;a pas confirm\u00e9 les d\u00e9tails de cette d\u00e9cision.<\/p>\n<p>Il a n\u00e9anmoins d\u00e9clar\u00e9 que la mesure avait \u00e9t\u00e9 \u00abcoordonn\u00e9e avec les pays europ\u00e9ens\u00bb, conform\u00e9ment \u00e0 un d\u00e9cret sign\u00e9 en janvier par Donald Trump sur la r\u00e9\u00e9valuation de l&rsquo;aide \u00e9trang\u00e8re am\u00e9ricaine.<\/p>\n<p>Le pr\u00e9sident am\u00e9ricain s&rsquo;est rapproch\u00e9 depuis janvier de son homologue russe Vladimir Poutine, mettant la pression pour obtenir un arr\u00eat des combats en Ukraine, sans toutefois parvenir \u00e0 des progr\u00e8s concrets.<\/p>\n<p>D\u00e9but juillet, de fa\u00e7on inattendue, son gouvernement a annonc\u00e9 avoir cess\u00e9 de fournir certaines armes \u00e0 Ky\u00efv, officiellement en raison d&rsquo;une inqui\u00e9tude quant \u00e0 la baisse des stocks de munitions am\u00e9ricains.<\/p>\n<p>Il avait d\u00e9j\u00e0, quatre mois plus t\u00f4t, ordonn\u00e9 une \u00abpause\u00bb dans l&rsquo;aide militaire des \u00c9tats-Unis \u00e0 l&rsquo;Ukraine en guerre contre la Russie.<\/p>\n","protected":false},"excerpt":{"rendered":"Washington pr\u00e9voit de mettre fin \u00e0 son aide militaire de longue date aux pays europ\u00e9ens g\u00e9ographiquement proches de&hellip;\n","protected":false},"author":2,"featured_media":372372,"comment_status":"","ping_status":"","sticky":false,"template":"","format":"standard","meta":{"footnotes":""},"categories":[1586],"tags":[11,1777,674,1011,27,12,25],"class_list":{"0":"post-372371","1":"post","2":"type-post","3":"status-publish","4":"format-standard","5":"has-post-thumbnail","7":"category-europe","8":"tag-actualites","9":"tag-eu","10":"tag-europe","11":"tag-fr","12":"tag-france","13":"tag-news","14":"tag-republique-francaise"},"share_on_mastodon":{"url":"https:\/\/pubeurope.com\/@fr\/115161594819400222","error":""},"_links":{"self":[{"href":"https:\/\/www.europesays.com\/fr\/wp-json\/wp\/v2\/posts\/372371","targetHints":{"allow":["GET"]}}],"collection":[{"href":"https:\/\/www.europesays.com\/fr\/wp-json\/wp\/v2\/posts"}],"about":[{"href":"https:\/\/www.europesays.com\/fr\/wp-json\/wp\/v2\/types\/post"}],"author":[{"embeddable":true,"href":"https:\/\/www.europesays.com\/fr\/wp-json\/wp\/v2\/users\/2"}],"replies":[{"embeddable":true,"href":"https:\/\/www.europesays.com\/fr\/wp-json\/wp\/v2\/comments?post=372371"}],"version-history":[{"count":0,"href":"https:\/\/www.europesays.com\/fr\/wp-json\/wp\/v2\/posts\/372371\/revisions"}],"wp:featuredmedia":[{"embeddable":true,"href":"https:\/\/www.europesays.com\/fr\/wp-json\/wp\/v2\/media\/372372"}],"wp:attachment":[{"href":"https:\/\/www.europesays.com\/fr\/wp-json\/wp\/v2\/media?parent=372371"}],"wp:term":[{"taxonomy":"category","embeddable":true,"href":"https:\/\/www.europesays.com\/fr\/wp-json\/wp\/v2\/categories?post=372371"},{"taxonomy":"post_tag","embeddable":true,"href":"https:\/\/www.europesays.com\/fr\/wp-json\/wp\/v2\/tags?post=372371"}],"curies":[{"name":"wp","href":"https:\/\/api.w.org\/{rel}","templated":true}]}}