{"id":372373,"date":"2025-09-07T06:27:19","date_gmt":"2025-09-07T06:27:19","guid":{"rendered":"https:\/\/www.europesays.com\/fr\/372373\/"},"modified":"2025-09-07T06:27:19","modified_gmt":"2025-09-07T06:27:19","slug":"face-a-trump-une-europe-sans-boussole-mediapart","status":"publish","type":"post","link":"https:\/\/www.europesays.com\/fr\/372373\/","title":{"rendered":"Face \u00e0 Trump, une Europe sans boussole &#8211; Mediapart"},"content":{"rendered":"<ol>\n<li><a href=\"https:\/\/news.google.com\/rss\/articles\/CBMikwFBVV95cUxPOU1EMW9xYjBfeExTRVI4V0RERVk3YXBsYnh5YmwzNkF4NzNXNGNOMUxMSXk5bTZKcFRCb01uT1NXY3BXa0pSdUFRRl9NMFFRQzZxRnJvbE10ZHc4RF9qRUJQX0luRWZpWThqeWx0bzNPSjVfbVJTNk9PTGxaSFoxQ1RBSHVUYWE2TjMwUVVIdjJYRzQ?oc=5\" target=\"_blank\" rel=\"noopener\">Face \u00e0 Trump, une Europe sans boussole<\/a>&nbsp;&nbsp;Mediapart<\/li>\n<li><a href=\"https:\/\/news.google.com\/rss\/articles\/CBMikgJBVV95cUxNR0ZWMUZGR1hHSjZTdGxnMVV6MnNNcklfZXBfMm5XaFB0ZW4yMUtIeDZRRHhsVFROeEhQMWRCenRSSVNPQTVtbElDWjNBTHZBWm9OUmtfQWdwZDU0QVFxZVpyQ0JMRC01WS1wQ3R2UUFIcHpnWWNNbzloSFpCUXowNDgzQkNFd0sxUnM5Y2I4QVlRa2ZKMW04eVpIeGtoel9rNkM0VzVyeWJBNjRqR05PcF84eTBONEhpVFBmNnZsSVZFdmRPMkdrQW4xYTlVZ3hrNXVDOHMtc3BoUmhrcXM3MFZPVWpORC1ZSnhqUEZtYnhSbFc3RVVkRVpFM240eWgxZHFJa3VxczZsbnRtTnpmRWR3?oc=5\" target=\"_blank\" rel=\"noopener\">Sandro Gozi, eurod\u00e9put\u00e9 : \u00ab Nous devons montrer aux citoyens que nous pouvons nous opposer au pouvoir d\u00e9mesur\u00e9 des Big Tech \u00bb<\/a>&nbsp;&nbsp;Le Monde.fr<\/li>\n<li><a href=\"https:\/\/news.google.com\/rss\/articles\/CBMi-wFBVV95cUxNLUdtQTN1V3NBZ1E5RVBJMXQ1NWJRUDR2UVlNYmhmR19Hcm5Hc0JsUnBHLW9QRFk2T2szM3J3Q2JXLVJyeGl3d3BfTDdZVVkyUDYwQnhENmhhNzNmZnlfZUkzbG40T09ETHc5WnozeDdsVV9FV2p4dHJ4NUZBbTJCc3Q3SktCV21zajVmY2kweWUxdlpjbGx5cFBrZ3dSN05pTWQ2ZjFGRGJMdmtQVElZc0VtVWFSSzNsOXBiVERlU001ZDJLOThyeTRrYzFOdnlvcUxxR2phZDFfbVRrZnBQLTBWWWZxcXVxOW9EeU0xR2ppeWhZSGhWTTBWWQ?oc=5\" target=\"_blank\" rel=\"noopener\">Brando Benifei, rapporteur de l&rsquo;AI Act : \u00ab\u00a0Les Big Tech veulent faire de l\u2019Europe un Far West num\u00e9rique\u00a0\u00bb<\/a>&nbsp;&nbsp;L&rsquo;Express<\/li>\n<li><a href=\"https:\/\/news.google.com\/rss\/articles\/CBMiwwFBVV95cUxOWHVBNDRFbUE3c0lmU2szaXVYTzhKODRCNk9Fa19peTE2cGJhU2MtQWRmRklHcTYzWE93VVhyTTVTbWN6bWF6N0RzX3VTdmVrV3dFZ1dqMWFPcHgxclVEVFRKUmdiVGMyZXdpcG0zUjBLbUtydFRoQnd5QkpxcEp6Z1YzQmdFdUpYbjY0TjhkQjBrRXFlZzduT1dvbGNzWUZub0JiQXczaUloandDZHpsWGk1bGRmQng2Z3p0dDVoRHJfUUk?oc=5\" target=\"_blank\" rel=\"noopener\">\u00ab La fabrication du code, angle mort de la souverainet\u00e9 num\u00e9rique europ\u00e9enne \u00bb<\/a>&nbsp;&nbsp;Les Echos<\/li>\n<li><a href=\"https:\/\/news.google.com\/rss\/articles\/CBMiaEFVX3lxTE5LLTdocko1cnY4TGxGMmpsb1ZQSkdEcDZwdzY2UnJyRVA0TzJ2VzJxS0tDS2lvMjMtakR1WFpxcU5zXzdHcnNkd2dzR1VmTVhEQWZ1dmZ6V0Eyb3ltc2xSUVhTZEdoZy1K?oc=5\" target=\"_blank\" rel=\"noopener\">Taxation mondiale : les Etats-Unis font plier l\u2019OCDE et l\u2019Europe<\/a>&nbsp;&nbsp;Contrepoints<\/li>\n<\/ol>\n","protected":false},"excerpt":{"rendered":"Face \u00e0 Trump, une Europe sans boussole&nbsp;&nbsp;Mediapart Sandro Gozi, eurod\u00e9put\u00e9 : \u00ab Nous devons montrer aux citoyens que&hellip;\n","protected":false},"author":2,"featured_media":372374,"comment_status":"","ping_status":"","sticky":false,"template":"","format":"standard","meta":{"footnotes":""},"categories":[1586],"tags":[11,2160,75,2388,73,1777,674,1779,1011,27,12,25,1778,364,2544],"class_list":{"0":"post-372373","1":"post","2":"type-post","3":"status-publish","4":"format-standard","5":"has-post-thumbnail","7":"category-europe","8":"tag-actualites","9":"tag-commerce-international","10":"tag-donald-trump","11":"tag-droits-de-douane","12":"tag-etats-unis","13":"tag-eu","14":"tag-europe","15":"tag-european-union","16":"tag-fr","17":"tag-france","18":"tag-news","19":"tag-republique-francaise","20":"tag-ue","21":"tag-union-europeenne","22":"tag-ursula-von-der-leyen"},"share_on_mastodon":{"url":"https:\/\/pubeurope.com\/@fr\/115161598924135757","error":""},"_links":{"self":[{"href":"https:\/\/www.europesays.com\/fr\/wp-json\/wp\/v2\/posts\/372373","targetHints":{"allow":["GET"]}}],"collection":[{"href":"https:\/\/www.europesays.com\/fr\/wp-json\/wp\/v2\/posts"}],"about":[{"href":"https:\/\/www.europesays.com\/fr\/wp-json\/wp\/v2\/types\/post"}],"author":[{"embeddable":true,"href":"https:\/\/www.europesays.com\/fr\/wp-json\/wp\/v2\/users\/2"}],"replies":[{"embeddable":true,"href":"https:\/\/www.europesays.com\/fr\/wp-json\/wp\/v2\/comments?post=372373"}],"version-history":[{"count":0,"href":"https:\/\/www.europesays.com\/fr\/wp-json\/wp\/v2\/posts\/372373\/revisions"}],"wp:featuredmedia":[{"embeddable":true,"href":"https:\/\/www.europesays.com\/fr\/wp-json\/wp\/v2\/media\/372374"}],"wp:attachment":[{"href":"https:\/\/www.europesays.com\/fr\/wp-json\/wp\/v2\/media?parent=372373"}],"wp:term":[{"taxonomy":"category","embeddable":true,"href":"https:\/\/www.europesays.com\/fr\/wp-json\/wp\/v2\/categories?post=372373"},{"taxonomy":"post_tag","embeddable":true,"href":"https:\/\/www.europesays.com\/fr\/wp-json\/wp\/v2\/tags?post=372373"}],"curies":[{"name":"wp","href":"https:\/\/api.w.org\/{rel}","templated":true}]}}