{"id":372375,"date":"2025-09-07T06:28:10","date_gmt":"2025-09-07T06:28:10","guid":{"rendered":"https:\/\/www.europesays.com\/fr\/372375\/"},"modified":"2025-09-07T06:28:10","modified_gmt":"2025-09-07T06:28:10","slug":"retraite-ces-avantages-que-sarrachent-les-boomers-selon-bayrou-mythe-ou-realite","status":"publish","type":"post","link":"https:\/\/www.europesays.com\/fr\/372375\/","title":{"rendered":"Retraite : ces avantages que s\u2019arrachent les boomers selon Bayrou \u2014 mythe ou r\u00e9alit\u00e9 ?"},"content":{"rendered":"<p>La rentr\u00e9e n&rsquo;a pas seulement remu\u00e9 les souvenirs de vacances, elle a aussi souffl\u00e9 un vent de discorde sur la place publique. Sur toutes les l\u00e8vres, une question \u00e9pidermique : les boomers, alias la g\u00e9n\u00e9ration d&rsquo;apr\u00e8s-guerre, b\u00e9n\u00e9ficient-ils vraiment d&rsquo;avantages injustes en mati\u00e8re de retraite et de niveau de vie ? Fran\u00e7ois Bayrou a jet\u00e9 un pav\u00e9 dans la mare en accusant les retrait\u00e9s d&rsquo;\u00eatre les grands gagnants d&rsquo;une France endett\u00e9e, provoquant une vague de r\u00e9actions m\u00ealant exasp\u00e9ration, incompr\u00e9hension et analyses minutieuses. Entre fantasmes et r\u00e9alit\u00e9s, d\u00e9cryptage d&rsquo;une querelle qui secoue l&rsquo;Hexagone\u2026<\/p>\n<p>Quand Bayrou s&rsquo;en m\u00eale : d\u00e9cryptage d&rsquo;une affirmation qui fait d\u00e9bat<br \/>\n Pourquoi Fran\u00e7ois Bayrou cible-t-il la g\u00e9n\u00e9ration des boomers sur la question des retraites ?<\/p>\n<p>En ao\u00fbt, Fran\u00e7ois Bayrou, v\u00e9t\u00e9ran de la sc\u00e8ne politique, a surpris tout le pays en affirmant que la dette publique fran\u00e7aise avait \u00e9t\u00e9 creus\u00e9e \u00ab pour le confort des boomers \u00bb. Reflet d&rsquo;un malaise tenace, cette d\u00e9claration met en lumi\u00e8re un point qui f\u00e2che : la part croissante du budget national consacr\u00e9e aux pensions, point\u00e9e du doigt alors que la <a href=\"https:\/\/journaldesseniors.20minutes.fr\/retraite\/avantages-du-per\/\" target=\"_blank\" rel=\"noopener\">solidarit\u00e9 interg\u00e9n\u00e9rationnelle<\/a> s&rsquo;\u00e9tiole.<\/p>\n<p>Ce choix de d\u00e9signer les baby-boomers n&rsquo;est pas anodin. N\u00e9s entre 1945 et 1975, ces retrait\u00e9s forment une cohorte massive, dont le passage \u00e0 la retraite bouscule l&rsquo;\u00e9quilibre du syst\u00e8me. Avec leur arriv\u00e9e en masse, le ratio actifs\/retrait\u00e9s s&rsquo;est <strong>consid\u00e9rablement d\u00e9t\u00e9rior\u00e9<\/strong>, mettant sous pression les finances publiques. Bayrou, lui-m\u00eame issu de cette g\u00e9n\u00e9ration, ne se prive pas d&rsquo;agiter la sonnette d&rsquo;alarme sur un mod\u00e8le qu&rsquo;il juge vou\u00e9 \u00e0 l&rsquo;essoufflement.<\/p>\n<p> Les r\u00e9actions que ses propos ont suscit\u00e9es dans l&rsquo;opinion et chez les experts<\/p>\n<p>Autant dire que la petite phrase n&rsquo;est pas pass\u00e9e inaper\u00e7ue. Les rangs des retrait\u00e9s ont rapidement exprim\u00e9 leur d\u00e9sapprobation, certains d\u00e9non\u00e7ant un \u00ab proc\u00e8s d&rsquo;intention \u00bb alors que nombre d&rsquo;entre eux peinent \u00e0 joindre les deux bouts. Chez les plus jeunes, le <strong>sentiment d&rsquo;injustice gronde<\/strong> face \u00e0 un avenir incertain, alimentant la suspicion envers une g\u00e9n\u00e9ration jug\u00e9e privil\u00e9gi\u00e9e.<\/p>\n<p>Mais derri\u00e8re le brouhaha m\u00e9diatique, le d\u00e9bat a aussi r\u00e9activ\u00e9 les discussions sur l&rsquo;\u00e9quit\u00e9 du syst\u00e8me de retraites et la r\u00e9partition des richesses, question centrale au c\u0153ur du mod\u00e8le social fran\u00e7ais. <strong>Mythe ou r\u00e9alit\u00e9 ? Il est temps de passer au crible les avantages pr\u00eat\u00e9s aux boomers.<\/strong><\/p>\n<p>Derri\u00e8re le mythe : quels sont vraiment les privil\u00e8ges des boomers aujourd&rsquo;hui ?<br \/>\nPension, patrimoine, fiscalit\u00e9 : ce que les baby-boomers auraient \u00ab en plus \u00bb<\/p>\n<p>Le proc\u00e8s en \u00ab privil\u00e8ges \u00bb tourne essentiellement autour de trois axes : le montant des pensions, la d\u00e9tention de patrimoine et une fiscalit\u00e9 avantageuse. <strong>Les boomers per\u00e7oivent en moyenne 75 % de leur ancien salaire net \u00e0 la retraite, contre 65 % pour les actifs des ann\u00e9es 2000<\/strong>. Une diff\u00e9rence qui nourrit l&rsquo;amertume chez les plus jeunes, contraints de travailler plus longtemps pour toucher moins.<\/p>\n<p>Autre atout majeur : l&rsquo;acc\u00e8s facilit\u00e9 \u00e0 la propri\u00e9t\u00e9. Pr\u00e8s de 70 % du parc immobilier est aujourd&rsquo;hui d\u00e9tenu par les plus de 65 ans, un h\u00e9ritage d&rsquo;ann\u00e9es o\u00f9 le march\u00e9 immobilier \u00e9tait plus accessible. La fiscalit\u00e9 n&rsquo;est pas en reste, avec un <strong>abattement de 10 % sur les pensions<\/strong> et une taxation souvent plus douce que celle frappant les revenus d&rsquo;activit\u00e9.<\/p>\n<p> Dispositifs et mesures d&rsquo;exception qui profiteraient (ou non) \u00e0 cette g\u00e9n\u00e9ration<\/p>\n<p>Durant plusieurs d\u00e9cennies, le boom d\u00e9mographique a permis au syst\u00e8me par r\u00e9partition de fonctionner efficacement, avec trois actifs pour financer un retrait\u00e9. Cette \u00e9poque dor\u00e9e a \u00e9t\u00e9 propice \u00e0 l&rsquo;\u00e9tablissement de r\u00e9gimes compl\u00e9mentaires g\u00e9n\u00e9reux et de dispositifs fiscaux souples pour accompagner la vieillesse.<\/p>\n<p>Cependant, les derni\u00e8res r\u00e9formes ont frein\u00e9 cette dynamique, et la r\u00e9cente remise en cause de l&rsquo;<a href=\"https:\/\/journaldesseniors.20minutes.fr\/retraite\/nouveaux-abattements-fiscaux-retraites-2024\/\" target=\"_blank\" rel=\"noopener\">abattement fiscal<\/a>, combin\u00e9e \u00e0 la proposition d&rsquo;une \u00ab ann\u00e9e blanche \u00bb sur la revalorisation des retraites, t\u00e9moigne de la fin programm\u00e9e des \u00ab ann\u00e9es fastes \u00bb. Fini le temps de l&rsquo;abondance ? Pas pour tous, mais la tendance s&rsquo;inverse progressivement.<\/p>\n<p>Plong\u00e9e dans les chiffres : la situation des boomers face aux plus jeunes est-elle si avantageuse ?<br \/>\nAnalyse comparative : retraites, conditions de vie et pouvoir d&rsquo;achat des g\u00e9n\u00e9rations<\/p>\n<p>Regardons les donn\u00e9es de plus pr\u00e8s. Si en moyenne, les retrait\u00e9s disposent d&rsquo;un <strong>revenu ajust\u00e9 sup\u00e9rieur aux actifs<\/strong> (notamment gr\u00e2ce au patrimoine immobilier), leur revenu brut mensuel de 2 188 euros reste inf\u00e9rieur \u00e0 celui des actifs (2 489 euros). La pension moyenne, quant \u00e0 elle, stagne autour de 1 460 euros par mois.<\/p>\n<p>C\u00f4t\u00e9 conditions de vie, la disparit\u00e9 est flagrante : alors que certains boomers profitent d&rsquo;une retraite confortable, pr\u00e8s de 2 millions vivent sous le seuil de pauvret\u00e9. Le mythe du \u00ab papy nanti \u00bb s&rsquo;effrite donc \u00e0 la lumi\u00e8re des r\u00e9alit\u00e9s, oscillant entre retraites dor\u00e9es et fins de mois difficiles.<\/p>\n<tr>\nIndicateur<br \/>\nBaby-boomers<br \/>\nG\u00e9n\u00e9rations plus jeunes<br \/>\n<\/tr>\n<tr>\n<td>Revenu moyen (euros\/mois)<\/td>\n<td>2 188<\/td>\n<td>2 489<\/td>\n<\/tr>\n<tr>\n<td>Pension retrait\u00e9e (%) \/ dernier salaire<\/td>\n<td>75 %<\/td>\n<td>65 %<\/td>\n<\/tr>\n<tr>\n<td>Taux de propri\u00e9t\u00e9 immobili\u00e8re<\/td>\n<td>70 %<\/td>\n<td>35 %<\/td>\n<\/tr>\n<p> Les \u00e9carts se creusent-ils vraiment entre boomers et actifs ?<\/p>\n<p>L&rsquo;\u00e9cart se loge principalement du c\u00f4t\u00e9 du patrimoine : la hausse des prix de l&rsquo;immobilier a jou\u00e9 en faveur de ceux qui ont achet\u00e9 il y a plusieurs d\u00e9cennies. C\u00f4t\u00e9 retraites, la tendance s&rsquo;inverse cependant. Alors que les <a href=\"https:\/\/journaldesseniors.20minutes.fr\/retraite\/13-millions-retraites-double-hausse-pension-fin-annee\/\" target=\"_blank\" rel=\"noopener\">pensions \u00e9taient historiquement revaloris\u00e9es<\/a> au rythme de l&rsquo;inflation, la perspective d&rsquo;une ann\u00e9e blanche et la pression sur les finances publiques rebattent les cartes.<\/p>\n<p>De plus, la <strong>diminution du nombre d&rsquo;actifs<\/strong> pour financer une retraite cr\u00e9e une tension persistante, qui menace la p\u00e9rennit\u00e9 du mod\u00e8le et g\u00e9n\u00e8re frustrations et inqui\u00e9tudes.<\/p>\n<p>Transmission, solidarit\u00e9 et frustrations : les enjeux cach\u00e9s de la pol\u00e9mique g\u00e9n\u00e9rationnelle<br \/>\n Les baby-boomers sont-ils des boucs \u00e9missaires dans le d\u00e9bat sur la r\u00e9forme des retraites ?<\/p>\n<p>Derri\u00e8re les pol\u00e9miques, il est tentant de transformer les boomers en boucs \u00e9missaires : b\u00e9n\u00e9ficiaires d&rsquo;un syst\u00e8me \u00e0 son apog\u00e9e, ils cristallisent ranc\u0153urs et jalousies. Pourtant, cette lecture laisse de c\u00f4t\u00e9 un aspect fondamental : <strong>la solidarit\u00e9 et la transmission<\/strong> qui restent de mise dans de nombreuses familles fran\u00e7aises.<\/p>\n<p>Bien loin d&rsquo;\u00eatre un poids pour la soci\u00e9t\u00e9, nombre de retrait\u00e9s soutiennent financi\u00e8rement leurs enfants et petits-enfants, financent l&rsquo;EHPAD de leurs parents vieillissants, et participent activement \u00e0 la solidarit\u00e9 informelle. Leur <strong>r\u00f4le social va donc bien au-del\u00e0<\/strong> de la simple r\u00e9ception d&rsquo;une pension.<\/p>\n<p> Comment le syst\u00e8me actuel alimente incompr\u00e9hensions et tensions entre g\u00e9n\u00e9rations<\/p>\n<p>La m\u00e9canique des retraites, aujourd&rsquo;hui sous pression, accentue les malentendus. Entre r\u00e9formes \u00e0 r\u00e9p\u00e9tition, allongement de la dur\u00e9e de cotisation et plafonnement des hausses, chaque g\u00e9n\u00e9ration a l&rsquo;impression de faire les frais d&rsquo;un syst\u00e8me \u00ab au bord de la panne \u00bb.<\/p>\n<p>L&rsquo;incompr\u00e9hension s&rsquo;installe facilement : d&rsquo;un c\u00f4t\u00e9, les actifs peinent \u00e0 percevoir les difficult\u00e9s rencontr\u00e9es par les <a href=\"https:\/\/journaldesseniors.20minutes.fr\/retraite\/destination-vivre-800-euros-retraite\/\" target=\"_blank\" rel=\"noopener\">retrait\u00e9s modestes<\/a>. De l&rsquo;autre, certains boomers d\u00e9couvrent l&rsquo;ironie d&rsquo;\u00eatre point\u00e9s du doigt alors qu&rsquo;ils n&rsquo;ont fait que profiter de r\u00e8gles alors en vigueur. Tout cela nourrit <strong>tensions sociales et d\u00e9bats passionn\u00e9s<\/strong>.<\/p>\n<p>Entre fantasme et r\u00e9alit\u00e9 : ce que r\u00e9v\u00e8le la querelle sur les avantages des boomers<br \/>\n Ce que les faits nous disent (et ne disent pas) sur les in\u00e9galit\u00e9s interg\u00e9n\u00e9rationnelles<\/p>\n<p>S&rsquo;il y a bien une chose que ce d\u00e9bat cristallise, c&rsquo;est la difficult\u00e9 \u00e0 \u00e9tablir un diagnostic simple : les boomers ne forment pas un bloc monolithique. Certains vivent une retraite dor\u00e9e, d&rsquo;autres comptent chaque sou, confront\u00e9s \u00e0 la pr\u00e9carit\u00e9 et \u00e0 la solitude. <strong>Assimiler \u00ab boomer \u00bb \u00e0 \u00ab privil\u00e8ge g\u00e9n\u00e9ralis\u00e9 \u00bb rel\u00e8ve donc plus du raccourci que du constat fond\u00e9<\/strong>.<\/p>\n<p>N\u00e9anmoins, il reste ind\u00e9niable que cette g\u00e9n\u00e9ration a pu profiter de conditions \u00e9conomiques plus favorables \u00e0 certains moments cl\u00e9s de sa vie. Mais pointer du doigt ces acquis ne devrait pas faire oublier l&rsquo;essentiel : l&rsquo;enjeu n&rsquo;est pas de dresser les g\u00e9n\u00e9rations les unes contre les autres, mais d&rsquo;inventer un <strong>syst\u00e8me p\u00e9renne et solidaire<\/strong> pour tous.<\/p>\n<p> Vers une possible r\u00e9conciliation ou une fracture durable autour du mod\u00e8le fran\u00e7ais des retraites ?<\/p>\n<p>Le d\u00e9bat n&rsquo;a rien d&rsquo;anodin, car il touche au socle du contrat social \u00e0 la fran\u00e7aise. Bayrou, en ciblant les boomers, a relanc\u00e9 une discussion de fond : comment pr\u00e9server la solidarit\u00e9 sans accentuer les fractures ? La r\u00e9ponse d\u00e9pendra de la capacit\u00e9 \u00e0 trouver des compromis acceptables, \u00e0 r\u00e9ajuster les m\u00e9canismes de redistribution, et surtout, \u00e0 ne pas c\u00e9der aux sir\u00e8nes de la division.<\/p>\n<p>Alors, fantasme ou r\u00e9alit\u00e9, ce \u00ab confort des boomers \u00bb ? Un peu des deux, selon que l&rsquo;on regarde la moyenne statistique ou la diversit\u00e9 des situations r\u00e9elles. Et si, plut\u00f4t que de s&rsquo;enliser dans ce conflit g\u00e9n\u00e9rationnel, nous nous concentrions sur la construction d&rsquo;un syst\u00e8me \u00e9quitable pour les g\u00e9n\u00e9rations actuelles et futures ? <strong>Le v\u00e9ritable d\u00e9fi<\/strong> reste de b\u00e2tir un mod\u00e8le capable de r\u00e9sister aux \u00e9volutions d\u00e9mographiques tout en pr\u00e9servant la coh\u00e9sion sociale.<\/p>\n","protected":false},"excerpt":{"rendered":"La rentr\u00e9e n&rsquo;a pas seulement remu\u00e9 les souvenirs de vacances, elle a aussi souffl\u00e9 un vent de discorde&hellip;\n","protected":false},"author":2,"featured_media":372376,"comment_status":"","ping_status":"","sticky":false,"template":"","format":"standard","meta":{"footnotes":""},"categories":[2],"tags":[11,1011,27,12,56,25],"class_list":{"0":"post-372375","1":"post","2":"type-post","3":"status-publish","4":"format-standard","5":"has-post-thumbnail","7":"category-actualites","8":"tag-actualites","9":"tag-fr","10":"tag-france","11":"tag-news","12":"tag-push","13":"tag-republique-francaise"},"share_on_mastodon":{"url":"https:\/\/pubeurope.com\/@fr\/115161602634657911","error":""},"_links":{"self":[{"href":"https:\/\/www.europesays.com\/fr\/wp-json\/wp\/v2\/posts\/372375","targetHints":{"allow":["GET"]}}],"collection":[{"href":"https:\/\/www.europesays.com\/fr\/wp-json\/wp\/v2\/posts"}],"about":[{"href":"https:\/\/www.europesays.com\/fr\/wp-json\/wp\/v2\/types\/post"}],"author":[{"embeddable":true,"href":"https:\/\/www.europesays.com\/fr\/wp-json\/wp\/v2\/users\/2"}],"replies":[{"embeddable":true,"href":"https:\/\/www.europesays.com\/fr\/wp-json\/wp\/v2\/comments?post=372375"}],"version-history":[{"count":0,"href":"https:\/\/www.europesays.com\/fr\/wp-json\/wp\/v2\/posts\/372375\/revisions"}],"wp:featuredmedia":[{"embeddable":true,"href":"https:\/\/www.europesays.com\/fr\/wp-json\/wp\/v2\/media\/372376"}],"wp:attachment":[{"href":"https:\/\/www.europesays.com\/fr\/wp-json\/wp\/v2\/media?parent=372375"}],"wp:term":[{"taxonomy":"category","embeddable":true,"href":"https:\/\/www.europesays.com\/fr\/wp-json\/wp\/v2\/categories?post=372375"},{"taxonomy":"post_tag","embeddable":true,"href":"https:\/\/www.europesays.com\/fr\/wp-json\/wp\/v2\/tags?post=372375"}],"curies":[{"name":"wp","href":"https:\/\/api.w.org\/{rel}","templated":true}]}}