{"id":372377,"date":"2025-09-07T06:29:10","date_gmt":"2025-09-07T06:29:10","guid":{"rendered":"https:\/\/www.europesays.com\/fr\/372377\/"},"modified":"2025-09-07T06:29:10","modified_gmt":"2025-09-07T06:29:10","slug":"anti-elites-anti-ecolo-alexandre-jardin-agitateur-des-coleres-francaises","status":"publish","type":"post","link":"https:\/\/www.europesays.com\/fr\/372377\/","title":{"rendered":"Anti-\u00e9lites, anti-\u00e9colo\u2026 Alexandre Jardin, agitateur des col\u00e8res fran\u00e7aises"},"content":{"rendered":"\n<p class=\"article__paragraph article__paragraph--lf \">Il ne faut pas se fier \u00e0 son allure tranquille d\u2019estivant en pantalon blanc et mocassins, le bronzage impeccable. Ce 29\u00a0ao\u00fbt, Alexandre Jardin arrive en gare de Ch\u00e2lons-en-Champagne, dans la Marne, lanc\u00e9 comme un train \u00e0 grande vitesse, bien d\u00e9cid\u00e9 \u00e0 vous entretenir de ses obsessions sans perdre de temps \u00e0 raconter ses vacances. Le romancier en est s\u00fbr, la \u00ab\u00a0r\u00e9volte\u00a0\u00bb, le \u00ab\u00a0chaos\u00a0\u00bb et la \u00ab\u00a0guerre\u00a0\u00bb s\u2019appr\u00eatent \u00e0 frapper la France. Une guerre du peuple contre les \u00e9lites, des \u00ab\u00a0gueux\u00a0\u00bb contre leurs seigneurs, ces \u00e9lus et ministres lov\u00e9s en leurs \u00ab\u00a0palais\u00a0\u00bb et tenus par les \u00ab\u00a0puissances d\u2019argent\u00a0\u00bb. Des hommes et des femmes atteints d\u2019une \u00ab\u00a0crise de la d\u00e9connexion\u00a0\u00bb, plus occup\u00e9s \u00e0 \u00ab\u00a0cro\u00fbter\u00a0\u00bb le pain des Fran\u00e7ais qu\u2019\u00e0 leur en distribuer.<\/p>\n<p class=\"article__paragraph article__paragraph--lf \">L\u2019\u00e9crivain, 60\u00a0ans, est excit\u00e9 comme un auteur ayant retrouv\u00e9 l\u2019inspiration. <a href=\"https:\/\/www.lemonde.fr\/politique\/article\/2025\/06\/17\/les-deputes-approuvent-le-projet-de-loi-de-simplification-et-son-article-supprimant-les-zones-a-faibles-emissions_6613934_823448.html\" rel=\"nofollow noopener\" target=\"_blank\">La suppression, en juin, par l\u2019Assembl\u00e9e nationale, des zones \u00e0 faibles \u00e9missions (ZFE)<\/a> bannissant les v\u00e9hicules les plus polluants des grandes villes \u2013 un recul majeur pour la cause environnementale \u2013, est un peu la sienne. Pendant six mois, il a contribu\u00e9 \u00e0 mettre le sujet sur le devant de la sc\u00e8ne, \u00e0\u00a0grand renfort d\u2019interventions m\u00e9diatiques et d\u2019agitation sur les r\u00e9seaux sociaux, o\u00f9 son hashtag #gueux \u2013 une formulation ironique pour souligner le m\u00e9pris dont les provinciaux seraient l\u2019objet \u2013 a fait flor\u00e8s. Il en a aussi tir\u00e9 un petit livre, qui s\u2019est \u00e9coul\u00e9 \u00e0\u00a020\u00a0000\u00a0exemplaires (Les #Gueux, Michel Lafon, 2025).<\/p>\n<p class=\"article__paragraph article__paragraph--lf \">Alexandre Jardin se sent d\u00e9sormais investi d\u2019une nouvelle fonction, celle de porte-voix des \u00ab\u00a0miteux de banlieue ou de province\u00a0\u00bb en col\u00e8re contre Paris et ce \u00ab\u00a0sport de riche\u00a0\u00bb que serait l\u2019\u00e9cologie. Il n\u2019est plus ce ph\u00e9nom\u00e8ne de la litt\u00e9rature des ann\u00e9es 1980-1990, qui promenait \u00e0 la t\u00e9l\u00e9vision sa m\u00e8che romantique et son sourire de gar\u00e7on sage, et dont les chastes histoires d\u2019amour (Le Z\u00e8bre, Fanfan) pouvaient se vendre jusqu\u2019\u00e0 900\u00a0000\u00a0exemplaires \u2013 avant d\u2019\u00eatre adapt\u00e9es au cin\u00e9ma avec les stars de l\u2019\u00e9poque, comme Thierry Lhermitte ou Sophie Marceau. Ce personnage s\u2019est \u00e9teint en m\u00eame temps que le XXe\u00a0si\u00e8cle.<\/p>\n<p class=\"reading-mode-only \"><strong>Il vous reste 89.05% de cet article \u00e0 lire. La suite est r\u00e9serv\u00e9e aux abonn\u00e9s.<\/strong><\/p>\n","protected":false},"excerpt":{"rendered":"Il ne faut pas se fier \u00e0 son allure tranquille d\u2019estivant en pantalon blanc et mocassins, le bronzage&hellip;\n","protected":false},"author":2,"featured_media":372378,"comment_status":"","ping_status":"","sticky":false,"template":"","format":"standard","meta":{"footnotes":""},"categories":[2],"tags":[11,1011,27,12,25],"class_list":{"0":"post-372377","1":"post","2":"type-post","3":"status-publish","4":"format-standard","5":"has-post-thumbnail","7":"category-actualites","8":"tag-actualites","9":"tag-fr","10":"tag-france","11":"tag-news","12":"tag-republique-francaise"},"share_on_mastodon":{"url":"https:\/\/pubeurope.com\/@fr\/115161606928628265","error":""},"_links":{"self":[{"href":"https:\/\/www.europesays.com\/fr\/wp-json\/wp\/v2\/posts\/372377","targetHints":{"allow":["GET"]}}],"collection":[{"href":"https:\/\/www.europesays.com\/fr\/wp-json\/wp\/v2\/posts"}],"about":[{"href":"https:\/\/www.europesays.com\/fr\/wp-json\/wp\/v2\/types\/post"}],"author":[{"embeddable":true,"href":"https:\/\/www.europesays.com\/fr\/wp-json\/wp\/v2\/users\/2"}],"replies":[{"embeddable":true,"href":"https:\/\/www.europesays.com\/fr\/wp-json\/wp\/v2\/comments?post=372377"}],"version-history":[{"count":0,"href":"https:\/\/www.europesays.com\/fr\/wp-json\/wp\/v2\/posts\/372377\/revisions"}],"wp:featuredmedia":[{"embeddable":true,"href":"https:\/\/www.europesays.com\/fr\/wp-json\/wp\/v2\/media\/372378"}],"wp:attachment":[{"href":"https:\/\/www.europesays.com\/fr\/wp-json\/wp\/v2\/media?parent=372377"}],"wp:term":[{"taxonomy":"category","embeddable":true,"href":"https:\/\/www.europesays.com\/fr\/wp-json\/wp\/v2\/categories?post=372377"},{"taxonomy":"post_tag","embeddable":true,"href":"https:\/\/www.europesays.com\/fr\/wp-json\/wp\/v2\/tags?post=372377"}],"curies":[{"name":"wp","href":"https:\/\/api.w.org\/{rel}","templated":true}]}}