{"id":372379,"date":"2025-09-07T06:30:16","date_gmt":"2025-09-07T06:30:16","guid":{"rendered":"https:\/\/www.europesays.com\/fr\/372379\/"},"modified":"2025-09-07T06:30:16","modified_gmt":"2025-09-07T06:30:16","slug":"france-afrique-du-sud-au-mondial-pourquoi-les-bleues-visent-la-premiere-place-de-leur-poule","status":"publish","type":"post","link":"https:\/\/www.europesays.com\/fr\/372379\/","title":{"rendered":"France &#8211; Afrique du Sud : au Mondial, pourquoi les Bleues visent la premi\u00e8re place de leur poule"},"content":{"rendered":"<p class=\"paragraph text_align_left lp-f-body-02\">C\u2019est une petite finale mine de rien. Et les <a href=\"https:\/\/www.leparisien.fr\/sports\/rugby\/xv-de-france\/\" target=\"_blank\" rel=\"noreferrer nofollow noopener\">Bleues <\/a>en sont les grandes favorites face \u00e0 des Sud-Africaines, dixi\u00e8mes du classement mondial, qui ont domin\u00e9 l\u2019Italie il y a une semaine (29-24) \u00e0 la surprise g\u00e9n\u00e9rale.<\/p>\n<p class=\"paragraph text_align_left lp-f-body-02\">L\u2019enjeu de cette ultime confrontation de la Poule D, ce dimanche (17h45) \u00e0 Northampton, ne sera pas la qualification pour les quarts de finale de ce Mondial de <a href=\"https:\/\/www.leparisien.fr\/sports\/rugby\/\" target=\"_blank\" rel=\"noreferrer nofollow noopener\">rugby <\/a>en Angleterre puisqu\u2019elle est acquise pour les deux s\u00e9lections. Il s\u2019agira surtout de s\u2019imposer pour finir en premi\u00e8re position et affronter l\u2019Irlande plut\u00f4t que les N\u00e9o-Z\u00e9landaises en quarts de finale, m\u00eame si l\u2019Angleterre se profilerait ensuite en demi-finale.<\/p>\n<p class=\"paragraph text_align_left lp-f-body-02\">Si elles parviennent \u00e0 d\u00e9stabiliser le puissant pack des Boks Women, les Tricolores ne devraient pas conna\u00eetre trop de soucis pour signer un troisi\u00e8me succ\u00e8s apr\u00e8s ceux enregistr\u00e9s<a href=\"https:\/\/www.leparisien.fr\/sports\/rugby\/france-italie-24-0-des-premiers-pas-reussis-pour-les-bleues-dans-le-mondial-23-08-2025-AGA4LZMTWRHNPCF6EC34E42NAA.php\" target=\"_self\" rel=\"nofollow noopener\"> contre l\u2019Italie (24-0)<\/a> puis le <a href=\"https:\/\/www.leparisien.fr\/sports\/basket\/france-bresil-84-5-festival-offensif-pour-les-bleues-qualifiees-pour-les-quarts-de-finale-du-mondial-de-rugby-31-08-2025-QQVFWEJAXBHSTA2MP55VMLDGEY.php\" target=\"_self\" rel=\"nofollow noopener\">Br\u00e9sil (84-5)<\/a>. \u00ab Nous avons opt\u00e9 pour une composition strat\u00e9gique avec la volont\u00e9 de mettre de la vitesse dans le jeu face \u00e0 une \u00e9quipe d\u2019Afrique du Sud tr\u00e8s massive et tr\u00e8s dense \u00bb, a expliqu\u00e9 Ga\u00eblle Mignot, co-s\u00e9lectionneuse avec David Ortiz.<\/p>\n<p>\u00ab Les quarante premi\u00e8res minutes vont \u00eatre rudes \u00bb<\/p>\n<p class=\"paragraph text_align_left lp-f-body-02\">Charlotte Escudero sera ainsi align\u00e9e comme troisi\u00e8me ligne centre en en attendant le retour de Teani Feleu, encore bless\u00e9e, pour les quarts de finale. Tr\u00e8s \u00e0 l\u2019aise contre les Br\u00e9siliennes, la charni\u00e8re compos\u00e9e de la demi de m\u00eal\u00e9e<b> <\/b><a href=\"https:\/\/www.leparisien.fr\/sports\/rugby\/tournoi-des-6-nations\/laure-est-enceinte-pauline-bourdon-sansus-demi-de-melee-du-xv-de-france-raconte-la-grossesse-de-son-epouse-26-04-2025-6PRRJRWFZJAG5IFJ3JFMTDMAXI.php\" target=\"_self\" rel=\"nofollow noopener\">Pauline Bourdon Sansus<\/a> et de la demi d\u2019ouverture Lina Queyroi, sera reconduite.<\/p>\n<p class=\"paragraph text_align_left lp-f-body-02\">La petite sensation est venue de la titularisation \u00e0 l\u2019arri\u00e8re d\u2019Emilie Boulard au poste d\u2019arri\u00e8re pour ses qualit\u00e9s de \u00ab relanceuse \u00bb, au d\u00e9triment de <a href=\"https:\/\/www.leparisien.fr\/sports\/rugby\/tournoi-des-6-nations\/jai-toujours-aime-ecrire-morgane-bourgeois-la-buteuse-chroniqueuse-du-xv-de-france-feminin-29-03-2025-7EODRDZQIJFLPOFOJU4QX5RDIU.php\" target=\"_self\" rel=\"nofollow noopener\">Morgane Bourgeois,<\/a> tr\u00e8s pr\u00e9cise dans ses tentatives de but depuis le d\u00e9but du Mondial et rel\u00e9gu\u00e9e sur le banc des rempla\u00e7antes.<\/p>\n<p><img decoding=\"async\" class=\"image \" loading=\"lazy\" src=\"https:\/\/www.europesays.com\/fr\/wp-content\/uploads\/2025\/09\/M6XCSB3RZREAXAEEQSNMZ4M4ZQ.jpg\" alt=\"\" align=\"\" data-rubrique-principale=\"\" data-article-type=\"\" fetchpriority=\"auto\"\/><\/p>\n<p class=\"paragraph text_align_left lp-f-body-02\">\u00ab Nous sommes plus l\u00e9g\u00e8res que les Sud-Africaines, a soulign\u00e9 la deuxi\u00e8me ligne Manae Feleu, co-capitaine avec la trois-quarts aile <a href=\"https:\/\/www.leparisien.fr\/sports\/rugby\/france-italie-nos-chemins-vont-se-separer-la-derniere-conquete-de-marine-menager-sans-sa-soeur-romane-22-08-2025-ZRMKJWOXE5CQDMMO5FWJZACBHM.php\" target=\"_self\" rel=\"nofollow noopener\">Marine M\u00e9nager.<\/a> Les quarante premi\u00e8res minutes vont \u00eatre rudes. Il faudra \u00eatre courageuses en d\u00e9fense. \u00bb Les Bleues devraient ensuite trouver des ouvertures face \u00e0 des adversaires tr\u00e8s statiques.<\/p>\n","protected":false},"excerpt":{"rendered":"C\u2019est une petite finale mine de rien. Et les Bleues en sont les grandes favorites face \u00e0 des&hellip;\n","protected":false},"author":2,"featured_media":372380,"comment_status":"","ping_status":"","sticky":false,"template":"","format":"standard","meta":{"footnotes":""},"categories":[4],"tags":[11,1011,27,12,25,479,60,30845],"class_list":{"0":"post-372379","1":"post","2":"type-post","3":"status-publish","4":"format-standard","5":"has-post-thumbnail","7":"category-france","8":"tag-actualites","9":"tag-fr","10":"tag-france","11":"tag-news","12":"tag-republique-francaise","13":"tag-rugby","14":"tag-sports","15":"tag-xv-france"},"share_on_mastodon":{"url":"https:\/\/pubeurope.com\/@fr\/115161610801501824","error":""},"_links":{"self":[{"href":"https:\/\/www.europesays.com\/fr\/wp-json\/wp\/v2\/posts\/372379","targetHints":{"allow":["GET"]}}],"collection":[{"href":"https:\/\/www.europesays.com\/fr\/wp-json\/wp\/v2\/posts"}],"about":[{"href":"https:\/\/www.europesays.com\/fr\/wp-json\/wp\/v2\/types\/post"}],"author":[{"embeddable":true,"href":"https:\/\/www.europesays.com\/fr\/wp-json\/wp\/v2\/users\/2"}],"replies":[{"embeddable":true,"href":"https:\/\/www.europesays.com\/fr\/wp-json\/wp\/v2\/comments?post=372379"}],"version-history":[{"count":0,"href":"https:\/\/www.europesays.com\/fr\/wp-json\/wp\/v2\/posts\/372379\/revisions"}],"wp:featuredmedia":[{"embeddable":true,"href":"https:\/\/www.europesays.com\/fr\/wp-json\/wp\/v2\/media\/372380"}],"wp:attachment":[{"href":"https:\/\/www.europesays.com\/fr\/wp-json\/wp\/v2\/media?parent=372379"}],"wp:term":[{"taxonomy":"category","embeddable":true,"href":"https:\/\/www.europesays.com\/fr\/wp-json\/wp\/v2\/categories?post=372379"},{"taxonomy":"post_tag","embeddable":true,"href":"https:\/\/www.europesays.com\/fr\/wp-json\/wp\/v2\/tags?post=372379"}],"curies":[{"name":"wp","href":"https:\/\/api.w.org\/{rel}","templated":true}]}}