{"id":372381,"date":"2025-09-07T06:33:12","date_gmt":"2025-09-07T06:33:12","guid":{"rendered":"https:\/\/www.europesays.com\/fr\/372381\/"},"modified":"2025-09-07T06:33:12","modified_gmt":"2025-09-07T06:33:12","slug":"une-victoire-a-tout-prix-pour-les-bleues-face-a-lafrique-du-sud","status":"publish","type":"post","link":"https:\/\/www.europesays.com\/fr\/372381\/","title":{"rendered":"\u00abune victoire \u00e0 tout prix\u00bb pour les Bleues face \u00e0 l&rsquo;Afrique du Sud"},"content":{"rendered":"<p>Ce dimanche, le XV de France affronte l\u2019Afrique du Sud pour le troisi\u00e8me et dernier match des poules. Une \u00abfinale\u00bb pour terminer en t\u00eate.<\/p>\n<p class=\"fig-paragraph\">C\u2019est l\u2019heure. Pour la finale de leur groupe face \u00e0 l&rsquo;Afrique du Sud dimanche, \u00e0 Northampton (Angleterre), ce sera \u00abvictoire \u00e0 tout prix\u00bb pour\u00a0<a href=\"http:\/\/www.lefigaro.fr\/sports\/rugby\/xv-de-france\/coupe-du-monde-feminine-de-rugby-six-changements-chez-les-bleues-premiere-pour-brosseau-et-retour-de-grisez-20250905\" target=\"_blank\" data-fig-type=\"NewsFlash\" rel=\"noopener\" data-gtm-custom-categorie=\"navigation\" data-gtm-custom-action=\"crossclick\" data-gtm-custom-label=\"Contextuel\" data-gtm-event=\"customEventSPE\" data-fig-domain=\"LEFIGARO\">les Bleues<\/a>, pour \u00abenvoyer un message\u00bb et \u00e9viter a priori d&rsquo;affronter les doubles championnes du monde n\u00e9o-z\u00e9landaises en quart de finale.<\/p>\n<p class=\"fig-paragraph\">Invaincues, comme les Boks Women, apr\u00e8s leurs victoires\u00a0<a href=\"http:\/\/www.lefigaro.fr\/sports\/rugby\/xv-de-france\/coupe-du-monde-feminine-de-rugby-les-bleues-lancent-parfaitement-leur-mondial-par-une-victoire-sur-l-italie-20250823\" target=\"_blank\" data-fig-type=\"NewsFlash\" rel=\"noopener\" data-gtm-custom-categorie=\"navigation\" data-gtm-custom-action=\"crossclick\" data-gtm-custom-label=\"Contextuel\" data-gtm-event=\"customEventSPE\" data-fig-domain=\"LEFIGARO\">contre les Italiennes<\/a>\u00a0(24-0) puis\u00a0<a href=\"http:\/\/www.lefigaro.fr\/sports\/rugby\/xv-de-france\/coupe-du-monde-feminine-de-rugby-carton-contre-le-bresil-qualification-pour-les-quarts-le-bel-apres-midi-du-xv-de-france-feminin-20250831\" target=\"_blank\" data-fig-type=\"NewsFlash\" rel=\"noopener\" data-gtm-custom-categorie=\"navigation\" data-gtm-custom-action=\"crossclick\" data-gtm-custom-label=\"Contextuel\" data-gtm-event=\"customEventSPE\" data-fig-domain=\"LEFIGARO\">les Br\u00e9siliennes<\/a>\u00a0(84-5), les Bleues seront dans l&rsquo;obligation de gagner pour finir en t\u00eate du groupe D, leur objectif affich\u00e9 au d\u00e9but de cette Coupe du monde, la faute au bonus offensif oubli\u00e9 contre l&rsquo;Italie.<\/p>\n<p>                                    <a class=\"fig-a11y-skip a11y-hidden\" href=\"#fig-a11y-skip-main-inarticle\"><br \/>\n        Passer la publicit\u00e9<br \/>\n    <\/a><\/p>\n<p class=\"fig-paragraph\">\u00c0 regarder les statistiques, la t\u00e2che pourrait sembler facile pour les joueuses de David Ortiz et Ga\u00eblle Mignot, dimanche \u00e0 17h45 (heure fran\u00e7aise): except\u00e9 un match nul (17-17) lors de leur premier duel, en 2009, les filles du XV de France, 4e mondiales, ont gagn\u00e9 largement leurs quatre affrontements suivants, dont un 40-5 lors de la Coupe du monde 2021 (jou\u00e9e en 2022) \u00e0 l&rsquo;Eden Park d&rsquo;Auckland.<\/p>\n<p class=\"fig-paragraph\">Mais les Sud-Africaines ont progress\u00e9 depuis, en t\u00e9moigne leur victoire surprise contre l&rsquo;Italie (29-24) lors de la deuxi\u00e8me journ\u00e9e. \u00abEn trois ans, beaucoup de choses se sont pass\u00e9es, on n&rsquo;aura pas la m\u00eame \u00e9quipe \u00e0 jouer ce week-end\u00bb, avertissait vendredi la co-s\u00e9lectionneuse Ga\u00eblle Mignot. Marque de fabrique du rugby springbok, les Boks Women, d\u00e9sormais 10e mondiales, ont notamment un paquet d&rsquo;avants d\u00e9vastateur, dans le sillage de leur N.8, Aseza Hele, quatre essais au compteur d\u00e9j\u00e0.<\/p>\n<p>\u00ab\u00catre courageuses\u00bb<\/p>\n<p class=\"fig-paragraph\">\u00abLeur pack nous met pas mal de kilos, on est une \u00e9quipe plus l\u00e9g\u00e8re\u00bb, reconna\u00eet Manae Feleu, deuxi\u00e8me ligne et co-capitaine des Bleues, craignant que \u00ables 20 voire 40 premi\u00e8res minutes\u00bb soient \u00abassez rudes\u00bb: \u00abIl va falloir \u00eatre courageuses en d\u00e9fense et sur les impacts, il ne faut surtout pas qu&rsquo;on l\u00e2che, le match va durer 80 minutes\u00bb.<\/p>\n<p class=\"fig-paragraph\">Pour contourner une \u00e9quipe sud-africaine tr\u00e8s massive, les Bleues ont opt\u00e9 pour une \u00abcomposition strat\u00e9gique\u00bb, dixit David Ortiz, avec beaucoup de vitesse c\u00f4t\u00e9 trois-quarts, les jambes de feu de Joanna Grisez \u00e0 l&rsquo;aile ou les relances de folie d&rsquo;Emilie Boulard \u00e0 l&rsquo;arri\u00e8re. \u00abIl faudra aller chercher des espaces et jouer dans les intervalles\u00bb, expliquait vendredi Ga\u00eblle Mignot.<\/p>\n<p class=\"fig-paragraph\">Une certitude, pour Manae Feleu, une d\u00e9faite dimanche serait un \u00e9chec pour les Bleues: \u00abOn est une \u00e9quipe du top 4, il faut qu&rsquo;on affirme notre statut, qu&rsquo;on envoie un message aux autres \u00e9quipes\u00bb, insistait-elle vendredi.<\/p>\n<blockquote class=\"fig-quote&#10;    \">\n<p class=\"fig-quote__text\">\u00ab L\u2019objectif reste la premi\u00e8re place, c\u2019est non n\u00e9gociable\u00a0\u00bb<\/p>\n<p>            David Ortiz, co-s\u00e9lectionneur\n    <\/p><\/blockquote>\n<p>                                    <a class=\"fig-a11y-skip a11y-hidden\" href=\"#fig-a11y-skip-main-inarticle_mtf\"><br \/>\n        Passer la publicit\u00e9<br \/>\n    <\/a><\/p>\n<p class=\"fig-paragraph\">Et pourquoi pas, au passage, s&rsquo;\u00e9viter les Black Ferns en quarts de finale, qui devraient s&rsquo;imposer face \u00e0 l&rsquo;Irlande dans leur finale du groupe C, dimanche en d\u00e9but d&rsquo;apr\u00e8s-midi, m\u00eame si Ga\u00eblle Mignot refuse ce genre de sp\u00e9culations. \u00abLa victoire \u00e0 tout prix, ce n&rsquo;est pas pour savoir quel adversaire on va jouer. Il ne faut pas oublier que les Irlandaises ont battu les \u2019\u2019N\u00e9o-Zed\u2019\u2019 sur le dernier WXV (\u00e0 l&rsquo;automne 2024). Ce qui est s\u00fbr, c&rsquo;est que nous, on est d\u00e9termin\u00e9es \u00e0 finir premi\u00e8res, et on fera le bilan dimanche soir\u00bb.<\/p>\n<p class=\"fig-paragraph\">\u00abL\u2019objectif reste la premi\u00e8re place, c\u2019est non n\u00e9gociable\u00bb, insistait encore David Ortiz samedi, apr\u00e8s le dernier entra\u00eenement des Bleues sur la pelouse de Franklin\u2019s Gardens, \u00e0 Northampton.<\/p>\n<p class=\"fig-paragraph\">\u00ab\u00c7a reste une Coupe du Monde, si on veut \u00eatre champion du monde, il faudra battre tout le monde\u00bb, a ass\u00e9n\u00e9 Joanna Grisez samedi: \u00abOn ne va pas commencer \u00e0 s\u2019amuser \u00e0 se dire \u2019\u2019bon, et si on perdait celui-l\u00e0, qu\u2019est-ce que \u00e7a donnerait\u00a0?\u2019\u2019 On veut montrer qu\u2019on est capable de battre tout le monde, et avec beaucoup de points\u00bb.<\/p>\n","protected":false},"excerpt":{"rendered":"Ce dimanche, le XV de France affronte l\u2019Afrique du Sud pour le troisi\u00e8me et dernier match des poules.&hellip;\n","protected":false},"author":2,"featured_media":372382,"comment_status":"","ping_status":"","sticky":false,"template":"","format":"standard","meta":{"footnotes":""},"categories":[1416],"tags":[13070,1011,27,479,12042,1468,60],"class_list":{"0":"post-372381","1":"post","2":"type-post","3":"status-publish","4":"format-standard","5":"has-post-thumbnail","7":"category-rugby","8":"tag-coupe-du-monde-de-rugby-feminine","9":"tag-fr","10":"tag-france","11":"tag-rugby","12":"tag-rugby-feminin","13":"tag-rugby-football","14":"tag-sports"},"share_on_mastodon":{"url":"https:\/\/pubeurope.com\/@fr\/115161622347472618","error":""},"_links":{"self":[{"href":"https:\/\/www.europesays.com\/fr\/wp-json\/wp\/v2\/posts\/372381","targetHints":{"allow":["GET"]}}],"collection":[{"href":"https:\/\/www.europesays.com\/fr\/wp-json\/wp\/v2\/posts"}],"about":[{"href":"https:\/\/www.europesays.com\/fr\/wp-json\/wp\/v2\/types\/post"}],"author":[{"embeddable":true,"href":"https:\/\/www.europesays.com\/fr\/wp-json\/wp\/v2\/users\/2"}],"replies":[{"embeddable":true,"href":"https:\/\/www.europesays.com\/fr\/wp-json\/wp\/v2\/comments?post=372381"}],"version-history":[{"count":0,"href":"https:\/\/www.europesays.com\/fr\/wp-json\/wp\/v2\/posts\/372381\/revisions"}],"wp:featuredmedia":[{"embeddable":true,"href":"https:\/\/www.europesays.com\/fr\/wp-json\/wp\/v2\/media\/372382"}],"wp:attachment":[{"href":"https:\/\/www.europesays.com\/fr\/wp-json\/wp\/v2\/media?parent=372381"}],"wp:term":[{"taxonomy":"category","embeddable":true,"href":"https:\/\/www.europesays.com\/fr\/wp-json\/wp\/v2\/categories?post=372381"},{"taxonomy":"post_tag","embeddable":true,"href":"https:\/\/www.europesays.com\/fr\/wp-json\/wp\/v2\/tags?post=372381"}],"curies":[{"name":"wp","href":"https:\/\/api.w.org\/{rel}","templated":true}]}}