{"id":372383,"date":"2025-09-07T06:34:20","date_gmt":"2025-09-07T06:34:20","guid":{"rendered":"https:\/\/www.europesays.com\/fr\/372383\/"},"modified":"2025-09-07T06:34:20","modified_gmt":"2025-09-07T06:34:20","slug":"us-open-concernant-sa-carriere-alcaraz-veut-suivre-le-precieux-conseil-dun-certain-roger-federer-2","status":"publish","type":"post","link":"https:\/\/www.europesays.com\/fr\/372383\/","title":{"rendered":"US Open > Concernant sa carri\u00e8re, Alcaraz veut suivre le pr\u00e9cieux conseil d&rsquo;un certain Roger Federer"},"content":{"rendered":"<p>Interrog\u00e9 sur la long\u00e9\u00advit\u00e9 de son adver\u00adsaire du soir, Carlos Alcaraz a r\u00e9v\u00e9l\u00e9 un pr\u00e9cieux conseil qu\u2019il a re\u00e7u de la part de Roger Federer. C\u2019est quand on d\u00e9couvre ce genre d\u2019in\u00adfor\u00adma\u00adtions que l\u2019on comprend pour\u00adquoi les cham\u00adpions expliquent toujours que les discus\u00adsions avec des pairs sont impor\u00adtantes et souvent d\u00e9cisives.<\/p>\n<p><strong>\u00ab\u202fUne personne m\u2019a dit un jour que tu ne dois pas penser \u00e0 35 ou 38 ans, \u00e0 jouer encore \u00e0 cet \u00e2ge. Il m\u2019a dit que tu dois te concen\u00adtrer sur les cinq prochaines ann\u00e9es, d\u2019ici \u00e0 mes 27 ans. Et ensuite, quand j\u2019aurai 27 ans, penser aux cinq ann\u00e9es suivantes. Donc, il ne s\u2019agit pas de penser \u00e0 15 ou 20\u00a0ans\u202f\u00bb<\/strong><\/p>\n<p class=\"post-published-date\" style=\"color: silver; font-size: 75%; text-align: left;\">Publi\u00e9 le samedi 6 septembre 2025 \u00e0 08:45<\/p>\n","protected":false},"excerpt":{"rendered":"Interrog\u00e9 sur la long\u00e9\u00advit\u00e9 de son adver\u00adsaire du soir, Carlos Alcaraz a r\u00e9v\u00e9l\u00e9 un pr\u00e9cieux conseil qu\u2019il a&hellip;\n","protected":false},"author":2,"featured_media":366378,"comment_status":"","ping_status":"","sticky":false,"template":"","format":"standard","meta":{"footnotes":""},"categories":[1415],"tags":[1744,2199,1011,27,60,1467],"class_list":{"0":"post-372383","1":"post","2":"type-post","3":"status-publish","4":"format-standard","5":"has-post-thumbnail","7":"category-tennis","8":"tag-alcaraz","9":"tag-federer","10":"tag-fr","11":"tag-france","12":"tag-sports","13":"tag-tennis"},"share_on_mastodon":{"url":"https:\/\/pubeurope.com\/@fr\/115161626262029948","error":""},"_links":{"self":[{"href":"https:\/\/www.europesays.com\/fr\/wp-json\/wp\/v2\/posts\/372383","targetHints":{"allow":["GET"]}}],"collection":[{"href":"https:\/\/www.europesays.com\/fr\/wp-json\/wp\/v2\/posts"}],"about":[{"href":"https:\/\/www.europesays.com\/fr\/wp-json\/wp\/v2\/types\/post"}],"author":[{"embeddable":true,"href":"https:\/\/www.europesays.com\/fr\/wp-json\/wp\/v2\/users\/2"}],"replies":[{"embeddable":true,"href":"https:\/\/www.europesays.com\/fr\/wp-json\/wp\/v2\/comments?post=372383"}],"version-history":[{"count":0,"href":"https:\/\/www.europesays.com\/fr\/wp-json\/wp\/v2\/posts\/372383\/revisions"}],"wp:featuredmedia":[{"embeddable":true,"href":"https:\/\/www.europesays.com\/fr\/wp-json\/wp\/v2\/media\/366378"}],"wp:attachment":[{"href":"https:\/\/www.europesays.com\/fr\/wp-json\/wp\/v2\/media?parent=372383"}],"wp:term":[{"taxonomy":"category","embeddable":true,"href":"https:\/\/www.europesays.com\/fr\/wp-json\/wp\/v2\/categories?post=372383"},{"taxonomy":"post_tag","embeddable":true,"href":"https:\/\/www.europesays.com\/fr\/wp-json\/wp\/v2\/tags?post=372383"}],"curies":[{"name":"wp","href":"https:\/\/api.w.org\/{rel}","templated":true}]}}