{"id":372384,"date":"2025-09-07T06:36:12","date_gmt":"2025-09-07T06:36:12","guid":{"rendered":"https:\/\/www.europesays.com\/fr\/372384\/"},"modified":"2025-09-07T06:36:12","modified_gmt":"2025-09-07T06:36:12","slug":"une-petite-erreur-lourde-de-consequences-pour-alex-marquez","status":"publish","type":"post","link":"https:\/\/www.europesays.com\/fr\/372384\/","title":{"rendered":"\u00ab Une petite erreur \u00bb lourde de cons\u00e9quences pour \u00c1lex M\u00e1rquez"},"content":{"rendered":"<p>Parti pour s\u2019imposer \u00e0 domicile devant son fr\u00e8re Marc, qui a avou\u00e9 qu\u2019il ne pouvait rien face au pilote de la Ducati n\u00b073 du Gresini Racing, \u00c1lex M\u00e1rquez a termin\u00e9 son Sprint du Grand Prix de Catalogne au sol. \u00c0 quatre tours de l\u2019arriv\u00e9e, c\u2019est \u00e0 l\u2019entr\u00e9e du virage n\u00b010 que le cadet des fr\u00e8res M\u00e1rquez a chut\u00e9, laissant son a\u00een\u00e9 prendre les douze points de la victoire.<\/p>\n<p>Alors qu\u2019il avait creus\u00e9 l\u2019\u00e9cart sur le leader du championnat du monde, le pilote Gresini a expliqu\u00e9 avoir roul\u00e9 trop en confiance, rel\u00e2chant sans doute un peu trop son effort et sa concentration. La cons\u00e9quence fut lourde sur une piste qui manque traditionnellement de grip.<\/p>\n<p>\u00ab J\u2019\u00e9tais trop confiant, trop relax\u00e9 \u00e0 cet instant \u00bb, a-t-il expliqu\u00e9 au site officiel du <a href=\"https:\/\/www.autohebdo.fr\/actualites\/motogp\" data-internallinksmanager029f6b8e52c=\"4\" title=\"MotoGP\" target=\"_blank\" rel=\"noopener\">MotoGP<\/a>. \u00ab J\u2019ai attaqu\u00e9 jusqu\u2019\u00e0 deux ou trois tours avant cela, et puis j\u2019ai commenc\u00e9 \u00e0 g\u00e9rer l\u2019\u00e9cart avec Marc. Quand vous \u00eates tr\u00e8s en confiance avec la moto, presque trop confiant, vous n\u2019imaginez m\u00eame pas que la chute puisse \u00eatre une possibilit\u00e9. J\u2019\u00e9tais tr\u00e8s rapide, j\u2019\u00e9tais proche de la limite, et une petite erreur m\u2019a c\u00f4t\u00e9 tr\u00e8s cher. Nous avons une superbe opportunit\u00e9 devant nous dimanche, avec une nouvelle pole position, et je vais essayer de saisir l\u2019opportunit\u00e9. Il va falloir utiliser le warm-up pour retrouver de bonnes sensations et puis attaquer de nouveau en course. \u00bb<\/p>\n<p>Extr\u00eamement d\u00e9\u00e7u d\u2019avoir chut\u00e9 devant les siens, \u00c1lex M\u00e1rquez est parvenu \u00e0 rapidement relativiser, afin de se concentrer sur le gros morceau du week-end, le Grand Prix de <strong><a href=\"https:\/\/www.autohebdo.fr\/actualites\/motogp\/le-programme-du-gp-de-catalogne-2025-de-motogp.html\" target=\"_blank\" rel=\"noopener\">dimanche, \u00e0 partir de 14h<\/a><\/strong>. Avec une confiance toujours au sommet, le n\u00b073 ne voit personne capable de rivaliser avec lui, hormis son fr\u00e8re bien s\u00fbr.<\/p>\n<p>\u00ab C\u2019est douloureux, mais je ne peux rien y changer, je peux simplement apprendre de cette erreur. Si \u00e7a arrivait le dimanche, \u00e7a serait plus douloureux. Nous avons de nouveau une belle opportunit\u00e9 devant nous et nous ne pouvons pas perdre de temps en repensant \u00e0 ce samedi. Je pense que nous avons le meilleur rythme, je sais que Marc sera tr\u00e8s proche mais il faudra rester concentr\u00e9. Si je prends un bon d\u00e9part, je vais essayer d\u2019imprimer mon rythme comme aujourd\u2019hui, tout contr\u00f4ler, et \u00e0 partir de ce moment, essayer de ne pas perdre la concentration. \u00bb<\/p>\n<p><strong>\u00c0 LIRE AUSSI &gt; <a href=\"https:\/\/www.autohebdo.fr\/actualites\/motogp\/marc-marquez-alex-avait-le-meilleur-rythme.html\" target=\"_blank\" rel=\"noopener\">Marc M\u00e1rquez : \u00ab \u00c1lex avait le meilleur rythme \u00bb<\/a><\/strong><\/p>\n","protected":false},"excerpt":{"rendered":"Parti pour s\u2019imposer \u00e0 domicile devant son fr\u00e8re Marc, qui a avou\u00e9 qu\u2019il ne pouvait rien face au&hellip;\n","protected":false},"author":2,"featured_media":372058,"comment_status":"","ping_status":"","sticky":false,"template":"","format":"standard","meta":{"footnotes":""},"categories":[1413],"tags":[4267,50608,1011,27,50609,1457,1456,1458,60],"class_list":{"0":"post-372384","1":"post","2":"type-post","3":"status-publish","4":"format-standard","5":"has-post-thumbnail","7":"category-moto","8":"tag-alex-marquez","9":"tag-ducati-gresini","10":"tag-fr","11":"tag-france","12":"tag-grand-prix-de-catalogne","13":"tag-moto","14":"tag-motocycle","15":"tag-motogp","16":"tag-sports"},"share_on_mastodon":{"url":"https:\/\/pubeurope.com\/@fr\/115161634390027412","error":""},"_links":{"self":[{"href":"https:\/\/www.europesays.com\/fr\/wp-json\/wp\/v2\/posts\/372384","targetHints":{"allow":["GET"]}}],"collection":[{"href":"https:\/\/www.europesays.com\/fr\/wp-json\/wp\/v2\/posts"}],"about":[{"href":"https:\/\/www.europesays.com\/fr\/wp-json\/wp\/v2\/types\/post"}],"author":[{"embeddable":true,"href":"https:\/\/www.europesays.com\/fr\/wp-json\/wp\/v2\/users\/2"}],"replies":[{"embeddable":true,"href":"https:\/\/www.europesays.com\/fr\/wp-json\/wp\/v2\/comments?post=372384"}],"version-history":[{"count":0,"href":"https:\/\/www.europesays.com\/fr\/wp-json\/wp\/v2\/posts\/372384\/revisions"}],"wp:featuredmedia":[{"embeddable":true,"href":"https:\/\/www.europesays.com\/fr\/wp-json\/wp\/v2\/media\/372058"}],"wp:attachment":[{"href":"https:\/\/www.europesays.com\/fr\/wp-json\/wp\/v2\/media?parent=372384"}],"wp:term":[{"taxonomy":"category","embeddable":true,"href":"https:\/\/www.europesays.com\/fr\/wp-json\/wp\/v2\/categories?post=372384"},{"taxonomy":"post_tag","embeddable":true,"href":"https:\/\/www.europesays.com\/fr\/wp-json\/wp\/v2\/tags?post=372384"}],"curies":[{"name":"wp","href":"https:\/\/api.w.org\/{rel}","templated":true}]}}