{"id":372389,"date":"2025-09-07T06:39:12","date_gmt":"2025-09-07T06:39:12","guid":{"rendered":"https:\/\/www.europesays.com\/fr\/372389\/"},"modified":"2025-09-07T06:39:12","modified_gmt":"2025-09-07T06:39:12","slug":"national-3-les-resultats-de-la-troisieme-journee","status":"publish","type":"post","link":"https:\/\/www.europesays.com\/fr\/372389\/","title":{"rendered":"National 3. Les r\u00e9sultats de la troisi\u00e8me journ\u00e9e"},"content":{"rendered":"<p><img loading=\"lazy\" decoding=\"async\" width=\"696\" height=\"420\" class=\"lazyload entry-thumb\" src=\"https:\/\/www.europesays.com\/fr\/wp-content\/uploads\/2025\/09\/N3-Hauts-Lyonnais-Bourgoin-Jallieu-696x420.jpg\" alt=\"N3 Hauts Lyonnais - Bourgoin-Jallieu\" title=\"N3 Hauts Lyonnais - Bourgoin-Jallieu\"\/>FC Bourgoin-Jallieu &#8211; Hauts Lyonnais en amical cet \u00e9t\u00e9. (Photo Laurent Barou)<\/p>\n<p style=\"font-size:20px\"><strong>Avant d\u2019entrer en lice en coupe de France le 13 et le 14 septembre, c\u2019est la troisi\u00e8me journ\u00e9e de championnat pour les clubs de National 3.<\/strong><\/p>\n<p><strong>GROUPE A<br \/>Samedi 6 septembre 2025<br \/>17 heures<br \/><\/strong>Toulouse FC 2 \u2013 Pau FC 2 : 2-0<br \/><strong>18 heures<br \/><\/strong>RCO Agde \u2013 US Colomiers : 1-2<br \/>Blagnac FC \u2013 FC Bassin d\u2019Arcachon : 1-1<br \/>Tarbes Pyr\u00e9n\u00e9es Football \u2013 Anglet Genets Foot : 2-0<br \/><strong>19 heures<br \/><\/strong>Canet-Roussillon FC \u2013 Alb\u00e8res \/ Argeles : 0-0<br \/>US L\u00e8ge Cap Ferret \u2013 US Castanet-Tolosan : 0-0<br \/><strong>Dimanche 7 septembre 2025<br \/>15 heures<\/strong><br \/>SAG Cestas \u2013 Onet-le-Ch\u00e2teau Football<\/p>\n<p><strong>GROUPE B<br \/>Samedi 6 septembre 2025<br \/>18 heures<br \/><\/strong>Vend\u00e9e Fontenay Foot \u2013 Les Sables Vend\u00e9e Foot : 3-1<br \/>Angers SCO 2 \u2013 FC Challans : 2-3<br \/>La Berrichonne Ch\u00e2teauroux 2 \u2013 AS Panazol : 2-3<br \/>Union Foot Touraine \u2013 AS La Ch\u00e2taigneraie : 1-1<br \/>USSA Vertou \u2013 Vend\u00e9e Le Poir\u00e9-sur-Vie Football : 0-2<br \/><strong>18 heures 30<br \/><\/strong>SO Ch\u00e2tellerault \u2013 US Saint-Philbert-de-Grand-Lieu : 0-1<br \/><strong>Dimanche 7 septembre 2025<br \/>15 heures<br \/><\/strong>FC Nantes 2 \u2013 US Chauvigny<\/p>\n<p><strong>GROUPE C<br \/>Samedi 6 septembre 2025<br \/>17 heures<br \/><\/strong>Vannes OC \u2013 AF Virois : 1-1<br \/>EA Guingamp 2 \u2013 Lannion FC : 1-0<br \/><strong>18 heures<br \/><\/strong>AS Vitr\u00e9 \u2013 GSI Pontivy : 1-1<br \/>Stade Lavallois MFC 2 \u2013 OC Cesson-S\u00e9vign\u00e9 : 0-1<br \/>Stade Rennais FC 2 \u2013 US Alen\u00e7on 61 : 3-4<br \/><strong>18 heures 30<br \/><\/strong>US Foug\u00e8res \u2013 Ergu\u00e9 Gab\u00e9ric Paotred Dispount : 2-0<br \/>Stade Brestois 2 \u2013 La Saint-Pierre de Milizac : 2-3<\/p>\n<p><strong>GROUPE D<br \/>Samedi 6 septembre 2025<br \/>16 heures<br \/><\/strong>FCM Aubervilliers \u2013 Racing Club de France : 0-4<br \/><strong>16 heures 30<br \/><\/strong>FC Versailles 78 2 \u2013 C\u2019Chartres Football : 2-2<br \/><strong>18 heures<br \/><\/strong>SC Bastia 2 \u2013 FCS Br\u00e9tigny<br \/>ESA Linas-Monthl\u00e9ry \u2013 SU Dives-Cabourg FB : 2-0<br \/>CMS Oissel \u2013 SM Caen 2 : 0-2<br \/>Sainte-Genevi\u00e8ve FC \u2013 AS Saint-Ouen L\u2019Aum\u00f4ne : 0-1<br \/>AS Deauville-Trouville-Villers \u2013 Le Havre Caucriauville : 0-1<\/p>\n<p><strong>&gt;&gt;&gt; A lire aussi\u2026<br \/><a href=\"https:\/\/footamateur.ouest-france.fr\/coupe-de-france-3e-tour-le-tirage-des-clubs-de-national-3\/\" target=\"_blank\" rel=\"noreferrer noopener nofollow\">Coupe de France (3e tour). Le tirage des clubs de National 3<\/a><\/strong><\/p>\n<p><strong>GROUPE E<br \/>Samedi 6 septembre 2025<br \/>16 heures<br \/><\/strong>Amiens SC 2 \u2013 Lille OSC 2 : 2-1<br \/><strong>17 heures<br \/><\/strong>SFC Neuilly-sur-Marne \u2013 JA Drancy : 0-3<br \/>Stade de Reims 2 \u2013 Croix Iris Football : 0-2<br \/><strong>18 heures<br \/><\/strong>FC Balagne \u2013 US Vimy : 1-1<br \/>Charleville-Prix OAM \u2013 US Pays de Cassel : 2-1<br \/>Olympique Saint-Quentin \u2013 US Le Pays de Valois : 1-1<br \/><strong>19 heures<br \/><\/strong>FC Metz 2 \u2013 Gazelec Ajaccio : 1-2<\/p>\n<p><strong>GROUPE F<br \/>Samedi 6 septembre 2025<br \/>18 heures<br \/><\/strong>ASM Belfort FC \u2013 ES Thaon-les-Vosges : 1-0<br \/>ESTAC Troyes 2 \u2013 FC Chalon : 2-0<br \/>Racing Besan\u00e7on \u2013 Besan\u00e7on Football : 2-0<br \/>Jura Dolois Football \u2013 FC Mulhouse : 5-2<br \/>CA Pontarlier \u2013 Evian Thonon Grand Gen\u00e8ve FC : 0-3<br \/><strong>Dimanche 7 septembre 2025<br \/>15 heures<br \/><\/strong>FC Sochaux-Montb\u00e9liard 2 \u2013 US Ivry Football<br \/>RC Strasbourg Alsace 2 \u2013 US Torcy PVM<\/p>\n<p><strong>&gt;&gt;&gt; A lire aussi\u2026<br \/><a href=\"https:\/\/footamateur.ouest-france.fr\/national-3-les-resultats-de-la-deuxieme-journee-2025\/\" target=\"_blank\" rel=\"noreferrer noopener nofollow\">National 3. Les r\u00e9sultats de la deuxi\u00e8me journ\u00e9e<\/a><\/strong><\/p>\n<p><strong>GROUPE G<br \/>Samedi 6 septembre 2025<br \/>16 heures<br \/><\/strong>AJ Auxerre 2 \u2013 UCS Cosne Football : 4-3<br \/><strong>17 heures 30<br \/><\/strong>US Feurs \u2013 Macon 71 : 2-1<br \/><strong>18 heures<br \/><\/strong>SO Romorantin \u2013 Hauts Lyonnais : 1-1<br \/>Dijon FCO 2 \u2013 Jura Sud Foot : 3-1<br \/><strong>18 heures 30<br \/><\/strong>US Orl\u00e9ans Loiret 2 \u2013 AS Saint-Etienne 2 : 2-0<br \/>Vierzon FC \u2013 Saran FC : 5-2<br \/><strong>19 heures<br \/><\/strong>FC Chamali\u00e8res \u2013 Moulins Yzeure Foot : 1-1<\/p>\n<p><strong>GROUPE H<br \/>Vendredi 5 septembre 2025<br \/>19 heures<br \/><\/strong>Olympique Al\u00e8s-en-C\u00e9vennes \u2013 FC Bourgoin-Jallieu : 2-2<br \/><strong>Samedi 6 septembre 2025<br \/>16 heures 30<br \/><\/strong>Montpellier HSC 2 \u2013 AC Seyssinet : 2-0<br \/><strong>17 heures<br \/><\/strong>Carnoux FC \u2013 Stade Beaucaire FC : 0-0<br \/><strong>17 heures 30<br \/><\/strong>ES Fos-sur-Mer \u2013 Gallia Club Lucciana : 1-3<br \/><strong>18 heures<br \/><\/strong>ASPTT Dijon \u2013 ES Cannet-Rocheville : 0-2<br \/>Olympique Lyonnais 2 \u2013 Riviera FC : 3-2<br \/>Olympique de Marseille 2 \u2013 Lyon La Duch\u00e8re : 1-0<\/p>\n<p><a href=\"https:\/\/footamateur.ouest-france.fr\/author\/fred\/\" class=\"url\" title=\"Fr\u00e9d\u00e9ric Sougey\" rel=\"nofollow noopener\" target=\"_blank\"> <img decoding=\"async\" src=\"https:\/\/www.europesays.com\/fr\/wp-content\/uploads\/2025\/04\/gnlpcfya_400x400.jpg\" class=\"lazyload photo\" width=\"250\" alt=\"Fr\u00e9d\u00e9ric Sougey\"\/><\/a><\/p>\n<p>Journaliste chez Sports M\u00e9dia<\/p>\n<p>Elev\u00e9 au c\u0153ur des Alpes, Fred quitte (temporairement) son Grenoble ador\u00e9 pour pr\u00eater sa plume et son regard au monde amateur et plus particuli\u00e8rement au Championnat National dont il est un assidu observateur. Fan de tartiflette, de Karim Mokeddem et de Mulholland Drive. Les bonnes choses de la vie, en somme.<\/p>\n<p><a href=\"https:\/\/footamateur.ouest-france.fr\/author\/fred\/\" class=\"url\" title=\"Fr\u00e9d\u00e9ric Sougey\" rel=\"nofollow noopener\" target=\"_blank\"><img decoding=\"async\" src=\"https:\/\/www.europesays.com\/fr\/wp-content\/uploads\/2025\/04\/gnlpcfya_400x400.jpg\" class=\"lazyload photo\" width=\"250\" alt=\"Fr\u00e9d\u00e9ric Sougey\"\/><\/a>Les derniers articles par Fr\u00e9d\u00e9ric Sougey (<a href=\"https:\/\/footamateur.ouest-france.fr\/author\/fred\/\" rel=\"nofollow noopener\" target=\"_blank\">tout voir<\/a>)<\/p>\n","protected":false},"excerpt":{"rendered":"FC Bourgoin-Jallieu &#8211; Hauts Lyonnais en amical cet \u00e9t\u00e9. (Photo Laurent Barou) Avant d\u2019entrer en lice en coupe&hellip;\n","protected":false},"author":2,"featured_media":372390,"comment_status":"","ping_status":"","sticky":false,"template":"","format":"standard","meta":{"footnotes":""},"categories":[1410],"tags":[63,1011,27,60],"class_list":{"0":"post-372389","1":"post","2":"type-post","3":"status-publish","4":"format-standard","5":"has-post-thumbnail","7":"category-football","8":"tag-football","9":"tag-fr","10":"tag-france","11":"tag-sports"},"share_on_mastodon":{"url":"https:\/\/pubeurope.com\/@fr\/115161646490698927","error":""},"_links":{"self":[{"href":"https:\/\/www.europesays.com\/fr\/wp-json\/wp\/v2\/posts\/372389","targetHints":{"allow":["GET"]}}],"collection":[{"href":"https:\/\/www.europesays.com\/fr\/wp-json\/wp\/v2\/posts"}],"about":[{"href":"https:\/\/www.europesays.com\/fr\/wp-json\/wp\/v2\/types\/post"}],"author":[{"embeddable":true,"href":"https:\/\/www.europesays.com\/fr\/wp-json\/wp\/v2\/users\/2"}],"replies":[{"embeddable":true,"href":"https:\/\/www.europesays.com\/fr\/wp-json\/wp\/v2\/comments?post=372389"}],"version-history":[{"count":0,"href":"https:\/\/www.europesays.com\/fr\/wp-json\/wp\/v2\/posts\/372389\/revisions"}],"wp:featuredmedia":[{"embeddable":true,"href":"https:\/\/www.europesays.com\/fr\/wp-json\/wp\/v2\/media\/372390"}],"wp:attachment":[{"href":"https:\/\/www.europesays.com\/fr\/wp-json\/wp\/v2\/media?parent=372389"}],"wp:term":[{"taxonomy":"category","embeddable":true,"href":"https:\/\/www.europesays.com\/fr\/wp-json\/wp\/v2\/categories?post=372389"},{"taxonomy":"post_tag","embeddable":true,"href":"https:\/\/www.europesays.com\/fr\/wp-json\/wp\/v2\/tags?post=372389"}],"curies":[{"name":"wp","href":"https:\/\/api.w.org\/{rel}","templated":true}]}}