{"id":372391,"date":"2025-09-07T06:40:11","date_gmt":"2025-09-07T06:40:11","guid":{"rendered":"https:\/\/www.europesays.com\/fr\/372391\/"},"modified":"2025-09-07T06:40:11","modified_gmt":"2025-09-07T06:40:11","slug":"donald-et-melania-trump-leur-fils-barron-a-disparu-des-radars-son-absence-interpelle","status":"publish","type":"post","link":"https:\/\/www.europesays.com\/fr\/372391\/","title":{"rendered":"Donald et Melania Trump : leur fils Barron a disparu des radars, son absence interpelle"},"content":{"rendered":"<p>O\u00f9 est pass\u00e9 <a href=\"https:\/\/www.closermag.fr\/politique\/barron-trump-ca-parle-mariage-pour-le-fils-de-donald-et-melania-trump-et-avec-une-star-controversee-3569976\" rel=\"nofollow noopener\" target=\"_blank\"><br \/>\nBarron Trump<\/a> ? Barron William Trump, 19 ans, n\u00e9 le 20 mars 2006<br \/>\n\u00e0 New York, est le fils unique de <a href=\"https:\/\/www.closermag.fr\/politique\/donald-trump-mort-oui-de-terribles-tragedies-se-produisent-cette-phrase-de-son-vice-president-qui-relance-les-rumeurs-3574591\" rel=\"nofollow noopener\" target=\"_blank\"><br \/>\nDonald Trump<\/a> et Melania Trump, et le plus jeune des cinq<br \/>\nenfants du pr\u00e9sident am\u00e9ricain. Selon la presse am\u00e9ricaine,<br \/>\n<strong>le jeune homme a disparu des radars<\/strong>. Il devait<br \/>\nfaire sa rentr\u00e9e \u00e0 la Stern School of Business, <strong>sur le<br \/>\ncampus de l\u2019universit\u00e9 de New York, la NYU<\/strong>, \u00e0 Greenwich<br \/>\nVillage. Mais ni lui, ni ses gardes du corps, n&rsquo;ont \u00e9t\u00e9 aper\u00e7us en<br \/>\nce d\u00e9but septembre.<\/p>\n<p>S&rsquo;est-il volatilis\u00e9 ? A-t-il abandonn\u00e9 ? Pr\u00e9pare-t-il sa<br \/>\ncarri\u00e8re en politique, comme <a href=\"https:\/\/www.closermag.fr\/people\/louis-sarkozy-un-brin-exhibitionniste-presque-nu-en-boxer-devant-les-cameras-du-jamais-vu-pour-le-frere-de-giulia-3575804\" rel=\"nofollow noopener\" target=\"_blank\"><br \/>\nLouis Sarkozy<\/a> ? Ou compte-t-il jouir de la fortune qu&rsquo;il aurait<br \/>\n(d\u00e9j\u00e0) b\u00e2tie ? Selon un rapport \u00e9voqu\u00e9 par le <a href=\"https:\/\/nypost.com\/2025\/09\/05\/us-news\/barron-trump-doing-a-semester-at-different-nyu-campus-report\/\" rel=\"nofollow noopener\" target=\"_blank\"><br \/>\nNew York Post<\/a>, <strong>l&rsquo;\u00e9tudiant aurait peut-\u00eatre r\u00e9colt\u00e9 des<br \/>\nmillions de dollars gr\u00e2ce \u00e0 la vente de jetons<br \/>\ncryptographiques<\/strong>.<\/p>\n<p>Barron Trump a-t-il vraiment gagn\u00e9 40 millions de dollars par<br \/>\nlui-m\u00eame ?<\/p>\n<p><a href=\"https:\/\/www.closermag.fr\/politique\/classe-x-barron-trump-en-couple-et-ils-ne-sont-pas-que-deux-dans-la-relation-3552489\" rel=\"nofollow noopener\" target=\"_blank\"><br \/>\nLe plus jeune fils du 47e pr\u00e9sident<\/a> aurait pu acqu\u00e9rir<br \/>\npr\u00e9cis\u00e9ment la <strong>coquette somme de 40 millions de<br \/>\ndollars<\/strong> (25 millions de dollars apr\u00e8s imp\u00f4ts) gr\u00e2ce \u00e0 la<br \/>\nvente d&rsquo;actifs num\u00e9riques par World Liberty Financial, l&rsquo;entreprise<br \/>\nfamiliale Trump lanc\u00e9e il y a neuf mois apr\u00e8s que Barron ait<br \/>\npersuad\u00e9 son p\u00e8re des avantages de la cryptographie, <a href=\"https:\/\/www.forbes.com.au\/news\/billionaires\/how-barron-trump-may-have-earned-40-million-from-his-dads-crypto-venture\/\" target=\"_blank\" rel=\"noopener nofollow\">a rapport\u00e9 Forbes<\/a>\u00a0en<br \/>\njuin.<\/p>\n<p>Mais la plus grande probabilit\u00e9 se trouve ailleurs. Certains<br \/>\njournaux am\u00e9ricains affirment qu&rsquo;il effectue tout simplement<br \/>\n<strong>actuellement un semestre sur un autre campus de<br \/>\nl\u2019universit\u00e9 de New York.<\/strong> Les responsables ont cependant<br \/>\nrefus\u00e9 de donner plus de d\u00e9tails sur le campus vers lequel il<br \/>\naurait \u00e9t\u00e9 transf\u00e9r\u00e9. Ils invoquent des pr\u00e9occupations en mati\u00e8re<br \/>\nde confidentialit\u00e9. Et ce, bien que NYU soit un r\u00e9seau mondial<br \/>\ncomptant plusieurs autres sites aux \u00c9tats-Unis et \u00e0 l&rsquo;\u00e9tranger.<\/p>\n<p>Melania Trump, maman tr\u00e8s couvante avec<br \/>\nson fils<\/p>\n<p>Ce choix ne doit en tout cas pas plaire \u00e0 Melania Trump. La<br \/>\npremi\u00e8re Dame des \u00c9tats-Unis aurait pr\u00e9f\u00e9r\u00e9 garder son fiston \u00e0 ses<br \/>\nc\u00f4t\u00e9s. C&rsquo;\u00e9tait le cas avant. Lorsqu&rsquo;il \u00e9tudiait \u00e0 la NYU,<br \/>\n<strong>il logeait dans une des Trump tower de Manhattan avec elle<br \/>\n\u00e0 mi-temps,<\/strong> quand elle n&rsquo;\u00e9tait pas \u00e0 Mar-a-Lago.<\/p>\n<p>Comme l&rsquo;avait not\u00e9 <a href=\"https:\/\/www.parismatch.com\/actu\/international\/barron-trump-admis-luniversite-de-new-york-un-choix-confortable-pour-melania-240819\" rel=\"nofollow noopener\" target=\"_blank\"><br \/>\nParis Match<\/a>, d\u00e9j\u00e0 en 2017, <strong>telle une \u00ab\u00a0v\u00e9ritable maman<br \/>\nlouve\u00a0\u00bb,<\/strong> Melania Trump avait retard\u00e9 de cinq mois son<br \/>\nemm\u00e9nagement \u00e0 la Maison-Blanche afin que son fils puisse terminer<br \/>\nson ann\u00e9e scolaire \u00e0 New York. Avec elle, toujours.<\/p>\n","protected":false},"excerpt":{"rendered":"O\u00f9 est pass\u00e9 Barron Trump ? Barron William Trump, 19 ans, n\u00e9 le 20 mars 2006 \u00e0 New&hellip;\n","protected":false},"author":2,"featured_media":159296,"comment_status":"","ping_status":"","sticky":false,"template":"","format":"standard","meta":{"footnotes":""},"categories":[1359],"tags":[548,50637,58,75,59,1011,27,21831,973],"class_list":{"0":"post-372391","1":"post","2":"type-post","3":"status-publish","4":"format-standard","5":"has-post-thumbnail","7":"category-people","8":"tag-article-simple","9":"tag-barron","10":"tag-divertissement","11":"tag-donald-trump","12":"tag-entertainment","13":"tag-fr","14":"tag-france","15":"tag-melania-trump","16":"tag-people"},"share_on_mastodon":{"url":"https:\/\/pubeurope.com\/@fr\/115161649821839372","error":""},"_links":{"self":[{"href":"https:\/\/www.europesays.com\/fr\/wp-json\/wp\/v2\/posts\/372391","targetHints":{"allow":["GET"]}}],"collection":[{"href":"https:\/\/www.europesays.com\/fr\/wp-json\/wp\/v2\/posts"}],"about":[{"href":"https:\/\/www.europesays.com\/fr\/wp-json\/wp\/v2\/types\/post"}],"author":[{"embeddable":true,"href":"https:\/\/www.europesays.com\/fr\/wp-json\/wp\/v2\/users\/2"}],"replies":[{"embeddable":true,"href":"https:\/\/www.europesays.com\/fr\/wp-json\/wp\/v2\/comments?post=372391"}],"version-history":[{"count":0,"href":"https:\/\/www.europesays.com\/fr\/wp-json\/wp\/v2\/posts\/372391\/revisions"}],"wp:featuredmedia":[{"embeddable":true,"href":"https:\/\/www.europesays.com\/fr\/wp-json\/wp\/v2\/media\/159296"}],"wp:attachment":[{"href":"https:\/\/www.europesays.com\/fr\/wp-json\/wp\/v2\/media?parent=372391"}],"wp:term":[{"taxonomy":"category","embeddable":true,"href":"https:\/\/www.europesays.com\/fr\/wp-json\/wp\/v2\/categories?post=372391"},{"taxonomy":"post_tag","embeddable":true,"href":"https:\/\/www.europesays.com\/fr\/wp-json\/wp\/v2\/tags?post=372391"}],"curies":[{"name":"wp","href":"https:\/\/api.w.org\/{rel}","templated":true}]}}