{"id":372394,"date":"2025-09-07T06:42:10","date_gmt":"2025-09-07T06:42:10","guid":{"rendered":"https:\/\/www.europesays.com\/fr\/372394\/"},"modified":"2025-09-07T06:42:10","modified_gmt":"2025-09-07T06:42:10","slug":"la-9%e1%b5%89-edition-les-13-et-14-septembre-au-musee-de-bastia","status":"publish","type":"post","link":"https:\/\/www.europesays.com\/fr\/372394\/","title":{"rendered":"la 9\u1d49 \u00e9dition les 13 et 14 septembre au mus\u00e9e de Bastia"},"content":{"rendered":"<p>\t\t\t\t\t Cette 9\u1d49 \u00e9dition de Libri Mondi n\u2019aura pas \u00e9t\u00e9 de tout repos pour les organisateurs. Si l\u2019annulation \u00e0 la derni\u00e8re minute de deux auteurs (Jean-Baptiste Del Amo et Benjamin Dierstein) leur a donn\u00e9 quelques sueurs froides, le plateau d\u2019\u00e9crivains et de romanciers pr\u00e9sents pendant deux jours au mus\u00e9e de Bastia est \u00e0 la hauteur de l\u2019exigence du festival de rencontres litt\u00e9raires. <\/p>\n<p>Le public retrouvera, les 13 et 14 septembre, l\u2019autrice irlandaise Michelle Gallen, Alexandre Lenot, Dimitri Rouchon-Borie, Nagui Zinet, l\u2019Am\u00e9ricaine Joyce Maynard, ainsi que l\u2019invit\u00e9 de derni\u00e8re minute venu pallier ces d\u00e9fections : l\u2019\u00e9crivain et pol\u00e9miste fran\u00e7ais Pierre Jourde, r\u00e9compens\u00e9 par le prix Renaudot des lyc\u00e9ens en 2005 <\/p>\n<p>S\u00e9bastien Bonifay, l\u2019un des organisateurs de Libri Mondi, annonce la couleur : \u00ab C\u2019est le m\u00eame esprit que depuis neuf ans, c\u2019est un festival sans th\u00e9matique, avec des auteurs et autrices qui viennent de partout. On va retrouver Joyce Maynard qui \u00e9crit depuis longtemps et qui est un grand nom de la litt\u00e9rature am\u00e9ricaine. On a aussi des auteurs pour qui c\u2019est un premier roman comme Nagui Zinet. C\u2019est un m\u00e9lange de tous les styles, on n\u2019a aucun interdit. \u00bb <\/p>\n<p>\u00c0 l\u2019occasion de la pr\u00e9sentation des auteurs, l\u2019\u00e9quipe du festival litt\u00e9raire, S\u00e9bastien Bonifay, B\u00e9n\u00e9dicte Giusti, Caroline Bonifay et Ange-Toussaint Pietrera, d\u00e9taille et met en avant les invit\u00e9s : \u00ab Pour son premier roman (Une trajectoire exemplaire, paru chez Jo\u00eblle Losfeld), Nagui Zinet a r\u00e9ussi \u00e0 se faire une place en contant la d\u00e9ch\u00e9ance absolue mais extr\u00eamement dr\u00f4le de son personnage, avec la capacit\u00e9 de raconter toute une vie en quelques lignes. \u00bb <br \/>Le public de Libri Mondi sera aussi transport\u00e9 dans l\u2019\u0153uvre sociale de l\u2019autrice irlandaise Michelle Gallen : \u00ab Un quotidien banal qui peut nous tenir en haleine sur fond de conflit nord-irlandais. \u00bb <\/p>\n<p>La suite de la programmation est \u00e0 d\u00e9couvrir sur le site internet de Libri Mondi et sur les r\u00e9seaux sociaux. <\/p>\n<p>\u00c0 l\u2019aube de f\u00eater ses 10 ans d\u2019existence, c\u2019est aussi l\u2019occasion de dresser un bilan du festival de rencontres litt\u00e9raires : \u00ab On est content que les gens viennent et qu\u2019ils nous fassent confiance \u00bb, explique S\u00e9bastien Bonifay, l\u2019un des organisateurs de Libri Mondi. Selon lui, Libri Mondi est \u00ab devenu une sorte de label, pour faire d\u00e9couvrir des auteurs et m\u00eame des jeunes auteurs oubli\u00e9s par les m\u00e9dias. \u00bb <br \/>\u00c0 l\u2019avenir, le festival aimerait rayonner un peu plus sur les quartiers sud, notamment en travaillant avec le centre culturel de l\u2019Alboru. <br \/>\u00a0 <br \/><strong>Liste des rencontres au mus\u00e9e de Bastia<\/strong> <\/p>\n<p>\u00a0Samedi 13 septembre 2025 <br \/>16h : Alexandre Lenot <br \/>17h15 : Michelle Gallen <br \/>18h30 : Pierre Jourde <\/p>\n<p>\u00a0Dimanche 14 septembre 2025 <br \/>16h : Nagui Zinet <br \/>17h15 : Dimitri Rouchon-Borie <br \/>18h30 : Joyce Maynard <br \/>\u00a0\n\t\t\t\t <\/p>\n","protected":false},"excerpt":{"rendered":"Cette 9\u1d49 \u00e9dition de Libri Mondi n\u2019aura pas \u00e9t\u00e9 de tout repos pour les organisateurs. Si l\u2019annulation \u00e0&hellip;\n","protected":false},"author":2,"featured_media":372395,"comment_status":"","ping_status":"","sticky":false,"template":"","format":"standard","meta":{"footnotes":""},"categories":[1357],"tags":[5622,50638,50639,5621,1379,11049,2517,11050,11052,50640,50641,58,59,118,50642,1011,27,50643,50644,50645,14914,44630,1380,50646,50647,50648,50649,37338],"class_list":{"0":"post-372394","1":"post","2":"type-post","3":"status-publish","4":"format-standard","5":"has-post-thumbnail","7":"category-livres","8":"tag-ajaccio","9":"tag-alexandre-lenot","10":"tag-auteurs-invites","11":"tag-bastia","12":"tag-books","13":"tag-cni","14":"tag-corse","15":"tag-corse-net-infos","16":"tag-corsica","17":"tag-culture-en-corse","18":"tag-dimitri-rouchon-borie","19":"tag-divertissement","20":"tag-entertainment","21":"tag-faits-divers","22":"tag-festival-litteraire-corse","23":"tag-fr","24":"tag-france","25":"tag-joyce-maynard","26":"tag-libri-mondi","27":"tag-libri-mondi-la-9-edition-les-13-et-14-septembre-au-musee-de-bastia","28":"tag-lingua-corsa","29":"tag-litterature-contemporaine","30":"tag-livres","31":"tag-michelle-gallen","32":"tag-musee-de-bastia","33":"tag-nagui-zinet","34":"tag-pierre-jourde","35":"tag-rentree-litteraire"},"share_on_mastodon":{"url":"https:\/\/pubeurope.com\/@fr\/115161657946033048","error":""},"_links":{"self":[{"href":"https:\/\/www.europesays.com\/fr\/wp-json\/wp\/v2\/posts\/372394","targetHints":{"allow":["GET"]}}],"collection":[{"href":"https:\/\/www.europesays.com\/fr\/wp-json\/wp\/v2\/posts"}],"about":[{"href":"https:\/\/www.europesays.com\/fr\/wp-json\/wp\/v2\/types\/post"}],"author":[{"embeddable":true,"href":"https:\/\/www.europesays.com\/fr\/wp-json\/wp\/v2\/users\/2"}],"replies":[{"embeddable":true,"href":"https:\/\/www.europesays.com\/fr\/wp-json\/wp\/v2\/comments?post=372394"}],"version-history":[{"count":0,"href":"https:\/\/www.europesays.com\/fr\/wp-json\/wp\/v2\/posts\/372394\/revisions"}],"wp:featuredmedia":[{"embeddable":true,"href":"https:\/\/www.europesays.com\/fr\/wp-json\/wp\/v2\/media\/372395"}],"wp:attachment":[{"href":"https:\/\/www.europesays.com\/fr\/wp-json\/wp\/v2\/media?parent=372394"}],"wp:term":[{"taxonomy":"category","embeddable":true,"href":"https:\/\/www.europesays.com\/fr\/wp-json\/wp\/v2\/categories?post=372394"},{"taxonomy":"post_tag","embeddable":true,"href":"https:\/\/www.europesays.com\/fr\/wp-json\/wp\/v2\/tags?post=372394"}],"curies":[{"name":"wp","href":"https:\/\/api.w.org\/{rel}","templated":true}]}}