{"id":372398,"date":"2025-09-07T06:44:26","date_gmt":"2025-09-07T06:44:26","guid":{"rendered":"https:\/\/www.europesays.com\/fr\/372398\/"},"modified":"2025-09-07T06:44:26","modified_gmt":"2025-09-07T06:44:26","slug":"the-smiths-pourquoi-morrissey-veut-il-ceder-tous-ses-interets-commerciaux","status":"publish","type":"post","link":"https:\/\/www.europesays.com\/fr\/372398\/","title":{"rendered":"The Smiths : pourquoi Morrissey veut-il c\u00e9der tous ses int\u00e9r\u00eats commerciaux ?"},"content":{"rendered":"<p>Le leader de The Smiths a annonc\u00e9 qu\u2019il n\u2019avait \u201cd\u2019autre choix\u201d que de vendre ses droits concernant le nom, les illustrations, les chansons, les enregistrements du groupe. Il invoque les tensions qui ne cessent de s\u2019identifier entre Johnny Marr et lui. <\/p>\n<p>\u201cUne \u00e2me \u00e0 vendre\u201d. Mercredi 3 septembre au soir, Morrissey prenait la plume sur les r\u00e9seaux sociaux et sur <a href=\"https:\/\/www.morrisseycentral.com\/messagesfrommorrissey\/a-soul-for-sale\" rel=\"nofollow noopener\" target=\"_blank\">son site internet<\/a> pour annoncer la nouvelle : le leader de <a href=\"https:\/\/www.lesinrocks.com\/musique\/de-the-smiths-a-felt-les-influences-pop-anglaises-derriere-le-nouveau-blood-orange-679285-03-09-2025\/\" rel=\"nofollow noopener\" target=\"_blank\">The Smiths<\/a> \u201cn\u2019a d\u2019autre choix que de proposer \u00e0 la vente tous ses int\u00e9r\u00eats commerciaux\u201d dans son groupe \u201c\u00e0 toute partie int\u00e9ress\u00e9e \/ tout investisseur\u201d. Ce qui signifie qu\u2019il l\u00e8guerait ainsi ses droits concernant : \u201cLe nom \u2018The Smiths\u2019, cr\u00e9\u00e9 par Morrissey\u201d, \u201ctoutes les illustrations de The Smiths, cr\u00e9\u00e9es par <a href=\"https:\/\/www.lesinrocks.com\/musique\/morrissey-sort-lalbum-de-tous-les-contrastes-avec-low-high-school-168670-10-11-2017\/\" rel=\"nofollow noopener\" target=\"_blank\">Morrissey<\/a>\u201d, \u201ctous les droits de commercialisation de The Smiths\u201d, \u201ctoutes les chansons des Smiths, tant au niveau des paroles que de la musique\u201d, \u201ctous les droits de synchronisation\u201d, \u201ctous les enregistrements des Smiths\u201d, \u201ctous les droits contractuels pour l\u2019\u00e9dition des Smiths\u201d, \u00e9num\u00e8re-t-il. <\/p>\n<p>En cause, les frictions entre lui et les autres membres du groupe. \u201cJe suis \u00e9puis\u00e9 par tous mes liens avec Marr, Rourke et Joyce\u201d, justifie-t-il en premier lieu, alors m\u00eame qu\u2019Andy Rourke \u2013 bassiste historique du groupe \u2013 est d\u00e9c\u00e9d\u00e9 en 2023. \u201cJ\u2019en ai assez des associations malveillantes. J\u2019ai consacr\u00e9 toute ma vie \u00e0 ces chansons et \u00e0 ces images. Je souhaite d\u00e9sormais vivre loin de ceux qui ne me souhaitent que du mal et de la destruction, et c\u2019est la seule solution\u201d, poursuit-il. <\/p>\n<p>Et de rench\u00e9rir, inflexible : \u201cCes chansons, c\u2019est moi, elles n\u2019appartiennent \u00e0 personne d\u2019autre, mais elles s\u2019accompagnent de communications commerciales qui vont trop loin pour cr\u00e9er autant de crainte et de m\u00e9chancet\u00e9 ann\u00e9e apr\u00e8s ann\u00e9e. Je dois d\u00e9sormais me prot\u00e9ger, en particulier ma sant\u00e9.\u201d<\/p>\n<p>\u201cTu m\u2019as trouv\u00e9 suffisamment inspirant pour faire de la musique avec moi pendant six ans\u201d<\/p>\n<p>Voil\u00e0 qui s\u2019av\u00e8re \u00eatre la cons\u00e9quence de tensions ne datant pas d\u2019hier. En ao\u00fbt 2024, Morrissey disait avoir accept\u00e9 une tourn\u00e9e \u201clucrative\u201d de The Smiths pour l\u2019ann\u00e9e 2025, regrettant que Johnny Marr ne partage pas le m\u00eame enthousiasme que lui. \u201cEn juin 2024, AEG Entertainment Group a fait une offre all\u00e9chante \u00e0 Morrissey et Marr pour une tourn\u00e9e mondiale sous le nom de \u2018The Smiths\u2019 jusqu\u2019en 2025. Morrissey a accept\u00e9 ; Marr l\u2019a ignor\u00e9e. Morrissey a entam\u00e9 une tourn\u00e9e am\u00e9ricaine \u00e0 guichets ferm\u00e9s en novembre. Marr a continu\u00e9 sa tourn\u00e9e en tant qu\u2019invit\u00e9 sp\u00e9cial de New Order\u201d, \u00e9crivait le musicien sur <a href=\"https:\/\/www.morrisseycentral.com\/messagesfrommorrissey\/war-is-old-art-is-young\" rel=\"nofollow noopener\" target=\"_blank\">son site internet<\/a>.<\/p>\n<p>Plus t\u00f4t encore, en janvier 2022, Morrissey demandait \u00e0 Johnny Marr d\u2019arr\u00eater de mentionner son nom lors de ses interviews, lui adressant <a href=\"https:\/\/www.morrisseycentral.com\/messagesfrommorrissey\/open-letter-to-johnny-marr\" rel=\"nofollow noopener\" target=\"_blank\">une longue lettre ouverte<\/a>. \u201cPourrais-tu plut\u00f4t parler de ta carri\u00e8re, de tes exploits solo et de ta musique ?\u201d, y cinglait-il. Et de rench\u00e9rir, d\u2019une plume assassine : \u201cTu m\u2019as trouv\u00e9 suffisamment inspirant pour faire de la musique avec moi pendant six ans. Si j\u2019\u00e9tais, comme tu le pr\u00e9tends, un monstre aussi horrible, o\u00f9 \u00e9tais-tu exactement ? Kidnapp\u00e9 ? Muet ? Encha\u00een\u00e9 ? Enlev\u00e9 par des extraterrestres louches ? C\u2019est toi qui as jou\u00e9 de la guitare sur Golden Lights, pas moi\u201d.<\/p>\n<p>Johnny Marr n\u2019avait pas tard\u00e9 \u00e0 r\u00e9pondre, cette fois-ci sur X.\u00a0\u201cUne \u2018lettre ouverte\u2019 n\u2019existe plus vraiment depuis 1953. Aujourd\u2019hui, c\u2019est le monde des \u2018r\u00e9seaux sociaux\u2019. M\u00eame Donald Trump l\u2019a compris\u201d, r\u00e9torquait-il. Une punchline sur laquelle le guitariste \u00e9tait revenu dans la presse britannique, \u00e0 l\u2019occasion d\u2019une <a href=\"https:\/\/www.thetimes.com\/culture\/music\/article\/johnny-marr-interview-i-had-to-defend-myself-against-morrissey-dplgx6dcs\" rel=\"nofollow noopener\" target=\"_blank\">interview donn\u00e9e au Times<\/a> : \u201cLorsque vous \u00eates attaqu\u00e9 \u00e0 l\u2019improviste, en particulier en public, vous devez vous d\u00e9fendre\u201d, justifiait-il alors. \u201cLa lettre \u00e9tait cens\u00e9e \u00eatre insultante, n\u2019est-ce pas ? C\u2019\u00e9tait s\u00fbrement l\u2019objectif. Si ce n\u2019est pas fond\u00e9, il faut r\u00e9agir de la m\u00eame mani\u00e8re, c\u2019est-\u00e0-dire par le ridicule.\u201d<\/p>\n<blockquote class=\"twitter-tweet\" data-width=\"500\" data-dnt=\"true\">\n<p lang=\"en\" dir=\"ltr\">Dear <a href=\"https:\/\/twitter.com\/officialmoz?ref_src=twsrc%5Etfw\" rel=\"nofollow noopener\" target=\"_blank\">@officialmoz<\/a> . An \u2018open letter\u2019 hasn\u2019t really been a thing since 1953, It\u2019s all \u2018social media\u2019 now. Even Donald J Trump had that one down. Also, this fake news business\u2026a bit 2021 yeah ?<a href=\"https:\/\/twitter.com\/hashtag\/makingindiegreatagain?src=hash&amp;ref_src=twsrc%5Etfw\" rel=\"nofollow noopener\" target=\"_blank\">#makingindiegreatagain<\/a><\/p>\n<p>\u2014 Johnny Marr (@Johnny_Marr) <a href=\"https:\/\/twitter.com\/Johnny_Marr\/status\/1486269940739244038?ref_src=twsrc%5Etfw\" rel=\"nofollow noopener\" target=\"_blank\">January 26, 2022<\/a><\/p><\/blockquote>\n<p>Morrissey vs Marr, la guerre des ego<\/p>\n<p>Des anicroches qui feraient presque oublier la force de leur \u0153uvre musicale commune : quatre albums compos\u00e9s ensemble \u2013 The Smiths (1984), Meat Is Murder (1985), The Queen Is Dead (1986) et Strangeways, Here We Come (1987) \u2013, fruit de six ans pass\u00e9s ensemble au sein de The Smiths. Si la loyaut\u00e9 est n\u00e9cessaire \u00e0 la survie d\u2019un groupe (ce n\u2019est pas nous qui le disons, mais bien Johnny Marr lui-m\u00eame, dans une interview donn\u00e9e \u00e0 <a href=\"https:\/\/www.uncut.co.uk\/features\/interviews\/johnny-marr-fever-dreams-pts-1-4-album-136802\/\" rel=\"nofollow noopener\" target=\"_blank\">Uncut Magazine<\/a>), sans doute les deux comp\u00e8res ont manqu\u00e9 d\u2019un brin d\u2019humilit\u00e9 et d\u2019empathie pour g\u00e9rer les dysfonctionnements qui ont fait d\u00e9railler leur formation. <\/p>\n<p>\u201cC\u2019est un peu simpliste, mais si j\u2019ai jou\u00e9 dans autant de groupes, c\u2019est notamment parce que je voulais leur \u00eatre fid\u00e8le. Je ne vous surprendrai pas si je dis que je suis tr\u00e8s proche de tous ceux avec qui j\u2019ai travaill\u00e9, sauf d\u2019un, c\u2019est \u00e9vident\u201d, s\u2019\u00e9panchait le guitariste dans cette m\u00eame interview, faisant allusion \u00e0 The Smiths. \u201cEt ce n\u2019est pas si surprenant, car nous sommes si diff\u00e9rents, Morrissey et moi. Mais avec tous ces musiciens diff\u00e9rents, je peux appeler n\u2019importe lequel et reprendre l\u00e0 o\u00f9 nous nous \u00e9tions arr\u00eat\u00e9s.\u201d Pas s\u00fbr que cela puisse \u00eatre le cas pour The Smiths, pourtant l\u2019un des groupes les plus marquant du rock britannique.<\/p>\n<p>                                                            <script async src=\"https:\/\/platform.twitter.com\/widgets.js\" charset=\"utf-8\"><\/script><\/p>\n","protected":false},"excerpt":{"rendered":"Le leader de The Smiths a annonc\u00e9 qu\u2019il n\u2019avait \u201cd\u2019autre choix\u201d que de vendre ses droits concernant le&hellip;\n","protected":false},"author":2,"featured_media":372399,"comment_status":"","ping_status":"","sticky":false,"template":"","format":"standard","meta":{"footnotes":""},"categories":[1355],"tags":[58,59,1011,27,1361,873],"class_list":{"0":"post-372398","1":"post","2":"type-post","3":"status-publish","4":"format-standard","5":"has-post-thumbnail","7":"category-musique","8":"tag-divertissement","9":"tag-entertainment","10":"tag-fr","11":"tag-france","12":"tag-music","13":"tag-musique"},"share_on_mastodon":{"url":"https:\/\/pubeurope.com\/@fr\/115161665576580385","error":""},"_links":{"self":[{"href":"https:\/\/www.europesays.com\/fr\/wp-json\/wp\/v2\/posts\/372398","targetHints":{"allow":["GET"]}}],"collection":[{"href":"https:\/\/www.europesays.com\/fr\/wp-json\/wp\/v2\/posts"}],"about":[{"href":"https:\/\/www.europesays.com\/fr\/wp-json\/wp\/v2\/types\/post"}],"author":[{"embeddable":true,"href":"https:\/\/www.europesays.com\/fr\/wp-json\/wp\/v2\/users\/2"}],"replies":[{"embeddable":true,"href":"https:\/\/www.europesays.com\/fr\/wp-json\/wp\/v2\/comments?post=372398"}],"version-history":[{"count":0,"href":"https:\/\/www.europesays.com\/fr\/wp-json\/wp\/v2\/posts\/372398\/revisions"}],"wp:featuredmedia":[{"embeddable":true,"href":"https:\/\/www.europesays.com\/fr\/wp-json\/wp\/v2\/media\/372399"}],"wp:attachment":[{"href":"https:\/\/www.europesays.com\/fr\/wp-json\/wp\/v2\/media?parent=372398"}],"wp:term":[{"taxonomy":"category","embeddable":true,"href":"https:\/\/www.europesays.com\/fr\/wp-json\/wp\/v2\/categories?post=372398"},{"taxonomy":"post_tag","embeddable":true,"href":"https:\/\/www.europesays.com\/fr\/wp-json\/wp\/v2\/tags?post=372398"}],"curies":[{"name":"wp","href":"https:\/\/api.w.org\/{rel}","templated":true}]}}