{"id":372402,"date":"2025-09-07T06:47:10","date_gmt":"2025-09-07T06:47:10","guid":{"rendered":"https:\/\/www.europesays.com\/fr\/372402\/"},"modified":"2025-09-07T06:47:10","modified_gmt":"2025-09-07T06:47:10","slug":"top-14-cest-un-dossier-assez-complique-ronan-ogara-evoque-le-sujet-will-skelton","status":"publish","type":"post","link":"https:\/\/www.europesays.com\/fr\/372402\/","title":{"rendered":"Top 14 \u2013 \u00ab\u00a0C\u2019est un dossier assez compliqu\u00e9\u00a0\u00bb\u00a0: Ronan O\u2019Gara \u00e9voque le sujet Will Skelton"},"content":{"rendered":"<p>\n                Ronan O\u2019Gara est revenu sur le dossier Will Skelton, rentr\u00e9 en France apr\u00e8s ses deux premiers matchs avec l\u2019Australie au Rugby Championship. Pas align\u00e9 au coup d\u2019envoi, le colosse australien est attendu pour son retour sur les pelouses du Top 14.\n            <\/p>\n<p>Dans une \u00e9quipe o\u00f9 le d\u00e9fi physique est l\u2019atout majeur, ce serait un euph\u00e9misme\u00a0que de dire que l\u2019absence de Will Skelton (2m03 pour 145 kilos) p\u00e8se lourd. Parti jouer le Rugby Championship avec son pays l\u2019Australie, le g\u00e9ant rochelais <strong><a href=\"https:\/\/www.rugbyrama.fr\/2025\/08\/26\/rugby-championship-fin-de-competition-pour-skelton-qui-rentre-a-la-rochelle-12893798.php\" target=\"_self\" rel=\"nofollow noopener\">\u00e9tait attendu pour le d\u00e9but de la saison avec les Maritimes<\/a><\/strong>, il n\u2019en fut rien. Skelton n\u2019\u00e9tait pas pr\u00e9sent sur le terrain de Chaban-Delmas pour affronter l\u2019UBB avec ses co\u00e9quipiers.<\/p>\n<blockquote><p>\nLe plus important pour lui, c\u2019est le repos\n<\/p><\/blockquote>\n<p>Au sortir de la rencontre, la question de son absence et plus globalement de la gestion de son cas \u00e9tait pos\u00e9e au manager du groupe l\u2019Irlandais Ronan O\u2019Gara. S\u2019il est rest\u00e9 \u00e9vasif, il reconna\u00eet n\u00e9anmoins la complexit\u00e9 du dossier. \u00ab\u00a0Oui, on va voir Will bient\u00f4t, commence-t-il avant de marquer une pause. Le plus important pour lui, c\u2019est le repos. J\u2019ai une tr\u00e8s bonne relation avec lui, mais c\u2019est un dossier assez compliqu\u00e9 parce que c\u2019est l\u2019Australie qui garde les cartes en main.\u00a0\u00bb\u00a0Le sujet Skelton n\u2019est donc pas encore clos.<\/p>\n","protected":false},"excerpt":{"rendered":"Ronan O\u2019Gara est revenu sur le dossier Will Skelton, rentr\u00e9 en France apr\u00e8s ses deux premiers matchs avec&hellip;\n","protected":false},"author":2,"featured_media":372403,"comment_status":"","ping_status":"","sticky":false,"template":"","format":"standard","meta":{"footnotes":""},"categories":[9],"tags":[1011,27,60],"class_list":{"0":"post-372402","1":"post","2":"type-post","3":"status-publish","4":"format-standard","5":"has-post-thumbnail","7":"category-sports","8":"tag-fr","9":"tag-france","10":"tag-sports"},"share_on_mastodon":{"url":"https:\/\/pubeurope.com\/@fr\/115161677553782965","error":""},"_links":{"self":[{"href":"https:\/\/www.europesays.com\/fr\/wp-json\/wp\/v2\/posts\/372402","targetHints":{"allow":["GET"]}}],"collection":[{"href":"https:\/\/www.europesays.com\/fr\/wp-json\/wp\/v2\/posts"}],"about":[{"href":"https:\/\/www.europesays.com\/fr\/wp-json\/wp\/v2\/types\/post"}],"author":[{"embeddable":true,"href":"https:\/\/www.europesays.com\/fr\/wp-json\/wp\/v2\/users\/2"}],"replies":[{"embeddable":true,"href":"https:\/\/www.europesays.com\/fr\/wp-json\/wp\/v2\/comments?post=372402"}],"version-history":[{"count":0,"href":"https:\/\/www.europesays.com\/fr\/wp-json\/wp\/v2\/posts\/372402\/revisions"}],"wp:featuredmedia":[{"embeddable":true,"href":"https:\/\/www.europesays.com\/fr\/wp-json\/wp\/v2\/media\/372403"}],"wp:attachment":[{"href":"https:\/\/www.europesays.com\/fr\/wp-json\/wp\/v2\/media?parent=372402"}],"wp:term":[{"taxonomy":"category","embeddable":true,"href":"https:\/\/www.europesays.com\/fr\/wp-json\/wp\/v2\/categories?post=372402"},{"taxonomy":"post_tag","embeddable":true,"href":"https:\/\/www.europesays.com\/fr\/wp-json\/wp\/v2\/tags?post=372402"}],"curies":[{"name":"wp","href":"https:\/\/api.w.org\/{rel}","templated":true}]}}